{"id":66337,"date":"2026-01-19T22:30:11","date_gmt":"2026-01-19T20:30:11","guid":{"rendered":"https:\/\/edublog.educastur.es\/ixuxu\/?p=66337"},"modified":"2026-01-23T11:31:45","modified_gmt":"2026-01-23T09:31:45","slug":"66337","status":"publish","type":"post","link":"https:\/\/edublog.educastur.es\/ixuxu\/2026\/01\/66337\/","title":{"rendered":"Asturies ye Islandia per unos minutos"},"content":{"rendered":"<p>Asturies ye Islandia per unos minutos: <strong>una nube solar ti\u00f1e de collor\u00e1u, verde y mariellu el cielu de la rex\u00f3n<\/strong> coles aurores boreales m\u00e1s impresionantes de los postreros 20 a\u00f1os. \u00abFoi d&#8217;una peralta intensid\u00e1, tou un espect\u00e1culu\u00bb, asegura&#8217;l fot\u00f3grafu de paisaxe <a href=\"https:\/\/x.com\/AlfonsoTomas_1\"><strong>Alfonso Tom\u00e1s<\/strong>:\u00a0 Twitter X<\/a> \/ <a href=\"https:\/\/www.lne.es\/oriente\/2026\/01\/20\/asturias-islandia-minutos-tormenta-solar-125870754.html\">LNE<\/a><\/p>\n<p style=\"text-align: center\"><a href=\"https:\/\/pbs.twimg.com\/media\/G_GD8bIXYAAAema?format=jpg&amp;name=small\"><img loading=\"lazy\" decoding=\"async\" class=\"aligncenter size-large\" src=\"https:\/\/pbs.twimg.com\/media\/G_GD8bIXYAAAema?format=jpg&amp;name=small\" width=\"680\" height=\"454\" \/><\/a><\/p>\n<p>La nube xeomagn\u00e9tica m\u00e1s grande de los postreros 20 a\u00f1os all\u00e1ntanos con una espectacular AURORA BOREAL nel Faru de Lluces (Asturies).<\/p>\n<p><!--more--><\/p>\n<p>\u00abImpresionante, un espect\u00e1culu\u00bb. Asina define&#8217;l fot\u00f3grafu maliay\u00e9s Alfonso Tom\u00e1s, aficion\u00e1u a captar col so c\u00e1mara los bellos paisaxes de la rex\u00f3n, lo qu&#8217;esta pasada nueche pudo ver nel cielu d&#8217;Asturies (y de toa Espa\u00f1a): l&#8217;aurora boreal m\u00e1s intensa de los postreros venti a\u00f1os. Mientres unos pocos minutos, el Princip\u00e1u foi Islandia, Noruega o Finlandia.<\/p>\n<p>\u00abFoi d&#8217;una peralta intensid\u00e1. Dur\u00f3 apenes cinco minutos y depu\u00e9s foi m\u00e1s tenue. Dicen que foi la nube xeomagn\u00e9tica mas fuerte de los postreros 20 a\u00f1os y qu&#8217;inclusive pudo afectar a les comunicaciones. El valor de Kp (mide la intensid\u00e1 de l&#8217;activid\u00e1 xeomagn\u00e9tica) qu&#8217;otres vegaes tuvimos ye de 7 o 8, ente que esta vegada lleg\u00f3 a casi 9. Ello ye que yo qued\u00e9 unos minutos ensin cobertoria nel m\u00f3vil\u00bb, cuenta.<\/p>\n<p style=\"text-align: center\">\n<!-- iframe plugin v.6.0 wordpress.org\/plugins\/iframe\/ -->\n<iframe loading=\"lazy\" src=\"https:\/\/www.facebook.com\/plugins\/video.php?height=315&#038;href=https%3A%2F%2Fwww.facebook.com%2Freel%2F2763765847357106%2F&#038;show_text=false&#038;width=560&#038;t=0\" width=\"560\" height=\"315\" style=\"border:none;overflow:hidden\" scrolling=\"no\" frameborder=\"0\" allowfullscreen=\"true\" allow=\"autoplay; clipboard-write; encrypted-media; picture-in-picture; web-share\" 0=\"\/iframe\" class=\"iframe-class\"><\/iframe>\n<\/p>\n<p><strong>M\u00e1s colores qu&#8217;otres vegaes. <\/strong>La fotograf\u00eda m\u00e1s atanante captada pol so c\u00e1mara foi nel Faru de Lluces, en Llastres (Colunga). Nella ve un cielu non solo pint\u00e1u de rosa, sin\u00f3n de m\u00e1s colores. \u00abNes ocasiones anteriores que vimos aurores boreales n&#8217;Asturies, solo ten\u00eden colores rosaceos. Esta vegada, sicas\u00ed, por cuenta de la intensid\u00e1 de la nube solar, vi\u00e9ronse tami\u00e9n mientres unos intres zones de verdes y mariellos\u00bb, se\u00f1ala.<\/p>\n<p style=\"text-align: center\"><a href=\"https:\/\/estaticos-cdn.prensaiberica.es\/clip\/c330fb07-2a74-42b8-ba33-65d938662a94_source-aspect-ratio_default_0_x470y208.webp\"><img loading=\"lazy\" decoding=\"async\" class=\"aligncenter size-large\" src=\"https:\/\/estaticos-cdn.prensaiberica.es\/clip\/c330fb07-2a74-42b8-ba33-65d938662a94_source-aspect-ratio_default_0_x470y208.webp\" width=\"2000\" height=\"1333\" \/><\/a><\/p>\n<p>Aurora boreal nel Castru de les Gaviluetes, en Villahormes (Llanes)<\/p>\n<p><strong>Boles de fueu<\/strong> Por si fora poco, mientres l&#8217;aurora, vi\u00e9ronse bolidos nel cielu d&#8217;Asturies. \u00abUn b\u00f3lidu ye un meteoru escepcionalmente brillosu, una bola de fueu intenso que crucia&#8217;l cielu, muncho m\u00e1s lluminosa qu&#8217;una estrella fugaz com\u00fan, que puede dexar cercos persistentes y hasta esplotar, produciendo un estrueldu. Asocede cuando un fragmentu predresu del espaciu (un meteoroide) entra a gran velocid\u00e1 na atm\u00f3sfera terrestre, qu\u00e9mase pol resfreg\u00f3n, y se desintegra, anque dacuando los sos restos pueden llegar al suelu\u00bb, esplica esti fot\u00f3grafu aficion\u00e1u a los amaneceres.<\/p>\n<p style=\"text-align: center\"><a href=\"https:\/\/estaticos-cdn.prensaiberica.es\/clip\/5b347d51-8f13-48cc-8227-afca2c21c788_source-aspect-ratio_default_0_x465y206.webp\"><img loading=\"lazy\" decoding=\"async\" class=\"aligncenter size-large\" src=\"https:\/\/estaticos-cdn.prensaiberica.es\/clip\/5b347d51-8f13-48cc-8227-afca2c21c788_source-aspect-ratio_default_0_x465y206.webp\" width=\"2000\" height=\"1333\" \/><\/a><\/p>\n<p>Otra imaxe de l&#8217;aurora boreal nel Castru de les Gaviluetes<\/p>\n<p><strong>Nube solar. <\/strong>Una nube de radiaci\u00f3n solar, clasificada nun nivel cuatro de cinco na escala d&#8217;intensid\u00e1, ta detr\u00e1s d&#8217;esta aurora boreal tan espectacular. \u201cAngua\u00f1o ta en progresu una nube de radiaci\u00f3n solar severa S4; esta ye la mayor nube de radiaci\u00f3n solar en m\u00e1s de 20 a\u00f1os\u201d, comparti\u00f3&#8217;l llunes en X el Centru de Predicci\u00f3n del Clima Espacial del Serviciu Meteorol\u00f3xicu Nacional. \u201cLa \u00faltima vegada que se repararon niveles S4 foi n&#8217;ochobre de 2003. Los efectos potenciales llindase principalmente a llanzamientos espaciales, aviaci\u00f3n y operaciones satelitales\u201d, a\u00f1edi\u00f3 nel mensaxe.<\/p>\n<p style=\"text-align: center\"><a href=\"https:\/\/estaticos-cdn.prensaiberica.es\/clip\/90dce4e1-efbc-4ffa-aece-e25ff83dfeb5_16-9-aspect-ratio_default_0_x416y154.jpg\"><img loading=\"lazy\" decoding=\"async\" class=\"aligncenter size-large\" src=\"https:\/\/estaticos-cdn.prensaiberica.es\/clip\/90dce4e1-efbc-4ffa-aece-e25ff83dfeb5_16-9-aspect-ratio_default_0_x416y154.jpg\" width=\"880\" height=\"495\" \/><\/a><\/p>\n<p style=\"text-align: center\">Asina se vio dende Ayande la impresionante aurora boreal<br \/>\nque ti\u00f1\u00f3 de collor\u00e1u&#8217;l cielu asturianu \/Ayande Stars.<\/p>\n<p>El deleg\u00e1u de l&#8217;Aemet n&#8217;Asturies, \u00c1ngel G\u00f3mez, esplicar asina: \u00abHai una nube xeomagn\u00e9tica por cuenta de la llegada de vientu solar con alta concentraci\u00f3n de part\u00edcules cargaes el\u00e9ctricamente bien enerx\u00e9tiques, por cuenta d&#8217;una eyecci\u00f3n de masa coronal nel Sol. Felicid\u00e1 eyecci\u00f3n de masa coronal tuvo llugar nel Sol el 18 de xineru a les 20.00 hores aprosimao, pero ll\u00e9va-y tiempu llegar hasta la Tierra viaxando pel espaciu interplanetariu\u00bb.<\/p>\n<p style=\"text-align: center\"><a href=\"https:\/\/estaticos-cdn.prensaiberica.es\/clip\/183b86ca-2a7e-4168-bb37-e29a05374739_source-aspect-ratio_default_0_x800y400.webp\"><img loading=\"lazy\" decoding=\"async\" class=\"aligncenter size-large\" src=\"https:\/\/estaticos-cdn.prensaiberica.es\/clip\/183b86ca-2a7e-4168-bb37-e29a05374739_source-aspect-ratio_default_0_x800y400.webp\" width=\"1600\" height=\"1200\" \/><\/a><\/p>\n<p style=\"text-align: center\"><em>L&#8217;aurora boreal vista dende Ayande L&#8217;aurora boreal<\/em><br \/>\n<em>vista dende Ayande \/ Luc\u00eda Rodr\u00edguez\/ Ayande Stars<\/em><\/p>\n<p><strong>Y qu\u00e9 son les aurores boreales. <\/strong>\u00abEl campu magn\u00e9tico terrestre\u00bb, sigue, \u00abprot\u00e9xenos de les part\u00edcules de vientu solar, pero mientres les nubes xeomagn\u00e9ticas munches d&#8217;elles son capaces de llegar a l&#8217;alta atm\u00f3sfera de la Tierra nes proximidaes de los polos magn\u00e9ticos, y al topetar colos \u00e1tomos de l&#8217;alta atm\u00f3sfera terrestre, em\u00edtese lluz visible, que ye lo que vemos como aurores boreales\u00bb.<\/p>\n<p>\u00abMientres les nubes xeomagn\u00e9ticas les aurores boleares son muncho m\u00e1s intenses y estenses, y pueden vese dende llatit\u00faes m\u00e1s allo\u00f1aes de los polos terrestres. Nesos casos, dende Espa\u00f1a pueden vese nel horizonte (en llugares allo\u00f1aos de toa contaminaci\u00f3n llum\u00ednica y sobremanera usando xuna c\u00e1mara fotogr\u00e1fica con muncho tiempu d&#8217;esposici\u00f3n) escontra&#8217;l norte. L&#8217;aurora boreal nun ta sobre Espa\u00f1a pero s\u00ed puede llegase a ver la parte m\u00e1s alta d&#8217;estes aurores (a pocos cientos de kms d&#8217;altit\u00fa) a bien de distancia escontra&#8217;l norte\u00bb, remata.<\/p>\n<p style=\"text-align: center\">\n<!-- iframe plugin v.6.0 wordpress.org\/plugins\/iframe\/ -->\n<iframe loading=\"lazy\" src=\"https:\/\/www.facebook.com\/plugins\/post.php?href=https%3A%2F%2Fwww.facebook.com%2Fphoto.php%3Ffbid%3D1501836141300204%26set%3Da.212088163608348%26type%3D3&#038;show_text=false&#038;width=500\" width=\"500\" height=\"767\" style=\"border:none;overflow:hidden\" scrolling=\"no\" frameborder=\"0\" allowfullscreen=\"true\" allow=\"autoplay; clipboard-write; encrypted-media; picture-in-picture; web-share\" 0=\"\/iframe\" class=\"iframe-class\"><\/iframe>\n<\/p>\n<div class=\"html-div xdj266r x14z9mp xat24cr x1lziwak xexx8yu xyri2b x18d9i69 x1c1uobl x1iyjqo2 xeuugli\">\n<div class=\"x78zum5 xdt5ytf xz62fqu x16ldp7u\">\n<div class=\"xu06os2 x1ok221b\">\n<div class=\"html-div xdj266r x14z9mp xat24cr x1lziwak xexx8yu xyri2b x18d9i69 x1c1uobl\" data-ad-rendering-role=\"profile_name\">\n<ul>\n<li class=\"html-h3 x14z9mp xat24cr x1lziwak xexx8yu xyri2b x18d9i69 x1c1uobl x1vvkbs x1heor9g x1qlqyl8 x1pd3egz x1a2a7pz x1gslohp x1yc453h\"><span class=\"x78zum5 x1q0g3np\"><span class=\"x1lliihq x6ikm8r x10wlt62 x1n2onr6 xlyipyv xuxw1ft\"><span class=\"xt0psk2\"><span class=\"xjp7ctv\"><a class=\"x1i10hfl xjbqb8w x1ejq31n x18oe1m7 x1sy0etr xstzfhl x972fbf x10w94by x1qhh985 x14e42zd x9f619 x1ypdohk xt0psk2 x3ct3a4 xdj266r x14z9mp xat24cr x1lziwak xexx8yu xyri2b x18d9i69 x1c1uobl x16tdsg8 x1hl2dhg xggy1nq x1a2a7pz xkrqix3 x1sur9pj xzsf02u x1s688f\" role=\"link\" href=\"https:\/\/www.facebook.com\/Photoglendor?__cft__[0]=AZZ83ZZLbIVO7AGZgIM2rqsbNScNlMu5b4YYCYChok_5me2ZcEgkCIaQBHB50zIHIp5INUZ1PlZlcJM1_u7WvGdcCKrVxT53_GPMHOvKdrbujmgcwGJigKcNTwitN-b8jb568wTzeWjpGtm9qglMbsnLKdJz9x3myl-w0dBqNbGISw&amp;__tn__=-UC%2CP-R\"><b class=\"html-b xdj266r x14z9mp xat24cr x1lziwak xexx8yu xyri2b x18d9i69 x1c1uobl x1hl2dhg x16tdsg8 x1vvkbs x1s688f\"><span class=\"html-span xdj266r x14z9mp xat24cr x1lziwak xexx8yu xyri2b x18d9i69 x1c1uobl x1hl2dhg x16tdsg8 x1vvkbs\">Glendor &#8211; Fine art photography<\/span><\/b><\/a><\/span><\/span><\/span><\/span>\/<span class=\"html-span xdj266r x14z9mp xat24cr x1lziwak xexx8yu xyri2b x18d9i69 x1c1uobl x1hl2dhg x16tdsg8 x1vvkbs\"><a class=\"x1i10hfl xjbqb8w x1ejq31n x18oe1m7 x1sy0etr xstzfhl x972fbf x10w94by x1qhh985 x14e42zd x9f619 x1ypdohk xt0psk2 x3ct3a4 xdj266r x14z9mp xat24cr x1lziwak xexx8yu xyri2b x18d9i69 x1c1uobl x16tdsg8 x1hl2dhg xggy1nq x1a2a7pz xkrqix3 x1sur9pj x1fey0fg x1s688f\" role=\"link\" href=\"https:\/\/l.facebook.com\/l.php?u=http%3A%2F%2Fwww.mientrastudormias.es%2F%3Ffbclid%3DIwZXh0bgNhZW0CMTAAYnJpZBEwamF1bjMyU0VpdDFwSEVvRHNydGMGYXBwX2lkEDIyMjAzOTE3ODgyMDA4OTIAAR6ZQQSGESKwo3jIwvynFpS-9QweNuFIUKne-mFSKE19LoMVINB0X2WXGbgywg_aem_jWB06X6wgFHfNckU_SHURg&amp;h=AT0oFqbyajXEGUDDrlqT7GYNBvzq42pVNmgwdoTchy5eUxHCPU2jOnVqKhjmeJwa1eMlO9GNHMdeEVkkQVzGT5XKKR0Vn8e-mo8Jyhji5kkIghBg1oe0VM_834s7X8K7DxBjeRXtVshyMw&amp;__tn__=-UK-R&amp;c[0]=AT1QIKsB0_iHNIspxs53MGOFf5d3qTzZIDw10x30dNU1nxtPE478rjzH36qx1SowFQ8hdb1X6g1CAKFmwT-TQkGjw2SxRgGR0TJ7YsFrahSLGZFenrtCySvrUA40bHjonywqNoIheSl7j9aQGY5QNTtPRMIHih4s5-ZqWkSXlDbjZd9aOZ8yRnsCP3odDCg\" target=\"_blank\" rel=\"nofollow noopener noreferrer\">www.mientrastudormias.es<\/a><\/span><\/li>\n<\/ul>\n<p>La nueche del 19 de xineru de 2026, Asturies vivi\u00f3 un fen\u00f3menu hist\u00f3ricu: la mayor nube solar en 22 a\u00f1os <strong>ti\u00f1\u00f3 el cielu de collor\u00e1u, verde y mariellu.<\/strong> Estes imaxes, prindaes na mari\u00f1a de Llanes, amuesen la intensid\u00e1 de les aurores boreales que tresformaron el nuesu paisaxe nun espect\u00e1culu celeste. Un regalu de la naturaleza que convierte a Asturies, per unes hores, na nueva Islandia.<\/p>\n<p style=\"text-align: center\">\n<!-- iframe plugin v.6.0 wordpress.org\/plugins\/iframe\/ -->\n<iframe loading=\"lazy\" src=\"https:\/\/www.facebook.com\/plugins\/post.php?href=https%3A%2F%2Fwww.facebook.com%2Fphoto.php%3Ffbid%3D1554500509722645%26set%3Da.196101885562521%26type%3D3&#038;show_text=false&#038;width=500\" width=\"500\" height=\"754\" style=\"border:none;overflow:hidden\" scrolling=\"no\" frameborder=\"0\" allowfullscreen=\"true\" allow=\"autoplay; clipboard-write; encrypted-media; picture-in-picture; web-share\" 0=\"\/iframe\" class=\"iframe-class\"><\/iframe>\n<\/p>\n<\/div>\n<\/div>\n<\/div>\n<\/div>\n","protected":false},"excerpt":{"rendered":"<p>Asturies ye Islandia per unos minutos: una nube solar ti\u00f1e de collor\u00e1u, verde y mariellu el cielu de la rex\u00f3n coles aurores boreales m\u00e1s impresionantes de los postreros 20 a\u00f1os. \u00abFoi d&#8217;una peralta intensid\u00e1, tou un espect\u00e1culu\u00bb, asegura&#8217;l fot\u00f3grafu de paisaxe Alfonso Tom\u00e1s:\u00a0 Twitter X \/ LNE La nube xeomagn\u00e9tica m\u00e1s grande de los postreros [&hellip;]<\/p>\n","protected":false},"author":117,"featured_media":0,"comment_status":"closed","ping_status":"closed","sticky":false,"template":"","format":"standard","meta":{"footnotes":""},"categories":[223,17],"tags":[],"class_list":["post-66337","post","type-post","status-publish","format-standard","hentry","category-astronomia","category-semeyes"],"_links":{"self":[{"href":"https:\/\/edublog.educastur.es\/ixuxu\/wp-json\/wp\/v2\/posts\/66337","targetHints":{"allow":["GET"]}}],"collection":[{"href":"https:\/\/edublog.educastur.es\/ixuxu\/wp-json\/wp\/v2\/posts"}],"about":[{"href":"https:\/\/edublog.educastur.es\/ixuxu\/wp-json\/wp\/v2\/types\/post"}],"author":[{"embeddable":true,"href":"https:\/\/edublog.educastur.es\/ixuxu\/wp-json\/wp\/v2\/users\/117"}],"replies":[{"embeddable":true,"href":"https:\/\/edublog.educastur.es\/ixuxu\/wp-json\/wp\/v2\/comments?post=66337"}],"version-history":[{"count":11,"href":"https:\/\/edublog.educastur.es\/ixuxu\/wp-json\/wp\/v2\/posts\/66337\/revisions"}],"predecessor-version":[{"id":66340,"href":"https:\/\/edublog.educastur.es\/ixuxu\/wp-json\/wp\/v2\/posts\/66337\/revisions\/66340"}],"wp:attachment":[{"href":"https:\/\/edublog.educastur.es\/ixuxu\/wp-json\/wp\/v2\/media?parent=66337"}],"wp:term":[{"taxonomy":"category","embeddable":true,"href":"https:\/\/edublog.educastur.es\/ixuxu\/wp-json\/wp\/v2\/categories?post=66337"},{"taxonomy":"post_tag","embeddable":true,"href":"https:\/\/edublog.educastur.es\/ixuxu\/wp-json\/wp\/v2\/tags?post=66337"}],"curies":[{"name":"wp","href":"https:\/\/api.w.org\/{rel}","templated":true}]}}