{"id":66341,"date":"2026-01-20T15:35:22","date_gmt":"2026-01-20T13:35:22","guid":{"rendered":"https:\/\/edublog.educastur.es\/ixuxu\/?p=66341"},"modified":"2026-01-22T13:24:24","modified_gmt":"2026-01-22T11:24:24","slug":"66341","status":"publish","type":"post","link":"https:\/\/edublog.educastur.es\/ixuxu\/2026\/01\/66341\/","title":{"rendered":"Tapia de Casariegu da la bienvenida a Maixeira 2026"},"content":{"rendered":"<p style=\"text-align: center\"><span class=\"x193iq5w xeuugli x13faqbe x1vvkbs xt0psk2 x1i0vuye xvs91rp xo1l8bm x5n08af x10wh9bi xpm28yp x8viiok x1o7cslx x126k92a\"><span class=\"html-span xexx8yu x4uap5 x18d9i69 xkhd6sd x1hl2dhg x16tdsg8 x1vvkbs x3nfvp2 x1j61x8r x1fcty0u xdj266r xat24cr xgzva0m xhhsvwb xxymvpz xlup9mm x1kky2od\">\n<!-- iframe plugin v.6.0 wordpress.org\/plugins\/iframe\/ -->\n<iframe loading=\"lazy\" src=\"https:\/\/www.instagram.com\/reel\/DTusjm4DYsU\/embed\" width=\"500\" height=\"645\" 0=\"\/iframe\" scrolling=\"yes\" class=\"iframe-class\" frameborder=\"0\"><\/iframe>\n<\/span><\/span><\/p>\n<div class=\"xsag5q8 x2vl965 x1onr9mi\">\n<div class=\"x6s0dn4 x78zum5 x1q0g3np x1nhvcw1 xh8yej3\">\n<div class=\"html-div xdj266r x14z9mp xat24cr x1lziwak xexx8yu xyri2b x18d9i69 x1c1uobl x9f619 xjbqb8w x78zum5 x15mokao x1ga7v0g x16uus16 xbiv7yw x1uhb9sk x1plvlek xryxfnj x1iyjqo2 x2lwn1j xeuugli x1q0g3np xqjyukv x6s0dn4 x1oa3qoh x1nhvcw1\">\n<div class=\"html-div xdj266r x14z9mp xat24cr x1lziwak xexx8yu xyri2b x18d9i69 x1c1uobl x9f619 xjbqb8w x78zum5 x15mokao x1ga7v0g x16uus16 xbiv7yw x1n2onr6 x1plvlek xryxfnj x1iyjqo2 x2lwn1j xeuugli xdt5ytf xqjyukv x1qjc9v5 x1oa3qoh xl56j7k\">\n<div class=\"html-div xdj266r x14z9mp xat24cr x1lziwak xexx8yu xyri2b x18d9i69 x1c1uobl x9f619 xjbqb8w x78zum5 x15mokao x1ga7v0g x16uus16 xbiv7yw x1uhb9sk x1plvlek xryxfnj x1c4vz4f x2lah0s x1q0g3np xqjyukv x6s0dn4 x1oa3qoh x1qughib\">\n<div class=\"html-div xdj266r x14z9mp xat24cr x1lziwak xexx8yu xyri2b x18d9i69 x1c1uobl x9f619 xjbqb8w x78zum5 x15mokao x1ga7v0g x16uus16 xbiv7yw x1uhb9sk x1plvlek xryxfnj x1iyjqo2 x2lwn1j xeuugli xdt5ytf xqjyukv x1qjc9v5 x1oa3qoh x1nhvcw1\">\n<div class=\"html-div xdj266r x14z9mp xat24cr x1lziwak xexx8yu xyri2b x18d9i69 x1c1uobl x9f619 xjbqb8w x78zum5 x15mokao x1ga7v0g x16uus16 xbiv7yw x1uhb9sk x1plvlek xryxfnj x1c4vz4f x2lah0s x1q0g3np xqjyukv x6s0dn4 x1oa3qoh x1nhvcw1\">\n<div>\n<div class=\"html-div xdj266r x14z9mp xat24cr x1lziwak xexx8yu xyri2b x18d9i69 x1c1uobl x9f619 xjbqb8w x78zum5 x15mokao x1ga7v0g x16uus16 xbiv7yw x1uhb9sk x1plvlek xryxfnj x1c4vz4f x2lah0s x1q0g3np xqjyukv x6s0dn4 x1oa3qoh x1nhvcw1\">\n<div>\n<div class=\"html-div xdj266r x14z9mp xat24cr x1lziwak xexx8yu xyri2b x18d9i69 x1c1uobl x9f619 xjbqb8w x1rg5ohu x15mokao x1ga7v0g x16uus16 xbiv7yw x1uhb9sk x1plvlek xryxfnj x1c4vz4f x2lah0s x1oa3qoh\"><\/div>\n<\/div>\n<\/div>\n<\/div>\n<\/div>\n<\/div>\n<\/div>\n<\/div>\n<\/div>\n<\/div>\n<\/div>\n<div class=\"x1n2onr6\">\n<div class=\"x6s0dn4 xyzq4qe x78zum5 xdt5ytf x2lah0s xl56j7k x1n2onr6 x5ur3kl x6usi7g x1bs97v6 x18dxpii x13fuv20 x18b5jzi x1q0q8m5 x1t7ytsu x178xt8z x1lun4ml xso031l xpilrb4 x1i5p2am x1whfx0g xr2y4jy x1ihp6rs x6ikm8r x10wlt62\">\n<div class=\"x1qjc9v5 x972fbf x10w94by x1qhh985 x14e42zd x9f619 x78zum5 xdt5ytf x2lah0s xk390pu xdj266r x14z9mp xat24cr x1lziwak xexx8yu xyri2b x18d9i69 x1c1uobl x1n2onr6 xggy1nq x11njtxf\" role=\"button\" aria-hidden=\"true\">\n<div class=\"x1n2onr6\">\n<div class=\"x1iyjqo2\">\n<div class=\"x1qjc9v5 x972fbf x10w94by x1qhh985 x14e42zd x9f619 x78zum5 xdt5ytf x2lah0s x1o0tod xdj266r x14z9mp xat24cr x1lziwak xexx8yu xyri2b x18d9i69 x1c1uobl x1n2onr6 x13vifvy x11njtxf\">\n<div class=\"x1lliihq x1n2onr6\">\n<div class=\"html-div xdj266r x14z9mp xat24cr x1lziwak xexx8yu xyri2b x18d9i69 x1c1uobl x9f619 xjbqb8w x78zum5 x15mokao x1ga7v0g x16uus16 xbiv7yw x10l6tqk x1ey2m1c x13vifvy x1o0tod xtijo5x x1plvlek xryxfnj x1c4vz4f x2lah0s xdt5ytf xqjyukv x1qjc9v5 x1oa3qoh x1nhvcw1\">\n<div class=\"x1qjc9v5 x9f619 x78zum5 xdt5ytf xln7xf2 xk390pu x5yr21d x1n2onr6 x11njtxf xh8yej3\">\n<div class=\"x1qjc9v5 x78zum5 x1q0g3np x5yr21d xw2csxc x10wlt62 x1n2onr6 x1rohswg xfk6m8\" role=\"presentation\">\n<div class=\"x1qjc9v5 x9f619 x78zum5 x1q0g3np xln7xf2 xk390pu x5yr21d x1n2onr6 x11njtxf\">\n<div class=\"x1i10hfl\">\n<div class=\"_aagu\">\n<div class=\"_aagv\">\ud83c\udf3d Tapia de Casariegu da la bienvenida a <a class=\"x1i10hfl xjbqb8w x1ejq31n x18oe1m7 x1sy0etr xstzfhl x972fbf x10w94by x1qhh985 x14e42zd x9f619 x1ypdohk xt0psk2 x3ct3a4 xdj266r x14z9mp xat24cr x1lziwak xexx8yu xyri2b x18d9i69 x1c1uobl x16tdsg8 x1hl2dhg xggy1nq x1a2a7pz _aa9_ _a6hd\" role=\"link\" href=\"https:\/\/www.instagram.com\/explore\/tags\/maixeira\/\">#Maixeira<\/a> 2026 \ud83c\udf3dUn nuevo\u00a0<a class=\"x1i10hfl xjbqb8w x1ejq31n x18oe1m7 x1sy0etr xstzfhl x972fbf x10w94by x1qhh985 x14e42zd x9f619 x1ypdohk xt0psk2 x3ct3a4 xdj266r x14z9mp xat24cr x1lziwak xexx8yu xyri2b x18d9i69 x1c1uobl x16tdsg8 x1hl2dhg xggy1nq x1a2a7pz _aa9_ _a6hd\" role=\"link\" href=\"https:\/\/www.instagram.com\/explore\/tags\/festival\/\">#festival<\/a> naz nel Occidente asturianu como puntu d&#8217;alcuentru ente historia, territoriu y comunidad \ud83e\udd1d\ud83d\udccd Tapia de Casariegu.\/ \ud83d\uddd3\ufe0f Del 30 de xineru al 1 de febreru.<\/div>\n<div><\/div>\n<\/div>\n<\/div>\n<\/div>\n<\/div>\n<\/div>\n<\/div>\n<\/div>\n<\/div>\n<\/div>\n<\/div>\n<\/div>\n<\/div>\n<\/div>\n<p><!--more--><\/p>\n<div class=\"x1lliihq x1n2onr6 x1g0dm76 xpdmqnj\">\n<div class=\"xvbhtw8 x78zum5 xdt5ytf x5yr21d x1n2onr6\">\n<div class=\"html-div xdj266r x14z9mp xat24cr x1lziwak xexx8yu xyri2b x18d9i69 x1c1uobl x9f619 xjbqb8w x1rg5ohu x15mokao x1ga7v0g x16uus16 xbiv7yw x1uhb9sk x1plvlek xryxfnj x1c4vz4f x2lah0s x1oa3qoh x193iq5w\">\n<div><span class=\"_ap3a _aaco _aacu _aacx _aad7 _aade\" dir=\"auto\"><span class=\"_ap3a _aaco _aacu _aacx _aad7 _aade\" dir=\"auto\"><br \/>\nEsti inviernu llega Maixeira 2026, una nueva propuesta <a class=\"x1i10hfl xjbqb8w x1ejq31n x18oe1m7 x1sy0etr xstzfhl x972fbf x10w94by x1qhh985 x14e42zd x9f619 x1ypdohk xt0psk2 x3ct3a4 xdj266r x14z9mp xat24cr x1lziwak xexx8yu xyri2b x18d9i69 x1c1uobl x16tdsg8 x1hl2dhg xggy1nq x1a2a7pz _aa9_ _a6hd\" role=\"link\" href=\"https:\/\/www.instagram.com\/explore\/tags\/cultural\/\">#cultural<\/a> y tur\u00edstica que convida a mirar alredor la nuesa historia dende&#8217;l presente, tomando como filu conductor un elemento tan cotidiano como decisivu: el ma\u00edz \ud83c\udf3e<\/span><\/span>El festival s&#8217;enmarca nel Plan de Sostenibilidad Tur\u00edstica en Destino del CEDER Navia-Porc\u00eda, col oxetivu de poner en valor el Parque Hist\u00f3rico del Navia dende una perspectiva cultural, participativa y profundamente lligada a la identid\u00e1 rural \ud83c\udf0d<a class=\"x1i10hfl xjbqb8w x1ejq31n x18oe1m7 x1sy0etr xstzfhl x972fbf x10w94by x1qhh985 x14e42zd x9f619 x1ypdohk xt0psk2 x3ct3a4 xdj266r x14z9mp xat24cr x1lziwak xexx8yu xyri2b x18d9i69 x1c1uobl x16tdsg8 x1hl2dhg xggy1nq x1a2a7pz notranslate _a6hd\" role=\"link\" href=\"https:\/\/www.instagram.com\/tierradelmaiz_maixeira\/\">@tierradelmaiz_maixeira<\/a> naz asina como un proyectu que conecta pasau y presente, entendiendo la cultura como una ferramienta para facer comunid\u00e1 \ud83d\udc9b Am\u00e1s, conc\u00edbese como un festival itinerante, pens\u00e1u para recorrer distintos puntos del <a class=\"x1i10hfl xjbqb8w x1ejq31n x18oe1m7 x1sy0etr xstzfhl x972fbf x10w94by x1qhh985 x14e42zd x9f619 x1ypdohk xt0psk2 x3ct3a4 xdj266r x14z9mp xat24cr x1lziwak xexx8yu xyri2b x18d9i69 x1c1uobl x16tdsg8 x1hl2dhg xggy1nq x1a2a7pz _aa9_ _a6hd\" role=\"link\" href=\"https:\/\/www.instagram.com\/explore\/tags\/territorio\/\">#territorio<\/a> en futures ediciones.\ud83d\udc49 Durante tr\u00e9s d\u00edas vas poder esfrutar d&#8217;una programaci\u00f3n diversa con: \u00b7 M\u00fasica en directo \ud83c\udfb5\u00b7 Artesan\u00eda en vivo \ud83e\uddf6\u00b7 Visites guiaes \ud83d\uddfa\ufe0f\u00b7 Actividaes culturales pa tolos p\u00fablicos \ud83d\udc68\u200d\ud83d\udc69\u200d\ud83d\udc67\u200d\ud83d\udc66.La memoria, la cooperaci\u00f3n y la cultura del territoriu danse la mano, mirando al futuru ensin renunciar a los raiga\u00f1os \ud83c\udf31<a class=\"x1i10hfl xjbqb8w x1ejq31n x18oe1m7 x1sy0etr xstzfhl x972fbf x10w94by x1qhh985 x14e42zd x9f619 x1ypdohk xt0psk2 x3ct3a4 xdj266r x14z9mp xat24cr x1lziwak xexx8yu xyri2b x18d9i69 x1c1uobl x16tdsg8 x1hl2dhg xggy1nq x1a2a7pz _aa9_ _a6hd\" role=\"link\" href=\"https:\/\/www.instagram.com\/explore\/tags\/occidentedeasturias\/\">#occidentedeasturias<\/a>\u00a0<a class=\"x1i10hfl xjbqb8w x1ejq31n x18oe1m7 x1sy0etr xstzfhl x972fbf x10w94by x1qhh985 x14e42zd x9f619 x1ypdohk xt0psk2 x3ct3a4 xdj266r x14z9mp xat24cr x1lziwak xexx8yu xyri2b x18d9i69 x1c1uobl x16tdsg8 x1hl2dhg xggy1nq x1a2a7pz _aa9_ _a6hd\" role=\"link\" href=\"https:\/\/www.instagram.com\/explore\/tags\/asturias\/\">#asturias<\/a><\/div>\n<\/div>\n<\/div>\n<\/div>\n","protected":false},"excerpt":{"rendered":"<p>\ud83c\udf3d Tapia de Casariegu da la bienvenida a #Maixeira 2026 \ud83c\udf3dUn nuevo\u00a0#festival naz nel Occidente asturianu como puntu d&#8217;alcuentru ente historia, territoriu y comunidad \ud83e\udd1d\ud83d\udccd Tapia de Casariegu.\/ \ud83d\uddd3\ufe0f Del 30 de xineru al 1 de febreru.<\/p>\n","protected":false},"author":117,"featured_media":0,"comment_status":"closed","ping_status":"closed","sticky":false,"template":"","format":"standard","meta":{"footnotes":""},"categories":[204,495],"tags":[],"class_list":["post-66341","post","type-post","status-publish","format-standard","hentry","category-festivales","category-maixeira-maiz"],"_links":{"self":[{"href":"https:\/\/edublog.educastur.es\/ixuxu\/wp-json\/wp\/v2\/posts\/66341","targetHints":{"allow":["GET"]}}],"collection":[{"href":"https:\/\/edublog.educastur.es\/ixuxu\/wp-json\/wp\/v2\/posts"}],"about":[{"href":"https:\/\/edublog.educastur.es\/ixuxu\/wp-json\/wp\/v2\/types\/post"}],"author":[{"embeddable":true,"href":"https:\/\/edublog.educastur.es\/ixuxu\/wp-json\/wp\/v2\/users\/117"}],"replies":[{"embeddable":true,"href":"https:\/\/edublog.educastur.es\/ixuxu\/wp-json\/wp\/v2\/comments?post=66341"}],"version-history":[{"count":7,"href":"https:\/\/edublog.educastur.es\/ixuxu\/wp-json\/wp\/v2\/posts\/66341\/revisions"}],"predecessor-version":[{"id":66354,"href":"https:\/\/edublog.educastur.es\/ixuxu\/wp-json\/wp\/v2\/posts\/66341\/revisions\/66354"}],"wp:attachment":[{"href":"https:\/\/edublog.educastur.es\/ixuxu\/wp-json\/wp\/v2\/media?parent=66341"}],"wp:term":[{"taxonomy":"category","embeddable":true,"href":"https:\/\/edublog.educastur.es\/ixuxu\/wp-json\/wp\/v2\/categories?post=66341"},{"taxonomy":"post_tag","embeddable":true,"href":"https:\/\/edublog.educastur.es\/ixuxu\/wp-json\/wp\/v2\/tags?post=66341"}],"curies":[{"name":"wp","href":"https:\/\/api.w.org\/{rel}","templated":true}]}}