{"id":66355,"date":"2026-01-21T08:30:27","date_gmt":"2026-01-21T06:30:27","guid":{"rendered":"https:\/\/edublog.educastur.es\/ixuxu\/?p=66355"},"modified":"2026-01-21T10:29:01","modified_gmt":"2026-01-21T08:29:01","slug":"el-tiempu-el-comercio-240","status":"publish","type":"post","link":"https:\/\/edublog.educastur.es\/ixuxu\/2026\/01\/el-tiempu-el-comercio-240\/","title":{"rendered":"El tiempu (El Comercio)"},"content":{"rendered":"<p style=\"text-align: center\"><a href=\"https:\/\/s3.ppllstatics.com\/elcomercio\/www\/multimedia\/2026\/01\/20\/prevision-tiempo-asturias-kyjE-U2302588077118HVD-1200x870@El%20Comercio.jpg\"><img loading=\"lazy\" decoding=\"async\" class=\"aligncenter size-large\" src=\"https:\/\/s3.ppllstatics.com\/elcomercio\/www\/multimedia\/2026\/01\/20\/prevision-tiempo-asturias-kyjE-U2302588077118HVD-1200x870@El%20Comercio.jpg\" width=\"1200\" height=\"870\" \/><\/a><\/p>\n<p>Esperamos un d\u00eda marc\u00e1u polos fuertes vientos de suroeste. Les raches m\u00e1s altes van rexistrase, am\u00e1s d&#8217;en la mari\u00f1a, en zones altes del sector oeste y, sobremanera, nel cordal. L&#8217;Axencia Estatal de Meteorolox\u00eda va caltener activ\u00e1u l&#8217;avisu mariellu hasta les 18:00 hores nel cordal por fuertes vientos d&#8217;hasta 90 km\/h. Asina tou, los modelos meteorol\u00f3xicos indiquen que podr\u00eden llegar a superase los 90 km\/h nos cumes m\u00e1s altos.<\/p>\n<p><!--more--><\/p>\n<p>Tami\u00e9n destaca la situaci\u00f3n mar\u00edtima. Va tar activ\u00e1u l&#8217;avisu mariellu per parte de l&#8217;AEMET hasta les 16:00 hores de la tarde por foles d&#8217;hasta 5 metros y, a partir d&#8217;esa hora, l&#8217;avisu va pasar a nivel naranxa por posibles foles d&#8217;hasta 7 metros d&#8217;altor. Nun se refuga que na mari\u00f1a pu\u00e9danse tami\u00e9n superar los 90 km\/h a lo llargo de la tarde, sobremanera na mari\u00f1a occidental. <strong>Les temperatures<\/strong>, gracies a los fuertes vientos de suroeste, van xubir de forma xeneralizada tanto nel casu de les m\u00ednimes como nel de les m\u00e1ximes. <strong>Les m\u00ednimes<\/strong> van xubir hasta 8 \u00baC respectu al martes, ente que les m\u00e1ximes van xubir hasta 3 o 4 \u00baC m\u00e1s. En cuanto al <strong>est\u00e1u de los cielos<\/strong>, esp\u00e9rase menos nubosid\u00e1 pela ma\u00f1ana pero, conforme meyora&#8217;l d\u00eda, les nubes van dir a m\u00e1s y van dexar posibles bastios que van percorrer la rex\u00f3n d&#8217;oeste a este.<\/p>\n","protected":false},"excerpt":{"rendered":"<p>Esperamos un d\u00eda marc\u00e1u polos fuertes vientos de suroeste. Les raches m\u00e1s altes van rexistrase, am\u00e1s d&#8217;en la mari\u00f1a, en zones altes del sector oeste y, sobremanera, nel cordal. L&#8217;Axencia Estatal de Meteorolox\u00eda va caltener activ\u00e1u l&#8217;avisu mariellu hasta les 18:00 hores nel cordal por fuertes vientos d&#8217;hasta 90 km\/h. Asina tou, los modelos meteorol\u00f3xicos [&hellip;]<\/p>\n","protected":false},"author":117,"featured_media":0,"comment_status":"closed","ping_status":"closed","sticky":false,"template":"","format":"standard","meta":{"footnotes":""},"categories":[5],"tags":[],"class_list":["post-66355","post","type-post","status-publish","format-standard","hentry","category-tiempu"],"_links":{"self":[{"href":"https:\/\/edublog.educastur.es\/ixuxu\/wp-json\/wp\/v2\/posts\/66355","targetHints":{"allow":["GET"]}}],"collection":[{"href":"https:\/\/edublog.educastur.es\/ixuxu\/wp-json\/wp\/v2\/posts"}],"about":[{"href":"https:\/\/edublog.educastur.es\/ixuxu\/wp-json\/wp\/v2\/types\/post"}],"author":[{"embeddable":true,"href":"https:\/\/edublog.educastur.es\/ixuxu\/wp-json\/wp\/v2\/users\/117"}],"replies":[{"embeddable":true,"href":"https:\/\/edublog.educastur.es\/ixuxu\/wp-json\/wp\/v2\/comments?post=66355"}],"version-history":[{"count":3,"href":"https:\/\/edublog.educastur.es\/ixuxu\/wp-json\/wp\/v2\/posts\/66355\/revisions"}],"predecessor-version":[{"id":66358,"href":"https:\/\/edublog.educastur.es\/ixuxu\/wp-json\/wp\/v2\/posts\/66355\/revisions\/66358"}],"wp:attachment":[{"href":"https:\/\/edublog.educastur.es\/ixuxu\/wp-json\/wp\/v2\/media?parent=66355"}],"wp:term":[{"taxonomy":"category","embeddable":true,"href":"https:\/\/edublog.educastur.es\/ixuxu\/wp-json\/wp\/v2\/categories?post=66355"},{"taxonomy":"post_tag","embeddable":true,"href":"https:\/\/edublog.educastur.es\/ixuxu\/wp-json\/wp\/v2\/tags?post=66355"}],"curies":[{"name":"wp","href":"https:\/\/api.w.org\/{rel}","templated":true}]}}