{"id":66374,"date":"2026-01-20T18:10:58","date_gmt":"2026-01-20T16:10:58","guid":{"rendered":"https:\/\/edublog.educastur.es\/ixuxu\/?p=66374"},"modified":"2026-01-21T11:08:36","modified_gmt":"2026-01-21T09:08:36","slug":"inaugurada-la-esposicion-dialogos-con-pinole-el-vaciu","status":"publish","type":"post","link":"https:\/\/edublog.educastur.es\/ixuxu\/2026\/01\/inaugurada-la-esposicion-dialogos-con-pinole-el-vaciu\/","title":{"rendered":"Inaugurada la esposici\u00f3n \u00abDi\u00e1logos con Pi\u00f1ole. El vac\u00edu\u00bb"},"content":{"rendered":"<p class=\"font-size-m padding-b-20 font-weight-b margin-t-16\">L&#8217;amuesa combina obres d&#8217;autores consagraos con otres d&#8217;escolinos y estudiantes de Maxisteriu. <a href=\"https:\/\/www.rtpa.es\/noticias-sociedad-ast\/2026-01-20\/Inaugurada-la-esposicion-'Dialogos-con-Pi%C3%B1ole.-El-vaciu'_111768935767.html\">TPA<\/a><\/p>\n<p style=\"text-align: center\"><a href=\"https:\/\/www.rtpa.es\/fotos\/\/26\/01\/20260120192017_RTPA7613432.webp\"><img loading=\"lazy\" decoding=\"async\" class=\"aligncenter size-large\" src=\"https:\/\/www.rtpa.es\/fotos\/\/26\/01\/20260120192017_RTPA7613432.webp\" width=\"853\" height=\"480\" \/><\/a><!--more--><\/p>\n<p>&nbsp;<\/p>\n<p><em>&#8216;Di\u00e1logos con Pi\u00f1ole. El vac\u00edu&#8217; ye&#8217;l nome de la esposici\u00f3n inaugurada g\u00fcei nel mus\u00e9u que recueye la obra del pintor xixon\u00e9s. Combina obres d&#8217;autores consagraos con otres feches por escolinos y estudiantes de Maxisteriu. Xuntes quieren cavilgar sobre&#8217;l conceutu de \u00abvac\u00edu\u00bb.<\/em><\/p>\n<p>Artistes como Alejandro Mieres, Jos\u00e9 Mar\u00eda Navascu\u00e9s, Carmen Calvo o Mar\u00eda Jes\u00fas Rodr\u00edguez y, am\u00e1s, Nicanor Pi\u00f1ole, participen nesta amuesa colectiva. Trabayos que son reinterpretaos, al travi\u00e9s d&#8217;otros fechos de forma colaborativa.<\/p>\n<p>D&#8217;esta miente establezse un di\u00e1logu ente unes obres y otres.<\/p>\n<p>El conceutu de \u00abvac\u00edu\u00bb ye&#8217;l filu conductor d&#8217;esta esposici\u00f3n, entendiendo que se trata d&#8217;un elementu esencial en cualquier obra art\u00edstica.<\/p>\n<p>La esposici\u00f3n va poder visitase hasta&#8217;l 2 de marzu.<\/p>\n","protected":false},"excerpt":{"rendered":"<p>L&#8217;amuesa combina obres d&#8217;autores consagraos con otres d&#8217;escolinos y estudiantes de Maxisteriu. TPA<\/p>\n","protected":false},"author":117,"featured_media":0,"comment_status":"closed","ping_status":"closed","sticky":false,"template":"","format":"standard","meta":{"footnotes":""},"categories":[14,30],"tags":[],"class_list":["post-66374","post","type-post","status-publish","format-standard","hentry","category-esposiciones","category-pintura"],"_links":{"self":[{"href":"https:\/\/edublog.educastur.es\/ixuxu\/wp-json\/wp\/v2\/posts\/66374","targetHints":{"allow":["GET"]}}],"collection":[{"href":"https:\/\/edublog.educastur.es\/ixuxu\/wp-json\/wp\/v2\/posts"}],"about":[{"href":"https:\/\/edublog.educastur.es\/ixuxu\/wp-json\/wp\/v2\/types\/post"}],"author":[{"embeddable":true,"href":"https:\/\/edublog.educastur.es\/ixuxu\/wp-json\/wp\/v2\/users\/117"}],"replies":[{"embeddable":true,"href":"https:\/\/edublog.educastur.es\/ixuxu\/wp-json\/wp\/v2\/comments?post=66374"}],"version-history":[{"count":4,"href":"https:\/\/edublog.educastur.es\/ixuxu\/wp-json\/wp\/v2\/posts\/66374\/revisions"}],"predecessor-version":[{"id":66378,"href":"https:\/\/edublog.educastur.es\/ixuxu\/wp-json\/wp\/v2\/posts\/66374\/revisions\/66378"}],"wp:attachment":[{"href":"https:\/\/edublog.educastur.es\/ixuxu\/wp-json\/wp\/v2\/media?parent=66374"}],"wp:term":[{"taxonomy":"category","embeddable":true,"href":"https:\/\/edublog.educastur.es\/ixuxu\/wp-json\/wp\/v2\/categories?post=66374"},{"taxonomy":"post_tag","embeddable":true,"href":"https:\/\/edublog.educastur.es\/ixuxu\/wp-json\/wp\/v2\/tags?post=66374"}],"curies":[{"name":"wp","href":"https:\/\/api.w.org\/{rel}","templated":true}]}}