{"id":66379,"date":"2026-01-20T18:15:18","date_gmt":"2026-01-20T16:15:18","guid":{"rendered":"https:\/\/edublog.educastur.es\/ixuxu\/?p=66379"},"modified":"2026-01-21T15:27:44","modified_gmt":"2026-01-21T13:27:44","slug":"los-museos-y-centros-culturales-consoliden-el-so-enclin-a-lalza","status":"publish","type":"post","link":"https:\/\/edublog.educastur.es\/ixuxu\/2026\/01\/los-museos-y-centros-culturales-consoliden-el-so-enclin-a-lalza\/","title":{"rendered":"Los museos y centros culturales consoliden el so encl\u00edn a l&#8217;alza"},"content":{"rendered":"<div class=\"x78zum5 xdt5ytf x1q2y9iw x1n2onr6 xh8yej3 x9f619 x1iyjqo2 x13lttk3 x1t7ytsu xpilrb4 xexx8yu xyri2b x18d9i69 x1c1uobl\">\n<div class=\"x78zum5 xdt5ytf x1iyjqo2 xs83m0k x2lwn1j x1odjw0f x1n2onr6 x9ek82g x6ikm8r xdj266r x14z9mp x4ii5y1 x1lziwak xexx8yu xv54qhq x18d9i69 xf7dkkf\">\n<div class=\"x1qjc9v5 x972fbf x10w94by x1qhh985 x14e42zd x9f619 x78zum5 xdt5ytf x2lah0s xk390pu xdj266r x14z9mp xat24cr x1lziwak xexx8yu xyri2b x18d9i69 x1c1uobl x1n2onr6 xggy1nq x11njtxf\" role=\"button\">\n<div class=\"_a9zm\">\n<div class=\"_a9zn _a9zo\">\n<div class=\"_a9zr\">\n<div class=\"xt0psk2\">\n<p dir=\"auto\" style=\"text-align: center\">\n<!-- iframe plugin v.6.0 wordpress.org\/plugins\/iframe\/ -->\n<iframe loading=\"lazy\" src=\"https:\/\/www.facebook.com\/plugins\/video.php?height=476&#038;href=https%3A%2F%2Fwww.facebook.com%2Freel%2F1953787782183185%2F&#038;show_text=false&#038;width=476&#038;t=0\" width=\"476\" height=\"476\" style=\"border:none;overflow:hidden\" scrolling=\"no\" frameborder=\"0\" allowfullscreen=\"true\" allow=\"autoplay; clipboard-write; encrypted-media; picture-in-picture; web-share\" 0=\"\/iframe\" class=\"iframe-class\"><\/iframe>\n<\/p>\n<p class=\"_ap3a _aaco _aacu _aacx _aad7 _aade\" dir=\"auto\">\ud83d\udcc8 Les instituciones culturales d\u2019\u00e1mbitu auton\u00f3micu superaron en 2025 los 1,2 millones de visitantes, con un total de 1.278.323 persones usuaries. \ud83d\udc65 Espacios como\u00a0<a class=\"x1i10hfl xjbqb8w x1ejq31n x18oe1m7 x1sy0etr xstzfhl x972fbf x10w94by x1qhh985 x14e42zd x9f619 x1ypdohk xt0psk2 x3ct3a4 xdj266r x14z9mp xat24cr x1lziwak xexx8yu xyri2b x18d9i69 x1c1uobl x16tdsg8 x1hl2dhg xggy1nq x1a2a7pz notranslate _a6hd\" role=\"link\" href=\"https:\/\/www.instagram.com\/laboralciudadcultura\/\">@laboralciudadcultura<\/a>, el <a class=\"x1i10hfl xjbqb8w x1ejq31n x18oe1m7 x1sy0etr xstzfhl x972fbf x10w94by x1qhh985 x14e42zd x9f619 x1ypdohk xt0psk2 x3ct3a4 xdj266r x14z9mp xat24cr x1lziwak xexx8yu xyri2b x18d9i69 x1c1uobl x16tdsg8 x1hl2dhg xggy1nq x1a2a7pz notranslate _a6hd\" role=\"link\" href=\"https:\/\/www.instagram.com\/centroniemeyer\/\">@centroniemeyer<\/a>,\u00a0<a class=\"x1i10hfl xjbqb8w x1ejq31n x18oe1m7 x1sy0etr xstzfhl x972fbf x10w94by x1qhh985 x14e42zd x9f619 x1ypdohk xt0psk2 x3ct3a4 xdj266r x14z9mp xat24cr x1lziwak xexx8yu xyri2b x18d9i69 x1c1uobl x16tdsg8 x1hl2dhg xggy1nq x1a2a7pz notranslate _a6hd\" role=\"link\" href=\"https:\/\/www.instagram.com\/laboralcentrodearte\/\">@laboralcentrodearte<\/a>\u00a0y el\u00a0<a class=\"x1i10hfl xjbqb8w x1ejq31n x18oe1m7 x1sy0etr xstzfhl x972fbf x10w94by x1qhh985 x14e42zd x9f619 x1ypdohk xt0psk2 x3ct3a4 xdj266r x14z9mp xat24cr x1lziwak xexx8yu xyri2b x18d9i69 x1c1uobl x16tdsg8 x1hl2dhg xggy1nq x1a2a7pz notranslate _a6hd\" role=\"link\" href=\"https:\/\/www.instagram.com\/arqueologicoasturias\/\">@arqueologicoasturias<\/a>\u00a0rexistraron incrementos destacaos de p\u00fablicu, confirmando la tendencia de crecimientu de los \u00faltimos a\u00f1os y el bon rindimientu de la rede p\u00fablica cultural.<\/p>\n<p dir=\"auto\"><!--more--><\/p>\n<p class=\"_ap3a _aaco _aacu _aacx _aad7 _aade\" dir=\"auto\">Am\u00e1s, biblioteques y archivos dependientes de la Conseyer\u00eda, xunto col\u00a0<a class=\"x1i10hfl xjbqb8w x1ejq31n x18oe1m7 x1sy0etr xstzfhl x972fbf x10w94by x1qhh985 x14e42zd x9f619 x1ypdohk xt0psk2 x3ct3a4 xdj266r x14z9mp xat24cr x1lziwak xexx8yu xyri2b x18d9i69 x1c1uobl x16tdsg8 x1hl2dhg xggy1nq x1a2a7pz notranslate _a6hd\" role=\"link\" href=\"https:\/\/www.instagram.com\/ridea_asturias\/\">@ridea_asturias<\/a>, aumentaron el so n\u00famberu de persones usuaries nun 14 %, hasta algamar les 339.656, con una programaci\u00f3n intensa a lo llargo de tol a\u00f1u.<\/p>\n<p><span style=\"text-decoration: underline\">Ente los espacios que rexistraron un mayor aumentu figuren:<\/span><\/p>\n<p>\u2022<strong> Llaboral Ciud\u00e1 de la Cultura<\/strong>: recibi\u00f3 208.966 visitantes, un 4% m\u00e1s que l&#8217;a\u00f1u anterior.<\/p>\n<p>\u2022<strong> Centru Niemeyer<\/strong>: Con 220.216 usuarios, un 7,6% m\u00e1s, se como xuno de los principales referentes culturales del Princip\u00e1u.<\/p>\n<p>\u2022 <strong>Llaboral Centru d&#8217;Arte y Creaci\u00f3n Industrial<\/strong>: 67.159 visitantes, un 7,22% m\u00e1s.<\/p>\n<p>\u2022 <strong>Les biblioteques Ram\u00f3n P\u00e9rez d&#8217;Ayala y Xovellanos<\/strong>, con 208.860 y 121.938 usuarios respectivamente, crecieron un 17,52% y un 8,34%.<\/p>\n<p>\u2022 <strong>Mus\u00e9u Arqueol\u00f3xicu d&#8217;Asturies<\/strong>: 47.110 visitantes, con una crecedera del 2,34%.<\/p>\n<p>\ud83c\udfdb\ufe0f El\u00a0<a class=\"x1i10hfl xjbqb8w x1ejq31n x18oe1m7 x1sy0etr xstzfhl x972fbf x10w94by x1qhh985 x14e42zd x9f619 x1ypdohk xt0psk2 x3ct3a4 xdj266r x14z9mp xat24cr x1lziwak xexx8yu xyri2b x18d9i69 x1c1uobl x16tdsg8 x1hl2dhg xggy1nq x1a2a7pz notranslate _a6hd\" role=\"link\" href=\"https:\/\/www.instagram.com\/gobasturias\/\">@gobasturias<\/a> avanza asina nel compromisu cola meyora continua de la ufierta cultural, l\u2019accesu y la participaci\u00f3n ciudadana, y enm\u00e1rcase nel procesu d\u2019ellaboraci\u00f3n de la futura Llei de Cultura y Identid\u00e1 del Princip\u00e1u d\u2019Asturies, que va blindar los derechos culturales de la ciudadan\u00eda y modernizar el sistema p\u00fablicu de cultura.<\/p>\n<ul>\n<li><a class=\"pdf\" title=\"Nota prensa balance visitantes equipamientos culturales 2025. Abre una nueva ventana\" href=\"https:\/\/actualidad.asturias.es\/documents\/533407\/0\/2026_01_20+NP+Visitantes+museos+2025+%282%29.pdf\/b40a7b45-7ecf-d833-d9dd-e4e39dae1ff7?t=1768904247460\" target=\"_blank\" rel=\"noopener\">\u00a0Nota prensa balance visitantes equipamientos culturales 2025<\/a><\/li>\n<li>\ud83d\udd17 Pa m\u00e1s informaci\u00f3n:<a href=\"https:\/\/acortar.link\/ptiw2i\"> https:\/\/acortar.link\/ptiw2i<\/a><\/li>\n<\/ul>\n<\/div>\n<\/div>\n<\/div>\n<\/div>\n<\/div>\n<\/div>\n<\/div>\n<p style=\"text-align: center\"><a href=\"https:\/\/actualidad.asturias.es\/documents\/537115\/3033083\/1.jpg\/ef00489e-d46f-aa7c-0cb4-5cdc0456c7a0?t=1768900794931\"><img loading=\"lazy\" decoding=\"async\" class=\"aligncenter \" src=\"https:\/\/actualidad.asturias.es\/documents\/537115\/3033083\/1.jpg\/ef00489e-d46f-aa7c-0cb4-5cdc0456c7a0?t=1768900794931\" width=\"630\" height=\"727\" \/><\/a><\/p>\n","protected":false},"excerpt":{"rendered":"<p>\ud83d\udcc8 Les instituciones culturales d\u2019\u00e1mbitu auton\u00f3micu superaron en 2025 los 1,2 millones de visitantes, con un total de 1.278.323 persones usuaries. \ud83d\udc65 Espacios como\u00a0@laboralciudadcultura, el @centroniemeyer,\u00a0@laboralcentrodearte\u00a0y el\u00a0@arqueologicoasturias\u00a0rexistraron incrementos destacaos de p\u00fablicu, confirmando la tendencia de crecimientu de los \u00faltimos a\u00f1os y el bon rindimientu de la rede p\u00fablica cultural.<\/p>\n","protected":false},"author":117,"featured_media":0,"comment_status":"closed","ping_status":"closed","sticky":false,"template":"","format":"standard","meta":{"footnotes":""},"categories":[38],"tags":[],"class_list":["post-66379","post","type-post","status-publish","format-standard","hentry","category-cultura"],"_links":{"self":[{"href":"https:\/\/edublog.educastur.es\/ixuxu\/wp-json\/wp\/v2\/posts\/66379","targetHints":{"allow":["GET"]}}],"collection":[{"href":"https:\/\/edublog.educastur.es\/ixuxu\/wp-json\/wp\/v2\/posts"}],"about":[{"href":"https:\/\/edublog.educastur.es\/ixuxu\/wp-json\/wp\/v2\/types\/post"}],"author":[{"embeddable":true,"href":"https:\/\/edublog.educastur.es\/ixuxu\/wp-json\/wp\/v2\/users\/117"}],"replies":[{"embeddable":true,"href":"https:\/\/edublog.educastur.es\/ixuxu\/wp-json\/wp\/v2\/comments?post=66379"}],"version-history":[{"count":7,"href":"https:\/\/edublog.educastur.es\/ixuxu\/wp-json\/wp\/v2\/posts\/66379\/revisions"}],"predecessor-version":[{"id":66419,"href":"https:\/\/edublog.educastur.es\/ixuxu\/wp-json\/wp\/v2\/posts\/66379\/revisions\/66419"}],"wp:attachment":[{"href":"https:\/\/edublog.educastur.es\/ixuxu\/wp-json\/wp\/v2\/media?parent=66379"}],"wp:term":[{"taxonomy":"category","embeddable":true,"href":"https:\/\/edublog.educastur.es\/ixuxu\/wp-json\/wp\/v2\/categories?post=66379"},{"taxonomy":"post_tag","embeddable":true,"href":"https:\/\/edublog.educastur.es\/ixuxu\/wp-json\/wp\/v2\/tags?post=66379"}],"curies":[{"name":"wp","href":"https:\/\/api.w.org\/{rel}","templated":true}]}}