{"id":66385,"date":"2026-01-21T11:33:13","date_gmt":"2026-01-21T09:33:13","guid":{"rendered":"https:\/\/edublog.educastur.es\/ixuxu\/?p=66385"},"modified":"2026-01-21T12:51:54","modified_gmt":"2026-01-21T10:51:54","slug":"lalfabetizacion-llogru-desti-sieglu","status":"publish","type":"post","link":"https:\/\/edublog.educastur.es\/ixuxu\/2026\/01\/lalfabetizacion-llogru-desti-sieglu\/","title":{"rendered":"L&#8217;alfabetizaci\u00f3n: llogru d&#8217;esti sieglu"},"content":{"rendered":"<p>Mientres los postreros 25 a\u00f1os, el mundu tami\u00e9n algam\u00f3 grandes llogros ambientales, educativos, m\u00e9dicos y sociales. Estos son dalgunos&#8230;<\/p>\n<p style=\"text-align: center\"><a href=\"https:\/\/ethic.es\/wp-content\/uploads\/2026\/01\/logros25-1280x768.jpg\"><img loading=\"lazy\" decoding=\"async\" class=\"aligncenter \" src=\"https:\/\/ethic.es\/wp-content\/uploads\/2026\/01\/logros25-1280x768.jpg\" width=\"621\" height=\"373\" \/><\/a><\/p>\n<ul>\n<li><span style=\"color: #008080\"><strong>Alfabetizaci\u00f3n.<\/strong><\/span>\u00a0Nueve de cada diez persones nel mundu y\u00e1 son capaces d&#8217;escribir y lleer. Les estad\u00edstiques de la Unesco apunten que la tasa d&#8217;alfabetizaci\u00f3n media global algam\u00f3&#8217;l 86%, un porcentaxe que supera llargamente&#8217;l 68% de 1979 y que demuestra que los esfuerzos n&#8217;educaci\u00f3n b\u00e1sica t\u00e1n funcionando. <a href=\"https:\/\/ethic.es\/25-grandes-logros-de-este-cuarto-de-siglo\/?utm_source=firefox-newtab-es-es\">Fonte<\/a>.<\/li>\n<\/ul>\n<p><!--more--><\/p>\n<ul>\n<li><span style=\"color: #008080\"><strong>Capa d&#8217;ozonu.\u00a0<\/strong><\/span>A finales de los 80 y principios de los 90, la capa d&#8217;ozonu perd\u00eda densid\u00e1 y presentaba un furacu en crecedera sobro l&#8217;Ant\u00e1rtida. Seg\u00fan la Organizaci\u00f3n Meteorol\u00f3xica Mundial, en 2024 el furacu yera \u00abel menor nos \u00faltimos a\u00f1os\u00bb y, pa mediaos d&#8217;esti sieglu, llograr\u00edase revertir la situaci\u00f3n. El furacu de la capa d&#8217;ozonu ye y\u00e1 del menor tama\u00f1u rexistr\u00e1u nos \u00faltimos a\u00f1os.<\/li>\n<li><span style=\"color: #008080\"><strong>Cayida de la mortalid\u00e1 infantil:\u00a0<\/strong><\/span>El sieglu XXI llogr\u00f3 xuna reducci\u00f3n r\u00e9cord de la mortalid\u00e1 infantil. En 2022, \u00faltimu a\u00f1u del que se tienen datos, finaron de forma prematura 4,9 millones de ne\u00f1os menores de 5 a\u00f1os, lo que representa xuna baxada del 51% dende l&#8217;a\u00f1u 2000, seg\u00fan datos de la ONU.<\/li>\n<li><strong><span style=\"color: #008080\">Amenorgamientu de la probeza estrema. <\/span><\/strong>En comparanza col sieglu pas\u00e1u, hai una tasa global de probeza del 11,2% en 2014, seg\u00fan Naciones Xun\u00edes.\u00a0 El Bancu Mundial alerta que va llevar un sieglu acabar por completu cola probeza.<\/li>\n<li><span style=\"color: #008080\"><strong>Matrimoniu igualitariu.\u00a0<\/strong><\/span>Cuando Espa\u00f1a aprob\u00f3 en 2005 el matrimoniu igualitariu, convirtiose nel tercer pa\u00eds en llexislar tres los Pa\u00edses Baxos y B\u00e9lxica. La llista creci\u00f3 hasta los 39 pa\u00edses. Esta equiparaci\u00f3n de derechos ye la m\u00e1s visible, pero non la \u00fanica: el sieglu XXI ta siendo especialmente din\u00e1micu na conquista d&#8217;iguald\u00e1 de derechos pal colectivu LGTBIQ+.<\/li>\n<li><span style=\"color: #008080\"><strong>Iguald\u00e1 de x\u00e9neru. <\/strong><\/span>Cambeos importantes nos derechos reproductivos y la lexislaci\u00f3n igualitaria \u2014o xuna mayor conciencia social de la so importancia\u2014 Ent\u00e1 persisten lleis que discriminen a la muyer nel 90% de los pa\u00edses.<\/li>\n<li><span style=\"color: #008080\"><strong>Permisos de paternid\u00e1.\u00a0<\/strong><\/span>Llograr una repartida m\u00e1s igualitaria de los cuidos ye unu de los puntos clave pa la iguald\u00e1 de x\u00e9neru. Ensin dulda, unu de los grandes cambeos d&#8217;esti sieglu foi la percepci\u00f3n de lo que significa la paternid\u00e1 y la so conquista de derechos. Espa\u00f1a igual\u00f3 a dambos proxenitores na duraci\u00f3n del permisu por nacencia (frente a los dos d\u00edes d&#8217;entamu de sieglu), un exemplu del encl\u00edn que t\u00e1n marcando los pa\u00edses piqueros.<\/li>\n<li><span style=\"color: #008080\"><strong>Menos muertes n&#8217;accidentes de tr\u00e1ficu.\u00a0<\/strong><\/span>En 2024, finaron 19.800 persones n&#8217;accidentes de tr\u00e1ficu na Uni\u00f3n Europea. Los cambeos normativos, la mayor concienciaci\u00f3n de la ciudadan\u00eda y l&#8217;aumentu de les mid\u00edes de segurid\u00e1 nos veh\u00edculos producieron un descensu notable de los fallecimientos en carretera mientres les \u00faltimes d\u00e9cades.<\/li>\n<li><span style=\"color: #008080\"><strong>M\u00e1s democracies.\u00a0<\/strong><\/span>El sieglu XXI empez\u00f3 con un finxu:\u00a0 el n\u00famberu de democracies super\u00f3 per primer vegada al de dictadures (98 frente a 80).<\/li>\n<li><span style=\"color: #008080\"><strong>Conex\u00f3n y diversid\u00e1 cultural.\u00a0<\/strong><\/span>El boom d&#8217;internet y les meyores tecnol\u00f3xiques crearon un mundu hiperconect\u00e1u. La cultura popular volvi\u00f3se m\u00e1s diversa, con m\u00e1s puntos de vista y m\u00e1s focos d&#8217;inter\u00e9s.<\/li>\n<li><span style=\"color: #008080\"><strong>\u00cdndices de llectura.\u00a0<\/strong><\/span>Esti sieglu tami\u00e9n rexistr\u00f3 un revival de la llectura. El confinamientu reconect\u00f3 a parte del p\u00fablicu colos llibros y la xeneraci\u00f3n Z fixo virales les sos noveles favorites v\u00eda TikTok. Espa\u00f1a rexistr\u00f3 en 2024 el so m\u00e1ximu hist\u00f3ricu en porcentaxe de poblaci\u00f3n que llee nel so tiempu llibre (el 65,5%, y xube a un 75,3% ente los 14 y los 24 a\u00f1os), seg\u00fan el Bar\u00f3metru de Vezos de Llectura.<\/li>\n<li><span style=\"color: #008080\"><strong>Llimpieza del aire.\u00a0<\/strong><\/span>Nestes dos d\u00e9cades rexistr\u00e1ronse meyores na calid\u00e1 del aire. Los niveles de part\u00edcules en suspensi\u00f3n y de di\u00f3xidu de carbonu baxaron n&#8217;Europa ente 2003 y 2019, seg\u00fan datos d&#8217;un ISGlobal qu&#8217;alvierte, eso s\u00ed, de que se debe siguir trabayando.<\/li>\n<li><span style=\"color: #008080\"><strong>Recuperaci\u00f3n de r\u00edos. <\/strong><\/span>\u00a0Los pexes sumieren pola mala calid\u00e1 de les sos ag\u00fces. Pero en 2021 empez\u00f3 la inclusi\u00f3n d&#8217;exemplares pa la so torna y la rexeneraci\u00f3n del so ecosistema nel marcu de Madrid R\u00edo ayud\u00f3 a que se queden.<\/li>\n<li><span style=\"color: #008080\"><strong>Conquista verde nes urbes. <\/strong><\/span>El 31% de la superficie urbana en Par\u00eds ye verde, y\u00e1 s\u00edan parques, teyaos vexetales o \u00e1rboles. Dende 2020, convirti\u00f3 200 cais en zones axardinaes. Les urbes t\u00e1n recuperando&#8217;l verde nun intentu de ser m\u00e1s resilientes \u00e9nte&#8217;l camb\u00e9u clim\u00e1ticu y m\u00e1s saludables pa los sos habitantes.<\/li>\n<li><span style=\"color: #008080\"><strong>Especies salvaes de la estinci\u00f3n. <\/strong><\/span>En 2001, la Llista Colorada de UICN d&#8217;Especies Amenaciaes consideraba en peligru al llobu cerval ib\u00e9ricu. La so desapaici\u00f3n yera facedera, alvert\u00eden. Dos d\u00e9cades dempu\u00e9s, la especie cruci\u00f3 al nivel de vulnerable, allo\u00f1\u00f3se la medrana a la estinci\u00f3n y la poblaci\u00f3n de llobos cervales ib\u00e9ricos super\u00f3 los 2.000 exemplares. Agora ye un exemplu de que la recuperaci\u00f3n d&#8217;especies ye posible. Nel sieglu XXI sumemos 8,4 a\u00f1os a la esperanza de vida global.<\/li>\n<li><span style=\"color: #008080\"><strong>Enerx\u00edes anovables <\/strong><\/span>\u00a0Superaron la producci\u00f3n d&#8217;eletricid\u00e1 con carb\u00f3n per primer vegada na hestoria nel primer semestre de 2025. Les anovables avanzaron de forma notable dende 2000 y xeneren y\u00e1&#8217;l 40,9% de tola eletricid\u00e1 mundial.<\/li>\n<li><span style=\"color: #008080\"><strong>Aumentu de la esperanza de vida.\u00a0<\/strong><\/span>Gan\u00f3se esperanza de vida a nivel global. Seg\u00fan c\u00e1lculos de la OMS, la media global lleg\u00f3 a los 73,3 a\u00f1os en 2024, esto ye, 8,4 a\u00f1os m\u00e1s qu&#8217;en 1995. Y Naciones Xun\u00edes cree que se va llegar a los 77,2 a\u00f1os en 2050. Les cifres son cimeres nos pa\u00edses desenvueltos. N&#8217;Europa, la esperanza de vida ta nos 81,7 a\u00f1os, y en 84 a\u00f1os n&#8217;Espa\u00f1a.<\/li>\n<li><span style=\"color: #008080\"><strong>Meyores datos de supervivencia en c\u00e1ncer. <\/strong><\/span>El c\u00e1ncer ye inda uno de los grandes retos m\u00e9dicos, pero les meyores cient\u00edfiques de les \u00faltimes d\u00e9cades dexaron ameyorar los tratamientos y les posibilidaes de recuperaci\u00f3n. Como apunta la Socied\u00e1 Espa\u00f1ola d&#8217;Oncolox\u00eda M\u00e9dica, dellos tumores tienen y\u00e1 xuna tasa de supervivencia del 90%. Polo xeneral, ameyor\u00f3 la calid\u00e1 de vida de los pacientes y l&#8217;eficiencia nel diagn\u00f3sticu.<\/li>\n<li><span style=\"color: #008080\"><strong>Xenoma humanu.\u00a0<\/strong><\/span>Entender los secretos del ADN supon un saltu cualitativu pa entender la esencia humana. En 2003, el Proyectu Xenoma Humanu llogr\u00f3 descifrar per primer vegada&#8217;l xenoma humanu, anque quedaben inda zones de solombres. En 2022, complet\u00f3se la secuencia. Esto abri\u00f3 la puerta a grandes meyores cient\u00edfiques, dende entender por qu\u00e9 delles persones desenvuelven xunas enfermedaes y non otres hasta crear una medicina personalizada, pasando por una mayor prevenci\u00f3n. Calid\u00e1 de vida y enfermedaes cr\u00f3niques.<\/li>\n<li>Unu de les grandes meyores silencioses del sieglu XXI foi la meyora de la calid\u00e1 de vida de los pacientes cr\u00f3nicos gracies a nueves melecines y al saltu a una visi\u00f3n integral de la sal\u00fa. Igualmente, el desenvolvimientu de medicines llogr\u00f3 qu&#8217;enfermedaes con elevaes tases de mortalid\u00e1 nel sieglu XX, como&#8217;l VIH, convirti\u00e9rense en cr\u00f3niques y non necesariamente fatales.<\/li>\n<li><span style=\"color: #008080\"><strong>Meyora de les vacunes. <\/strong><\/span>\u00a0La collaboraci\u00f3n cient\u00edfica, el sofitu del sector p\u00fablicu, la simultaneid\u00e1 d&#8217;etapes de desenvolvimientu y l&#8217;usu d&#8217;ARN mensaxeru llograron acelerar el procesu pa crear, testear y llanzar les vacunes. La secuencia completa del xenoma humanu dex\u00f3 entender meyor los or\u00edxenes de les enfermedaes.<\/li>\n<li><span style=\"color: #008080\"><strong>Tresplantes.\u00a0<\/strong><\/span>Am\u00e1s d&#8217;amenorgar el refugu d&#8217;\u00f3rganos y ameyorar los f\u00e1rmacos inmunosupresores que tienen de tomar les persones tresplantaes, ta investig\u00e1ndose p&#8217;atopar alternatives, como l&#8217;usu d&#8217;\u00f3rganos d&#8217;animales o artificiales. Esto va dexar amenorgar los tiempos d&#8217;espera de los pacientes.<br \/>\nSal\u00fa mental<span style=\"color: #008080\"><strong>La sal\u00fa mental<\/strong><\/span> ta siendo la gran protagonista del sieglu XXI, na que la socied\u00e1 llanz\u00f3se a baltar tab\u00faes. Non solo f\u00e1lase m\u00e1s de sal\u00fa mental qu&#8217;antes, sin\u00f3n que tami\u00e9n aument\u00f3 la conciencia de la so importancia y de los factores contextuales qu&#8217;impacten de forma negativa nel bienestar mental. Asina, el 62% de la poblaci\u00f3n espa\u00f1ola reconoz que ye la so principal esmolici\u00f3n sanitaria.<\/li>\n<li><span style=\"color: #008080\"><strong>Viaxe a Marte.\u00a0<\/strong><\/span>Marte protagoniz\u00f3 les fantas\u00edes lliterariu y cinematogr\u00e1ficu de xeneraciones. Pero agora nun se precisa la imaxinaci\u00f3n pa saber c\u00f3mo ye&#8217;l planeta color\u00e1u, porque les sondes unviaes nes \u00faltimes d\u00e9cades devolvieron xuna \u00e1banu de datos. Ello ye que la frontera nun ta y\u00e1 n&#8217;arrexuntar informaci\u00f3n, sin\u00f3n en viaxar ell\u00ed. Si la gran carrera espacial del sieglu XX foi la llegada a la Lluna, la del XXI va ser llegar a Marte. Por casu, SpaceX espera llevar los primeros humanos a Marte en 2029.<\/li>\n<li><span style=\"color: #008080\"><strong>Puxanza de la intelixencia artificial.\u00a0<\/strong><\/span>Ye ensin dulda la gran meyora tecnol\u00f3xica d&#8217;esti primer cuartu de sieglu. Los sos beneficios potenciales son inmensos: ameyorar los diagn\u00f3sticos m\u00e9dicos, prevenir riesgos naturales, dise\u00f1ar meyores productos o ayudar cola agricultura de precisi\u00f3n pa consiguir meyores alimentos, ente otros munchos. Y la IA nun ye&#8217;l puntu final: el pr\u00f3ximu gran meyora tech ta al volver la esquina cola computaci\u00f3n cu\u00e1ntica.<\/li>\n<\/ul>\n","protected":false},"excerpt":{"rendered":"<p>Mientres los postreros 25 a\u00f1os, el mundu tami\u00e9n algam\u00f3 grandes llogros ambientales, educativos, m\u00e9dicos y sociales. Estos son dalgunos&#8230; Alfabetizaci\u00f3n.\u00a0Nueve de cada diez persones nel mundu y\u00e1 son capaces d&#8217;escribir y lleer. Les estad\u00edstiques de la Unesco apunten que la tasa d&#8217;alfabetizaci\u00f3n media global algam\u00f3&#8217;l 86%, un porcentaxe que supera llargamente&#8217;l 68% de 1979 y [&hellip;]<\/p>\n","protected":false},"author":117,"featured_media":0,"comment_status":"closed","ping_status":"closed","sticky":false,"template":"","format":"standard","meta":{"footnotes":""},"categories":[1],"tags":[],"class_list":["post-66385","post","type-post","status-publish","format-standard","hentry","category-sin-categoria"],"_links":{"self":[{"href":"https:\/\/edublog.educastur.es\/ixuxu\/wp-json\/wp\/v2\/posts\/66385","targetHints":{"allow":["GET"]}}],"collection":[{"href":"https:\/\/edublog.educastur.es\/ixuxu\/wp-json\/wp\/v2\/posts"}],"about":[{"href":"https:\/\/edublog.educastur.es\/ixuxu\/wp-json\/wp\/v2\/types\/post"}],"author":[{"embeddable":true,"href":"https:\/\/edublog.educastur.es\/ixuxu\/wp-json\/wp\/v2\/users\/117"}],"replies":[{"embeddable":true,"href":"https:\/\/edublog.educastur.es\/ixuxu\/wp-json\/wp\/v2\/comments?post=66385"}],"version-history":[{"count":6,"href":"https:\/\/edublog.educastur.es\/ixuxu\/wp-json\/wp\/v2\/posts\/66385\/revisions"}],"predecessor-version":[{"id":66391,"href":"https:\/\/edublog.educastur.es\/ixuxu\/wp-json\/wp\/v2\/posts\/66385\/revisions\/66391"}],"wp:attachment":[{"href":"https:\/\/edublog.educastur.es\/ixuxu\/wp-json\/wp\/v2\/media?parent=66385"}],"wp:term":[{"taxonomy":"category","embeddable":true,"href":"https:\/\/edublog.educastur.es\/ixuxu\/wp-json\/wp\/v2\/categories?post=66385"},{"taxonomy":"post_tag","embeddable":true,"href":"https:\/\/edublog.educastur.es\/ixuxu\/wp-json\/wp\/v2\/tags?post=66385"}],"curies":[{"name":"wp","href":"https:\/\/api.w.org\/{rel}","templated":true}]}}