{"id":66392,"date":"2026-01-21T09:00:20","date_gmt":"2026-01-21T07:00:20","guid":{"rendered":"https:\/\/edublog.educastur.es\/ixuxu\/?p=66392"},"modified":"2026-01-22T13:04:22","modified_gmt":"2026-01-22T11:04:22","slug":"dia-mundial-de-los-esguiles","status":"publish","type":"post","link":"https:\/\/edublog.educastur.es\/ixuxu\/2026\/01\/dia-mundial-de-los-esguiles\/","title":{"rendered":"D\u00eda Mundial de los Esguiles"},"content":{"rendered":"<p>Los esquiles \ud83d\udc3f\ufe0f, pequenes inxenieres del monte \ud83c\udf33 Al soterrar y escaecer granes y frutos \ud83c\udf30, favorecen la rexeneraci\u00f3n natural d&#8217;\u00e1rboles y plantes, ameyoren el suelu y sostienen la biodiversid\u00e1 \ud83c\udf0d de munchos ecosistemes. <span class=\"_ap3a _aaco _aacu _aacx _aad7 _aade\" dir=\"auto\">La ardilla\/esaguil colorada\ud83d\udc3f\ufe0f (Sciurus vulgaris) ye la \u00fanica ardilla aut\u00f3ctona d&#8217;Espa\u00f1a. <a href=\"https:\/\/www.instagram.com\/p\/DTx44XrAFvD\/\">VIDEU<\/a> \/ <a class=\"x1i10hfl xjbqb8w x1ejq31n x18oe1m7 x1sy0etr xstzfhl x972fbf x10w94by x1qhh985 x14e42zd x9f619 x1ypdohk xt0psk2 x3ct3a4 xdj266r x14z9mp xat24cr x1lziwak xexx8yu xyri2b x18d9i69 x1c1uobl x16tdsg8 x1hl2dhg xggy1nq x1a2a7pz  _aa9_ _a6hd\" role=\"link\" href=\"https:\/\/www.instagram.com\/explore\/tags\/d%C3%ADadelasardillas\/\">#D\u00edaDeLasArdillas<\/a><\/span><\/p>\n<p style=\"text-align: center\">\n<!-- iframe plugin v.6.0 wordpress.org\/plugins\/iframe\/ -->\n<iframe loading=\"lazy\" src=\"https:\/\/www.facebook.com\/plugins\/post.php?href=https%3A%2F%2Fwww.facebook.com%2Ffundacionbiodiversidad%2Fposts%2Fpfbid0NXYCYNw8NqeU7nnvRJPkzYXiU2faRLGpbp6G99xyG6nHu1mrVZojFxL5C27MEqCfl&#038;show_text=false&#038;width=500\" width=\"500\" height=\"498\" style=\"border:none;overflow:hidden\" scrolling=\"no\" frameborder=\"0\" allowfullscreen=\"true\" allow=\"autoplay; clipboard-write; encrypted-media; picture-in-picture; web-share\" 0=\"\/iframe\" class=\"iframe-class\"><\/iframe>\n<\/p>\n<div class=\"html-div xdj266r x14z9mp xat24cr x1lziwak xexx8yu xyri2b x18d9i69 x1c1uobl x9f619 xjbqb8w x1rg5ohu x15mokao x1ga7v0g x16uus16 xbiv7yw x1uhb9sk x1plvlek xryxfnj x1c4vz4f x2lah0s x1oa3qoh x193iq5w\">\n<div><span class=\"_ap3a _aaco _aacu _aacx _aad7 _aade\" dir=\"auto\"><!--more--><br \/>\nVive en montes maduros y la so presencia indica ecosistemes bien calten\u00edos, anque g\u00fcei enfr\u00e9ntase a la perda d&#8217;h\u00e1bitat, les infraestructures y el camb\u00e9u clim\u00e1ticu. <a class=\"x1i10hfl xjbqb8w x1ejq31n x18oe1m7 x1sy0etr xstzfhl x972fbf x10w94by x1qhh985 x14e42zd x9f619 x1ypdohk xt0psk2 x3ct3a4 xdj266r x14z9mp xat24cr x1lziwak xexx8yu xyri2b x18d9i69 x1c1uobl x16tdsg8 x1hl2dhg xggy1nq x1a2a7pz _aa9_ _a6hd\" role=\"link\" href=\"https:\/\/www.instagram.com\/explore\/tags\/d%C3%ADamundialdelasardillas\/\">#D\u00edaMundialDeLasArdillas<\/a><\/span><\/div>\n<\/div>\n<p style=\"text-align: center\"><span class=\"x193iq5w xeuugli x13faqbe x1vvkbs xt0psk2 x1i0vuye xvs91rp xo1l8bm x5n08af x10wh9bi xpm28yp x8viiok x1o7cslx x126k92a\"><span class=\"html-span xexx8yu x4uap5 x18d9i69 xkhd6sd x1hl2dhg x16tdsg8 x1vvkbs x3nfvp2 x1j61x8r x1fcty0u xdj266r xat24cr xgzva0m xhhsvwb xxymvpz xlup9mm x1kky2od\">\n<!-- iframe plugin v.6.0 wordpress.org\/plugins\/iframe\/ -->\n<iframe loading=\"lazy\" src=\"https:\/\/www.instagram.com\/reel\/DTxOeX8CopQ\/embed\" width=\"460\" height=\"645\" 0=\"\/iframe\" scrolling=\"yes\" class=\"iframe-class\" frameborder=\"0\"><\/iframe>\n<\/span><\/span><\/p>\n<p>&nbsp;<\/p>\n","protected":false},"excerpt":{"rendered":"<p>Los esquiles \ud83d\udc3f\ufe0f, pequenes inxenieres del monte \ud83c\udf33 Al soterrar y escaecer granes y frutos \ud83c\udf30, favorecen la rexeneraci\u00f3n natural d&#8217;\u00e1rboles y plantes, ameyoren el suelu y sostienen la biodiversid\u00e1 \ud83c\udf0d de munchos ecosistemes. La ardilla\/esaguil colorada\ud83d\udc3f\ufe0f (Sciurus vulgaris) ye la \u00fanica ardilla aut\u00f3ctona d&#8217;Espa\u00f1a. VIDEU \/ #D\u00edaDeLasArdillas<\/p>\n","protected":false},"author":117,"featured_media":0,"comment_status":"closed","ping_status":"closed","sticky":false,"template":"","format":"standard","meta":{"footnotes":""},"categories":[6],"tags":[],"class_list":["post-66392","post","type-post","status-publish","format-standard","hentry","category-dia-de"],"_links":{"self":[{"href":"https:\/\/edublog.educastur.es\/ixuxu\/wp-json\/wp\/v2\/posts\/66392","targetHints":{"allow":["GET"]}}],"collection":[{"href":"https:\/\/edublog.educastur.es\/ixuxu\/wp-json\/wp\/v2\/posts"}],"about":[{"href":"https:\/\/edublog.educastur.es\/ixuxu\/wp-json\/wp\/v2\/types\/post"}],"author":[{"embeddable":true,"href":"https:\/\/edublog.educastur.es\/ixuxu\/wp-json\/wp\/v2\/users\/117"}],"replies":[{"embeddable":true,"href":"https:\/\/edublog.educastur.es\/ixuxu\/wp-json\/wp\/v2\/comments?post=66392"}],"version-history":[{"count":6,"href":"https:\/\/edublog.educastur.es\/ixuxu\/wp-json\/wp\/v2\/posts\/66392\/revisions"}],"predecessor-version":[{"id":66463,"href":"https:\/\/edublog.educastur.es\/ixuxu\/wp-json\/wp\/v2\/posts\/66392\/revisions\/66463"}],"wp:attachment":[{"href":"https:\/\/edublog.educastur.es\/ixuxu\/wp-json\/wp\/v2\/media?parent=66392"}],"wp:term":[{"taxonomy":"category","embeddable":true,"href":"https:\/\/edublog.educastur.es\/ixuxu\/wp-json\/wp\/v2\/categories?post=66392"},{"taxonomy":"post_tag","embeddable":true,"href":"https:\/\/edublog.educastur.es\/ixuxu\/wp-json\/wp\/v2\/tags?post=66392"}],"curies":[{"name":"wp","href":"https:\/\/api.w.org\/{rel}","templated":true}]}}