{"id":66404,"date":"2026-01-21T14:46:26","date_gmt":"2026-01-21T12:46:26","guid":{"rendered":"https:\/\/edublog.educastur.es\/ixuxu\/?p=66404"},"modified":"2026-01-23T13:44:29","modified_gmt":"2026-01-23T11:44:29","slug":"fitur-asturies-sumase-al-respeturismo","status":"publish","type":"post","link":"https:\/\/edublog.educastur.es\/ixuxu\/2026\/01\/fitur-asturies-sumase-al-respeturismo\/","title":{"rendered":"FITUR: Asturies s\u00famase al respeturismo."},"content":{"rendered":"<div class=\"xu06os2 x1ok221b\">\n<div class=\"html-div xdj266r x14z9mp xat24cr x1lziwak xexx8yu xyri2b x18d9i69 x1c1uobl\" data-ad-rendering-role=\"profile_name\">\n<h4 class=\"html-h4 x14z9mp xat24cr x1lziwak xexx8yu xyri2b x18d9i69 x1c1uobl x1vvkbs x1heor9g x1qlqyl8 x1pd3egz x1a2a7pz x1gslohp x1yc453h\" style=\"text-align: center\"><a href=\"https:\/\/actualidad.asturias.es\/documents\/537115\/3035686\/2026_01_21+VIcepresidente+presentaci%C3%B3n+campa%C3%B1a+Fitur.jpeg\/82550273-5bc0-4ee8-2255-5c63cb8e1259?t=1768998496185\"><img loading=\"lazy\" decoding=\"async\" class=\"aligncenter \" src=\"https:\/\/actualidad.asturias.es\/documents\/537115\/3035686\/2026_01_21+VIcepresidente+presentaci%C3%B3n+campa%C3%B1a+Fitur.jpeg\/82550273-5bc0-4ee8-2255-5c63cb8e1259?t=1768998496185\" width=\"533\" height=\"400\" \/><\/a><\/h4>\n<\/div>\n<\/div>\n<div class=\"xqcrz7y x78zum5 x1qx5ct2 x1y1aw1k xf159sx xwib8y2 xmzvs34 xw4jnvo\">\n<div>El Princip\u00e1u llanza en Fitur la campa\u00f1a<span style=\"color: #008080\"><strong> \u201cX\u00fanite al respeturismo\u201d<\/strong><\/span>, una invitaci\u00f3n a afayar Asturies dende&#8217;l respetu, l&#8217;autenticid\u00e1 y la convivencia col so territoriu. La iniciativa sof\u00edtase <span style=\"color: #008080\">nun dec\u00e1logu de valores que reflexen la diversid\u00e1 de paisaxes, enclaves y esperiencies que faen \u00fanica a Asturies,<\/span> promoviendo una forma de viaxar m\u00e1s consciente y sostenible. Un modelu tur\u00edsticu que curia de lo que somos y de quien nos visiten. <a href=\"https:\/\/www.elcomercio.es\/asturias\/asturias-exhibe-fitur-centra-concepto-viajar-tranquilo-20260121192703-ga.html\">semeyes El Comercio<\/a> <span class=\"html-span xexx8yu xyri2b x18d9i69 x1c1uobl x1hl2dhg x16tdsg8 x1vvkbs x3nfvp2 x1j61x8r x1fcty0u xdj266r xat24cr xm2jcoa x1mpyi22 xxymvpz xlup9mm x1kky2od\"><img loading=\"lazy\" decoding=\"async\" class=\"xz74otr x15mokao x1ga7v0g x16uus16 xbiv7yw\" src=\"https:\/\/static.xx.fbcdn.net\/images\/emoji.php\/v9\/t69\/1\/16\/1f331.png\" alt=\"\ud83c\udf31\" width=\"16\" height=\"16\" \/><\/span><\/div>\n<div><!--more--><\/div>\n<div><span class=\"html-span xdj266r x14z9mp xat24cr x1lziwak xexx8yu xyri2b x18d9i69 x1c1uobl x1hl2dhg x16tdsg8 x1vvkbs\"><a class=\"x1i10hfl xjbqb8w x1ejq31n x18oe1m7 x1sy0etr xstzfhl x972fbf x10w94by x1qhh985 x14e42zd x9f619 x1ypdohk xt0psk2 x3ct3a4 xdj266r x14z9mp xat24cr x1lziwak xexx8yu xyri2b x18d9i69 x1c1uobl x16tdsg8 x1hl2dhg xggy1nq x1a2a7pz xkrqix3 x1sur9pj x1fey0fg x1s688f\" role=\"link\" href=\"https:\/\/actualidad.asturias.es\/-\/campanafitur211?fbclid=IwZXh0bgNhZW0CMTAAYnJpZBEwamF1bjMyU0VpdDFwSEVvRHNydGMGYXBwX2lkEDIyMjAzOTE3ODgyMDA4OTIAAR6OC-YJjrzng6Mql3L8D2yKGZYv4WIyL5wwBZJqvxWoT8M4tAgHuTVOxRiU2A_aem_h10obh7w9reB3j_uIx6byQ\" target=\"_blank\" rel=\"nofollow noopener noreferrer\">https:\/\/actualidad.asturias.es\/-\/campanafitur211<\/a><\/span><\/div>\n<div><a style=\"text-align: center\" href=\"https:\/\/actualidad.asturias.es\/documents\/537115\/3035709\/2026_01_21+Respeturismo+2.jpg\/fece4524-2930-a814-e23c-7512aadb3c6c?t=1768996822629\"><img loading=\"lazy\" decoding=\"async\" class=\"aligncenter size-large\" src=\"https:\/\/actualidad.asturias.es\/documents\/537115\/3035709\/2026_01_21+Respeturismo+2.jpg\/fece4524-2930-a814-e23c-7512aadb3c6c?t=1768996822629\" width=\"4000\" height=\"2582\" \/><\/a><\/div>\n<\/div>\n<p>El conceutu de respeturismo naz del <strong>apueste por una activid\u00e1 equilibrada y respetuosa col territoriu y concr\u00e9tase nun dec\u00e1logu de conseyos para viaxar de manera sostenible, claves para esfrutar m\u00e1s del dest\u00edn y curialo coles mesmes.<\/strong><\/p>\n<p>Esi dec\u00e1logu, sobro&#8217;l que se bas\u00f3&#8217;l desenvolvimientu creativu de la campa\u00f1a dise\u00f1ada por un equipu asturianu de l&#8217;axencia Arrontes y Barrera, i<span style=\"color: #008080\">ncl\u00fai los siguientes valores: sostenibilid\u00e1, paciencia, empat\u00eda, inter\u00e9s, compromisu cola econom\u00eda local, sensatez, cercan\u00eda, responsabilid\u00e1 y positivid\u00e1.<\/span><\/p>\n<p style=\"text-align: center\"><a href=\"https:\/\/actualidad.asturias.es\/documents\/537115\/3035709\/2026_01_21+Respeturismo+1.jpg\/603adead-fcbd-4c11-74a3-23f4ead49665?t=1768996822722\"><img loading=\"lazy\" decoding=\"async\" class=\"aligncenter \" src=\"https:\/\/actualidad.asturias.es\/documents\/537115\/3035709\/2026_01_21+Respeturismo+1.jpg\/603adead-fcbd-4c11-74a3-23f4ead49665?t=1768996822722\" width=\"370\" height=\"404\" \/><\/a><\/p>\n<p><strong>La campa\u00f1a incl\u00fai 42 imaxes tem\u00e1tiques<\/strong> y una docena de pieces audiovisuales qu&#8217;amuesen la diversid\u00e1 de paisaxes, enclaves y esperiencies d&#8217;Asturies, poniendo&#8217;l focu en llugares menos conoc\u00edos y en rincones por afayar, m\u00e1s all\u00e1 de los grandes iconos tur\u00edsticos, coles mires de contribuyir a la distribuci\u00f3n de fluxos y a una mayor repartida territorial de la riqueza que xenera&#8217;l turismu.<\/p>\n<p style=\"text-align: center\">\n<!-- iframe plugin v.6.0 wordpress.org\/plugins\/iframe\/ -->\n<iframe loading=\"lazy\" src=\"https:\/\/www.facebook.com\/plugins\/video.php?height=476&#038;href=https%3A%2F%2Fwww.facebook.com%2Freel%2F1219500649603796%2F&#038;show_text=false&#038;width=267&#038;t=0\" width=\"267\" height=\"476\" style=\"border:none;overflow:hidden\" scrolling=\"no\" frameborder=\"0\" allowfullscreen=\"true\" allow=\"autoplay; clipboard-write; encrypted-media; picture-in-picture; web-share\" 0=\"\/iframe\" class=\"iframe-class\"><\/iframe>\n<\/p>\n<p><strong>La campa\u00f1a, que va tener una amplia presencia medi\u00e1tica<\/strong>, incl\u00fai paneles nel estand d&#8217;Asturies en Fitur y acciones de publicid\u00e1 esterior en grandes redolaes urbanes, como la Gran V\u00eda de Madrid. <strong>Tami\u00e9n se va espublizar en medios dixitales, prensa y revistes, seg\u00fan en radiu y redes sociales.<\/strong><\/p>\n<p style=\"text-align: center\">\n<!-- iframe plugin v.6.0 wordpress.org\/plugins\/iframe\/ -->\n<iframe loading=\"lazy\" src=\"https:\/\/www.facebook.com\/plugins\/video.php?height=476&#038;href=https%3A%2F%2Fwww.facebook.com%2Freel%2F875360565210526%2F&#038;show_text=false&#038;width=267&#038;t=0\" width=\"267\" height=\"476\" style=\"border:none;overflow:hidden\" scrolling=\"no\" frameborder=\"0\" allowfullscreen=\"true\" allow=\"autoplay; clipboard-write; encrypted-media; picture-in-picture; web-share\" 0=\"\/iframe\" class=\"iframe-class\"><\/iframe>\n<\/p>\n<p style=\"text-align: center\">\n<!-- iframe plugin v.6.0 wordpress.org\/plugins\/iframe\/ -->\n<iframe loading=\"lazy\" src=\"https:\/\/www.facebook.com\/plugins\/video.php?height=476&#038;href=https%3A%2F%2Fwww.facebook.com%2Freel%2F2148410635911926%2F&#038;show_text=false&#038;width=476&#038;t=0\" width=\"476\" height=\"476\" style=\"border:none;overflow:hidden\" scrolling=\"no\" frameborder=\"0\" allowfullscreen=\"true\" allow=\"autoplay; clipboard-write; encrypted-media; picture-in-picture; web-share\" 0=\"\/iframe\" class=\"iframe-class\"><\/iframe>\n<\/p>\n<p style=\"text-align: center\"><a href=\"https:\/\/s3.ppllstatics.com\/elcomercio\/www\/multimedia\/2026\/01\/21\/fitur-estand-asturias%20(10).jpg\"><img loading=\"lazy\" decoding=\"async\" class=\"aligncenter size-large\" src=\"https:\/\/s3.ppllstatics.com\/elcomercio\/www\/multimedia\/2026\/01\/21\/fitur-estand-asturias%20(10).jpg\" width=\"1920\" height=\"1280\" \/><\/a><\/p>\n<p style=\"text-align: center\">\n<!-- iframe plugin v.6.0 wordpress.org\/plugins\/iframe\/ -->\n<iframe loading=\"lazy\" src=\"https:\/\/www.facebook.com\/plugins\/video.php?height=476&#038;href=https%3A%2F%2Fwww.facebook.com%2Ffielatoynora%2Fvideos%2F1576951426667024%2F&#038;show_text=false&#038;width=267&#038;t=0\" width=\"267\" height=\"476\" style=\"border:none;overflow:hidden\" scrolling=\"no\" frameborder=\"0\" allowfullscreen=\"true\" allow=\"autoplay; clipboard-write; encrypted-media; picture-in-picture; web-share\" 0=\"\/iframe\" class=\"iframe-class\"><\/iframe>\n<\/p>\n<p style=\"text-align: center\"><a href=\"https:\/\/s1.ppllstatics.com\/elcomercio\/www\/multimedia\/2026\/01\/21\/fitur-estand-asturias%20(14).jpg\"><img loading=\"lazy\" decoding=\"async\" class=\"aligncenter \" src=\"https:\/\/s1.ppllstatics.com\/elcomercio\/www\/multimedia\/2026\/01\/21\/fitur-estand-asturias%20(14).jpg\" width=\"445\" height=\"667\" \/><\/a><\/p>\n<p style=\"text-align: center\"><a href=\"https:\/\/s3.ppllstatics.com\/elcomercio\/www\/multimedia\/2026\/01\/21\/fitur-estand-asturias%20(17).jpg\"><img loading=\"lazy\" decoding=\"async\" class=\"aligncenter \" src=\"https:\/\/s3.ppllstatics.com\/elcomercio\/www\/multimedia\/2026\/01\/21\/fitur-estand-asturias%20(17).jpg\" width=\"573\" height=\"382\" \/><\/a><\/p>\n<p style=\"text-align: center\">\n<!-- iframe plugin v.6.0 wordpress.org\/plugins\/iframe\/ -->\n<iframe loading=\"lazy\" src=\"https:\/\/www.facebook.com\/plugins\/video.php?height=314&#038;href=https%3A%2F%2Fwww.facebook.com%2Freel%2F2313721602373461%2F&#038;show_text=false&#038;width=560&#038;t=0\" width=\"560\" height=\"314\" style=\"border:none;overflow:hidden\" scrolling=\"no\" frameborder=\"0\" allowfullscreen=\"true\" allow=\"autoplay; clipboard-write; encrypted-media; picture-in-picture; web-share\" 0=\"\/iframe\" class=\"iframe-class\"><\/iframe>\n<\/p>\n<p style=\"text-align: center\"><a href=\"https:\/\/s1.ppllstatics.com\/elcomercio\/www\/multimedia\/2026\/01\/21\/fitur-estand-asturias%20(29).jpg\"><img loading=\"lazy\" decoding=\"async\" class=\"aligncenter \" src=\"https:\/\/s1.ppllstatics.com\/elcomercio\/www\/multimedia\/2026\/01\/21\/fitur-estand-asturias%20(29).jpg\" width=\"647\" height=\"431\" \/><\/a><\/p>\n\n<!-- iframe plugin v.6.0 wordpress.org\/plugins\/iframe\/ -->\n<iframe loading=\"lazy\" src=\"https:\/\/www.facebook.com\/plugins\/post.php?href=https%3A%2F%2Fwww.facebook.com%2Fphoto.php%3Ffbid%3D1188690143436150%26set%3Da.228420436129797%26type%3D3&#038;show_text=false&#038;width=500\" width=\"500\" height=\"645\" style=\"border:none;overflow:hidden\" scrolling=\"no\" frameborder=\"0\" allowfullscreen=\"true\" allow=\"autoplay; clipboard-write; encrypted-media; picture-in-picture; web-share\" 0=\"\/iframe\" class=\"iframe-class\"><\/iframe>\n\n","protected":false},"excerpt":{"rendered":"<p>El Princip\u00e1u llanza en Fitur la campa\u00f1a \u201cX\u00fanite al respeturismo\u201d, una invitaci\u00f3n a afayar Asturies dende&#8217;l respetu, l&#8217;autenticid\u00e1 y la convivencia col so territoriu. La iniciativa sof\u00edtase nun dec\u00e1logu de valores que reflexen la diversid\u00e1 de paisaxes, enclaves y esperiencies que faen \u00fanica a Asturies, promoviendo una forma de viaxar m\u00e1s consciente y sostenible. Un [&hellip;]<\/p>\n","protected":false},"author":117,"featured_media":0,"comment_status":"closed","ping_status":"closed","sticky":false,"template":"","format":"standard","meta":{"footnotes":""},"categories":[167,18],"tags":[],"class_list":["post-66404","post","type-post","status-publish","format-standard","hentry","category-feries","category-turismu"],"_links":{"self":[{"href":"https:\/\/edublog.educastur.es\/ixuxu\/wp-json\/wp\/v2\/posts\/66404","targetHints":{"allow":["GET"]}}],"collection":[{"href":"https:\/\/edublog.educastur.es\/ixuxu\/wp-json\/wp\/v2\/posts"}],"about":[{"href":"https:\/\/edublog.educastur.es\/ixuxu\/wp-json\/wp\/v2\/types\/post"}],"author":[{"embeddable":true,"href":"https:\/\/edublog.educastur.es\/ixuxu\/wp-json\/wp\/v2\/users\/117"}],"replies":[{"embeddable":true,"href":"https:\/\/edublog.educastur.es\/ixuxu\/wp-json\/wp\/v2\/comments?post=66404"}],"version-history":[{"count":11,"href":"https:\/\/edublog.educastur.es\/ixuxu\/wp-json\/wp\/v2\/posts\/66404\/revisions"}],"predecessor-version":[{"id":66560,"href":"https:\/\/edublog.educastur.es\/ixuxu\/wp-json\/wp\/v2\/posts\/66404\/revisions\/66560"}],"wp:attachment":[{"href":"https:\/\/edublog.educastur.es\/ixuxu\/wp-json\/wp\/v2\/media?parent=66404"}],"wp:term":[{"taxonomy":"category","embeddable":true,"href":"https:\/\/edublog.educastur.es\/ixuxu\/wp-json\/wp\/v2\/categories?post=66404"},{"taxonomy":"post_tag","embeddable":true,"href":"https:\/\/edublog.educastur.es\/ixuxu\/wp-json\/wp\/v2\/tags?post=66404"}],"curies":[{"name":"wp","href":"https:\/\/api.w.org\/{rel}","templated":true}]}}