{"id":66426,"date":"2026-01-22T09:30:45","date_gmt":"2026-01-22T07:30:45","guid":{"rendered":"https:\/\/edublog.educastur.es\/ixuxu\/?p=66426"},"modified":"2026-01-22T11:21:58","modified_gmt":"2026-01-22T09:21:58","slug":"el-tiempu-el-comercio-241","status":"publish","type":"post","link":"https:\/\/edublog.educastur.es\/ixuxu\/2026\/01\/el-tiempu-el-comercio-241\/","title":{"rendered":"El tiempu (El Comercio)"},"content":{"rendered":"<p style=\"text-align: center\"><a href=\"https:\/\/s2.ppllstatics.com\/elcomercio\/www\/multimedia\/2026\/01\/21\/prevision-tiempo-asturias-kgXG-U2302588077118HVD-1200x870@El%20Comercio.jpg\"><img loading=\"lazy\" decoding=\"async\" class=\"aligncenter size-large\" src=\"https:\/\/s2.ppllstatics.com\/elcomercio\/www\/multimedia\/2026\/01\/21\/prevision-tiempo-asturias-kgXG-U2302588077118HVD-1200x870@El%20Comercio.jpg\" width=\"1200\" height=\"870\" \/><\/a><\/p>\n<p>los vientos fueron protagonistes el mi\u00e9rcoles n&#8217;Asturies. La racha m\u00e1s intensa anotose en Cabrales (138 km\/h), pero tami\u00e9n destacaron los 128 km\/h en Picos d&#8217;Europa, los 124 km\/h en Cabu Bustu, los 123 km\/h en Sotres y los 113 km\/h en Cabo Pe\u00f1es.<strong> El xueves volveremos esperar fuertes raches de vientu<\/strong> pero van tener llugar especialmente na recta final del d\u00eda. Pela ma\u00f1ana prevense vientos moderaos de suroeste que, sacantes esceiciones bien puntuales, nun van superar los 50 o 60 km\/h. Pero<strong> a lo llargo de la tarde<\/strong>, va aumentar la intensid\u00e1 de los vientos nel occidente y nel cordal, pudiendo superase los 90 km\/h.<\/p>\n<p style=\"text-align: center\"><a href=\"https:\/\/pbs.twimg.com\/media\/G_QbR28X0AERu5F?format=jpg&amp;name=large\"><img loading=\"lazy\" decoding=\"async\" class=\"aligncenter \" src=\"https:\/\/pbs.twimg.com\/media\/G_QbR28X0AERu5F?format=jpg&amp;name=large\" width=\"691\" height=\"463\" \/><\/a><\/p>\n<p><!--more--><\/p>\n<p><strong>A la fin del d\u00eda<\/strong>, y especialmente na madrugada del vienres, tami\u00e9n s&#8217;esperen raches fuertes de vientu nel restu del Princip\u00e1u. Por casu, esp\u00e9rase que se superen los 80 km\/h n&#8217;Uvi\u00e9u y otres localidaes del centru d&#8217;Asturies. En cuanto al <strong>est\u00e1u de los cielos<\/strong>, prevense intervalos nublos con m\u00e1s nubosid\u00e1 pela tarde. Estes nubes van poder dexar precipitaciones que, asina tou, van ser m\u00e1s frecuentes nel sur y nel occidente asturianu. Les <strong>temperatures m\u00e1ximes<\/strong>, en superando los 20 \u00baC na mari\u00f1a asturiana, van baxar ente 2 y 3 \u00baC en tola rex\u00f3n, ente que <strong>les m\u00ednimes<\/strong> van baxar llixeramente nel oriente y van caltenese nel occidente. Per otru llau, ye importante destacar l&#8217;avisu naranxa na mar mientres tol d\u00eda por foles d&#8217;hasta 7 metros d&#8217;altor.<\/p>\n","protected":false},"excerpt":{"rendered":"<p>los vientos fueron protagonistes el mi\u00e9rcoles n&#8217;Asturies. La racha m\u00e1s intensa anotose en Cabrales (138 km\/h), pero tami\u00e9n destacaron los 128 km\/h en Picos d&#8217;Europa, los 124 km\/h en Cabu Bustu, los 123 km\/h en Sotres y los 113 km\/h en Cabo Pe\u00f1es. El xueves volveremos esperar fuertes raches de vientu pero van tener llugar [&hellip;]<\/p>\n","protected":false},"author":117,"featured_media":0,"comment_status":"closed","ping_status":"closed","sticky":false,"template":"","format":"standard","meta":{"footnotes":""},"categories":[5],"tags":[],"class_list":["post-66426","post","type-post","status-publish","format-standard","hentry","category-tiempu"],"_links":{"self":[{"href":"https:\/\/edublog.educastur.es\/ixuxu\/wp-json\/wp\/v2\/posts\/66426","targetHints":{"allow":["GET"]}}],"collection":[{"href":"https:\/\/edublog.educastur.es\/ixuxu\/wp-json\/wp\/v2\/posts"}],"about":[{"href":"https:\/\/edublog.educastur.es\/ixuxu\/wp-json\/wp\/v2\/types\/post"}],"author":[{"embeddable":true,"href":"https:\/\/edublog.educastur.es\/ixuxu\/wp-json\/wp\/v2\/users\/117"}],"replies":[{"embeddable":true,"href":"https:\/\/edublog.educastur.es\/ixuxu\/wp-json\/wp\/v2\/comments?post=66426"}],"version-history":[{"count":5,"href":"https:\/\/edublog.educastur.es\/ixuxu\/wp-json\/wp\/v2\/posts\/66426\/revisions"}],"predecessor-version":[{"id":66435,"href":"https:\/\/edublog.educastur.es\/ixuxu\/wp-json\/wp\/v2\/posts\/66426\/revisions\/66435"}],"wp:attachment":[{"href":"https:\/\/edublog.educastur.es\/ixuxu\/wp-json\/wp\/v2\/media?parent=66426"}],"wp:term":[{"taxonomy":"category","embeddable":true,"href":"https:\/\/edublog.educastur.es\/ixuxu\/wp-json\/wp\/v2\/categories?post=66426"},{"taxonomy":"post_tag","embeddable":true,"href":"https:\/\/edublog.educastur.es\/ixuxu\/wp-json\/wp\/v2\/tags?post=66426"}],"curies":[{"name":"wp","href":"https:\/\/api.w.org\/{rel}","templated":true}]}}