{"id":66441,"date":"2026-01-22T12:40:46","date_gmt":"2026-01-22T10:40:46","guid":{"rendered":"https:\/\/edublog.educastur.es\/ixuxu\/?p=66441"},"modified":"2026-01-23T11:27:28","modified_gmt":"2026-01-23T09:27:28","slug":"berta-pinan-ganal-premiu-nacional-de-lliteratura-asturiana","status":"publish","type":"post","link":"https:\/\/edublog.educastur.es\/ixuxu\/2026\/01\/berta-pinan-ganal-premiu-nacional-de-lliteratura-asturiana\/","title":{"rendered":"Berta Pi\u00f1\u00e1n gana&#8217;l Premiu Nacional de Lliteratura Asturiana"},"content":{"rendered":"<div class=\"html-div xdj266r x14z9mp xat24cr x1lziwak xexx8yu x1a8lsjc xf7dkkf xv54qhq\">\n<div class=\"html-div xdj266r x14z9mp xat24cr x1lziwak xexx8yu xyri2b x18d9i69 x1c1uobl x1jx94hy x78zum5 x1q0g3np\">\n<div class=\"x78zum5 xdt5ytf xz62fqu x16ldp7u\">\n<div class=\"xu06os2 x1ok221b\">\n<div class=\"html-div xdj266r x14z9mp xat24cr x1lziwak xexx8yu xyri2b x18d9i69 x1c1uobl\" data-ad-rendering-role=\"profile_name\">\n<ul>\n<li class=\"html-h3 x14z9mp xat24cr x1lziwak xexx8yu xyri2b x18d9i69 x1c1uobl x1vvkbs x1heor9g x1qlqyl8 x1pd3egz x1a2a7pz x1gslohp x1yc453h\"><span class=\"x1lliihq x6ikm8r x10wlt62 x1n2onr6\"><span class=\"xt0psk2\"><a class=\"x1i10hfl xjbqb8w x1ejq31n x18oe1m7 x1sy0etr xstzfhl x972fbf x10w94by x1qhh985 x14e42zd x9f619 x1ypdohk xt0psk2 x3ct3a4 xdj266r x14z9mp xat24cr x1lziwak xexx8yu xyri2b x18d9i69 x1c1uobl x16tdsg8 x1hl2dhg xggy1nq x1a2a7pz xkrqix3 x1sur9pj xzsf02u x1s688f\" role=\"link\" href=\"https:\/\/www.facebook.com\/AcademiadelaLlinguaAsturiana?__cft__[0]=AZZkhJMVE-99h8feS04Q-j_P5v7DXVUmfQTIuwIKFIczuYWSfOXVLZQ0ScB7rfnlKrdRBgiDohQdonRPk2oiKM0EqRPYGewrxpb7AZUhGyQacluhfXhrKhjDFapwxRw-6ac6yCUq3wPNtY3uahB5bHk_QIk37M5AgWjaYobfAx22y08yq-ZJgvo9BkeyNBiizTN5yskdmo0s90V6IMAjtCyk&amp;__tn__=-UC%2CP-y-R\"><b class=\"html-b xdj266r x14z9mp xat24cr x1lziwak xexx8yu xyri2b x18d9i69 x1c1uobl x1hl2dhg x16tdsg8 x1vvkbs x1s688f\"><span class=\"html-span xdj266r x14z9mp xat24cr x1lziwak xexx8yu xyri2b x18d9i69 x1c1uobl x1hl2dhg x16tdsg8 x1vvkbs\">Academia de la Llingua Asturiana<\/span><\/b><\/a><\/span><\/span><\/li>\n<\/ul>\n<\/div>\n<\/div>\n<div class=\"xu06os2 x1ok221b\">\n<div class=\"html-div xdj266r x14z9mp xat24cr x1lziwak xexx8yu xyri2b x18d9i69 x1c1uobl x6s0dn4 x17zd0t2 x78zum5 x1q0g3np x1a02dak\">La escritora Berta Pi\u00f1\u00e1n Su\u00e1rez gana&#8217;l Premiu Nacional de Lliteratura Asturiana na so cuarta edici\u00f3n (2026). Tola informaci\u00f3n nel enllaz que sigue darr\u00e9u: <span class=\"html-span xdj266r x14z9mp xat24cr x1lziwak xexx8yu xyri2b x18d9i69 x1c1uobl x1hl2dhg x16tdsg8 x1vvkbs\"><a class=\"x1i10hfl xjbqb8w x1ejq31n x18oe1m7 x1sy0etr xstzfhl x972fbf x10w94by x1qhh985 x14e42zd x9f619 x1ypdohk xt0psk2 x3ct3a4 xdj266r x14z9mp xat24cr x1lziwak xexx8yu xyri2b x18d9i69 x1c1uobl x16tdsg8 x1hl2dhg xggy1nq x1a2a7pz xkrqix3 x1sur9pj x1fey0fg x1s688f\" role=\"link\" href=\"https:\/\/l.facebook.com\/l.php?u=https%3A%2F%2Falladixital.org%2Fla-escritora-berta-pinan-suarez-ganal-premiu-nacional-de-lliteratura-asturiana-na-so-cuarta-edicion%2F%3Ffbclid%3DIwZXh0bgNhZW0CMTAAYnJpZBEwZmRaNVBNS0t3VUJpZTJKYnNydGMGYXBwX2lkEDIyMjAzOTE3ODgyMDA4OTIAAR6vpgGdNX_9VcKVHM8WrscWSQPM1J1eixFgMesKQhumUy2MzUx6SOUzwNvHJQ_aem_BrOCzO3535N4ssHNGzZstg&amp;h=AT0xq83ZIFZmCDiRppZQKrXLOKOOJZ6yhYYKy9a9w_yYKAW9JTpILagRAv7zod3Qcd5kIYQOj146-bcv8I-yy-Av7ACMe6kJZHwVns_KTyLQxrkuoytzRQRwNHL1Y--Kd_Jq4rJ9lNFv9g&amp;__tn__=-UK-y-R&amp;c[0]=AT2JrUa0IZpRNJ_KFi7RzkgxM47cn-jyf_JysdK4q_FpzH1zgjM73h75wLYdcWwLJhyvEnLrDMju7qoK9dvcvqJaabccnuLCKXE_G8HZ9YGbsakOqFk1nk9tKckCZyp1DBHeviGI6abPfMgRw303pnbeLyO7D7Ym_pU3MJ4ojuoRD3EQ7LCnoz9ru2rg8EBhiAgq53MtzoEhSwrcg0-ZPDx4Ske6qlBG0IuNW_IhtzlllxB6\" target=\"_blank\" rel=\"nofollow noopener noreferrer\">https:\/\/alladixital.org\/la-escritora-berta-pinan-suarez&#8230;\/<\/a><\/span><\/div>\n<div><\/div>\n<div><\/div>\n<div style=\"text-align: center\"><a href=\"https:\/\/alladixital.org\/?brizy_media=42842&amp;brizy_crop=iW%3D1050%26iH%3D512%26oX%3D0%26oY%3D0%26cW%3D1050%26cH%3D512\"><img loading=\"lazy\" decoding=\"async\" class=\"aligncenter size-large\" src=\"https:\/\/alladixital.org\/?brizy_media=42842&amp;brizy_crop=iW%3D1050%26iH%3D512%26oX%3D0%26oY%3D0%26cW%3D1050%26cH%3D512\" width=\"1050\" height=\"512\" \/><\/a><\/div>\n<div>\n<p class=\"font-size-xxl margin-b-5 font-weight-b color-b-050 letter-spacing--1 fuente-corporativa\">Berta Pi\u00f1\u00e1n gana&#8217;l cuartu Premiu Nacional de Lliteratura Asturiana convoc\u00e1u pola ALLA. Ye un galard\u00f3n que convoca<strong> l&#8217;Academia de la Llingua Asturiana.\u00a0<\/strong>L&#8217;acta empondera la calid\u00e1 lliteraria de l&#8217;autora canguesa y ex-conseyera de Cultura y, sobre manera, la fondura d&#8217;una poes\u00eda sensible y abierta a los problemes cotidianos. La obra de Pi\u00f1\u00e1n, seg\u00fan el xur\u00e1u, contribuy\u00f3 a dignificar y sopelexar la cultura asturiana fuera de la comunid\u00e1. El galard\u00f3n apurrir\u00e1se&#8217;l 8 de mayu, D\u00eda de les Lletres Asturianes, nel teatru Campoamor.<\/p>\n<\/div>\n<div>\n<p><!--more--><\/p>\n<p>Llueu de tomar la pallabra tolos miembros del Xur\u00e1u, y tres del alderique correspondiente, f\u00edxose la votaci\u00f3n na que, por unanimid\u00e1, decidi\u00f3se conceder el premiu a la escritora Berta Pi\u00f1\u00e1n Su\u00e1rez.<\/p>\n<p>Nel acta, el xur\u00e1u xustific\u00f3 d\u2019esti xeitu la decisi\u00f3n de <strong>concede-y el Premiu Nacional pola calid\u00e1 d\u2019un facer lliterariu que percuerre\u2019l panorama asturianu de los caberos cuarenta a\u00f1os y nel que destaca la fondura d\u2019una poes\u00eda sentida, sensible, abierta a los problemes cotidianos y del mundu y d\u2019una bayurosa orixinalid\u00e1<\/strong>.<\/p>\n<p style=\"text-align: center\"><a href=\"https:\/\/www.rtpa.es\/fotos\/\/26\/01\/20260122143749_RTPA7620804.webp\"><img loading=\"lazy\" decoding=\"async\" class=\"aligncenter size-large\" src=\"https:\/\/www.rtpa.es\/fotos\/\/26\/01\/20260122143749_RTPA7620804.webp\" width=\"853\" height=\"480\" \/><\/a><\/p>\n<p>Ye destacable, al empar, la coherencia d\u2019una espresi\u00f3n narrativa na que l\u2019apegu al territoriu y el tratamientu de tipos humanos cercanos dexa, xustamente, la posibilid\u00e1 de la so interpretaci\u00f3n universalista. La contribuci\u00f3n de la obra lliteraria de Berta Pi\u00f1\u00e1n a la dignificaci\u00f3n de la lliteratura asturiana, del so espardimientu fuera de les llendes d\u2019Asturies y, a lo cabero, la so grand\u00edsima y decisiva importancia nel procesu de recuperaci\u00f3n lling\u00fc\u00edstica n\u2019Asturies, afiten el sentir del xur\u00e1u a la hora de conceder el Premiu Nacional a una obra y a una persona que, de xuru, puen calificase como esceicionales y decisives nel valir actual de les nueses lletres.<\/p>\n<p>El Premiu Nacional de Lliteratura, am\u00e1s del correspondiente meday\u00f3n conmemorativu y la edici\u00f3n d\u2019un llibru de s\u00edntesis de la so obra, cuenta con una dotaci\u00f3n econ\u00f3mica de 6.000 euros. Siguiendo\u2019l vezu de les dos primeres ediciones, Berta Pi\u00f1\u00e1n Su\u00e1rez <strong>recibir\u00e1 p\u00fablicamente\u2019l so gallard\u00f3n dientro de los actos del D\u00eda de les Lletres Asturianes, previstos pa la tarde del 8 de mayu del 2026, nel Teatru Campoamor.<\/strong><\/p>\n<p>Uvi\u00e9u, 22 de xineru del 2026<\/p>\n<\/div>\n<\/div>\n<\/div>\n<\/div>\n<\/div>\n<p>&nbsp;<\/p>\n","protected":false},"excerpt":{"rendered":"<p>Academia de la Llingua Asturiana La escritora Berta Pi\u00f1\u00e1n Su\u00e1rez gana&#8217;l Premiu Nacional de Lliteratura Asturiana na so cuarta edici\u00f3n (2026). Tola informaci\u00f3n nel enllaz que sigue darr\u00e9u: https:\/\/alladixital.org\/la-escritora-berta-pinan-suarez&#8230;\/ Berta Pi\u00f1\u00e1n gana&#8217;l cuartu Premiu Nacional de Lliteratura Asturiana convoc\u00e1u pola ALLA. Ye un galard\u00f3n que convoca l&#8217;Academia de la Llingua Asturiana.\u00a0L&#8217;acta empondera la calid\u00e1 lliteraria [&hellip;]<\/p>\n","protected":false},"author":117,"featured_media":0,"comment_status":"closed","ping_status":"closed","sticky":false,"template":"","format":"standard","meta":{"footnotes":""},"categories":[65,32,71,58],"tags":[],"class_list":["post-66441","post","type-post","status-publish","format-standard","hentry","category-alla","category-escritores","category-lliteratura","category-premios"],"_links":{"self":[{"href":"https:\/\/edublog.educastur.es\/ixuxu\/wp-json\/wp\/v2\/posts\/66441","targetHints":{"allow":["GET"]}}],"collection":[{"href":"https:\/\/edublog.educastur.es\/ixuxu\/wp-json\/wp\/v2\/posts"}],"about":[{"href":"https:\/\/edublog.educastur.es\/ixuxu\/wp-json\/wp\/v2\/types\/post"}],"author":[{"embeddable":true,"href":"https:\/\/edublog.educastur.es\/ixuxu\/wp-json\/wp\/v2\/users\/117"}],"replies":[{"embeddable":true,"href":"https:\/\/edublog.educastur.es\/ixuxu\/wp-json\/wp\/v2\/comments?post=66441"}],"version-history":[{"count":4,"href":"https:\/\/edublog.educastur.es\/ixuxu\/wp-json\/wp\/v2\/posts\/66441\/revisions"}],"predecessor-version":[{"id":66540,"href":"https:\/\/edublog.educastur.es\/ixuxu\/wp-json\/wp\/v2\/posts\/66441\/revisions\/66540"}],"wp:attachment":[{"href":"https:\/\/edublog.educastur.es\/ixuxu\/wp-json\/wp\/v2\/media?parent=66441"}],"wp:term":[{"taxonomy":"category","embeddable":true,"href":"https:\/\/edublog.educastur.es\/ixuxu\/wp-json\/wp\/v2\/categories?post=66441"},{"taxonomy":"post_tag","embeddable":true,"href":"https:\/\/edublog.educastur.es\/ixuxu\/wp-json\/wp\/v2\/tags?post=66441"}],"curies":[{"name":"wp","href":"https:\/\/api.w.org\/{rel}","templated":true}]}}