{"id":66449,"date":"2026-01-22T12:56:56","date_gmt":"2026-01-22T10:56:56","guid":{"rendered":"https:\/\/edublog.educastur.es\/ixuxu\/?p=66449"},"modified":"2026-01-27T12:44:03","modified_gmt":"2026-01-27T10:44:03","slug":"un-asturianu-nominau-a-los-premios-goya-de-fotografia","status":"publish","type":"post","link":"https:\/\/edublog.educastur.es\/ixuxu\/2026\/01\/un-asturianu-nominau-a-los-premios-goya-de-fotografia\/","title":{"rendered":"Un asturianu, nomin\u00e1u a los Premios Goya de fotograf\u00eda"},"content":{"rendered":"<p>Un asturianu suma siete nominaciones a los Premios Goya de fotograf\u00eda: \u00abSolo soi un fot\u00f3grafu de barriu y nun aspiro a m\u00e1s\u00bb.\u00a0 El riosellano<a href=\"https:\/\/www.instagram.com\/jonathanhevia\/\"><strong> Jonathan Hevia<\/strong><\/a> tien nel so oxetivu ganar el so cuartu Goya, el 7 de febreru, en Zaragoza: \u00abEsfruto colo que faigo\u00bb <a href=\"https:\/\/www.lne.es\/oriente\/2026\/01\/21\/asturiano-suma-siete-nominaciones-premios-125912308.html?utm_campaign=mrf-facebook-nuevaespana&amp;mrfcid=202601216970b7cfc5bf8e32d25b23dc\">LNE<\/a><\/p>\n<p style=\"text-align: center\"><span class=\"x193iq5w xeuugli x13faqbe x1vvkbs xt0psk2 x1i0vuye xvs91rp xo1l8bm x5n08af x10wh9bi xpm28yp x8viiok x1o7cslx x126k92a\"><span class=\"html-span xexx8yu x4uap5 x18d9i69 xkhd6sd x1hl2dhg x16tdsg8 x1vvkbs x3nfvp2 x1j61x8r x1fcty0u xdj266r xat24cr xgzva0m xhhsvwb xxymvpz xlup9mm x1kky2od\">\n<!-- iframe plugin v.6.0 wordpress.org\/plugins\/iframe\/ -->\n<iframe loading=\"lazy\" src=\"https:\/\/www.instagram.com\/reel\/DTRFIxODETk\/embed\" width=\"640\" height=\"675\" 0=\"\/iframe\" scrolling=\"yes\" class=\"iframe-class\" frameborder=\"0\"><\/iframe>\n<\/span><\/span><\/p>\n<p><!--more--><\/p>\n<p style=\"text-align: center\"><a href=\"https:\/\/estaticos-cdn.prensaiberica.es\/clip\/f84e46fb-937a-4d7b-8a99-f84380b6cbc8_source-aspect-ratio_default_0_x1000y444.jpg\"><img loading=\"lazy\" decoding=\"async\" class=\"aligncenter size-large\" src=\"https:\/\/estaticos-cdn.prensaiberica.es\/clip\/f84e46fb-937a-4d7b-8a99-f84380b6cbc8_source-aspect-ratio_default_0_x1000y444.jpg\" width=\"2000\" height=\"1333\" \/><\/a><\/p>\n<p>&nbsp;<\/p>\n<p style=\"text-align: center\"><a href=\"https:\/\/estaticos-cdn.prensaiberica.es\/clip\/d0c14e50-eff6-4408-b267-ec905a8a88ea_source-aspect-ratio_default_0_x640y640.jpg\"><img loading=\"lazy\" decoding=\"async\" class=\"aligncenter size-large\" src=\"https:\/\/estaticos-cdn.prensaiberica.es\/clip\/d0c14e50-eff6-4408-b267-ec905a8a88ea_source-aspect-ratio_default_0_x640y640.jpg\" width=\"1333\" height=\"2000\" \/><\/a><\/p>\n<p style=\"text-align: center\">\n<!-- iframe plugin v.6.0 wordpress.org\/plugins\/iframe\/ -->\n<iframe loading=\"lazy\" src=\"https:\/\/www.facebook.com\/plugins\/video.php?height=476&#038;href=https%3A%2F%2Fwww.facebook.com%2Freel%2F793898410381359%2F&#038;show_text=false&#038;width=476&#038;t=0\" width=\"476\" height=\"476\" style=\"border:none;overflow:hidden\" scrolling=\"no\" frameborder=\"0\" allowfullscreen=\"true\" allow=\"autoplay; clipboard-write; encrypted-media; picture-in-picture; web-share\" 0=\"\/iframe\" class=\"iframe-class\"><\/iframe>\n<\/p>\n<p style=\"text-align: center\"><a href=\"https:\/\/estaticos-cdn.prensaiberica.es\/clip\/5db4af09-6df6-4828-8241-521ccff27112_source-aspect-ratio_default_0_x714y267.jpg\"><img loading=\"lazy\" decoding=\"async\" class=\"aligncenter size-large\" src=\"https:\/\/estaticos-cdn.prensaiberica.es\/clip\/5db4af09-6df6-4828-8241-521ccff27112_source-aspect-ratio_default_0_x714y267.jpg\" width=\"2000\" height=\"1125\" \/><\/a><\/p>\n<p style=\"text-align: center\"><a href=\"https:\/\/estaticos-cdn.prensaiberica.es\/clip\/8d785dd7-ff9d-4d3c-b172-74f4949020e3_source-aspect-ratio_default_0_x714y267.jpg\"><img loading=\"lazy\" decoding=\"async\" class=\"aligncenter size-large\" src=\"https:\/\/estaticos-cdn.prensaiberica.es\/clip\/8d785dd7-ff9d-4d3c-b172-74f4949020e3_source-aspect-ratio_default_0_x714y267.jpg\" width=\"2000\" height=\"1125\" \/><\/a><\/p>\n","protected":false},"excerpt":{"rendered":"<p>Un asturianu suma siete nominaciones a los Premios Goya de fotograf\u00eda: \u00abSolo soi un fot\u00f3grafu de barriu y nun aspiro a m\u00e1s\u00bb.\u00a0 El riosellano Jonathan Hevia tien nel so oxetivu ganar el so cuartu Goya, el 7 de febreru, en Zaragoza: \u00abEsfruto colo que faigo\u00bb LNE<\/p>\n","protected":false},"author":117,"featured_media":0,"comment_status":"closed","ping_status":"closed","sticky":false,"template":"","format":"standard","meta":{"footnotes":""},"categories":[58,17],"tags":[],"class_list":["post-66449","post","type-post","status-publish","format-standard","hentry","category-premios","category-semeyes"],"_links":{"self":[{"href":"https:\/\/edublog.educastur.es\/ixuxu\/wp-json\/wp\/v2\/posts\/66449","targetHints":{"allow":["GET"]}}],"collection":[{"href":"https:\/\/edublog.educastur.es\/ixuxu\/wp-json\/wp\/v2\/posts"}],"about":[{"href":"https:\/\/edublog.educastur.es\/ixuxu\/wp-json\/wp\/v2\/types\/post"}],"author":[{"embeddable":true,"href":"https:\/\/edublog.educastur.es\/ixuxu\/wp-json\/wp\/v2\/users\/117"}],"replies":[{"embeddable":true,"href":"https:\/\/edublog.educastur.es\/ixuxu\/wp-json\/wp\/v2\/comments?post=66449"}],"version-history":[{"count":10,"href":"https:\/\/edublog.educastur.es\/ixuxu\/wp-json\/wp\/v2\/posts\/66449\/revisions"}],"predecessor-version":[{"id":66865,"href":"https:\/\/edublog.educastur.es\/ixuxu\/wp-json\/wp\/v2\/posts\/66449\/revisions\/66865"}],"wp:attachment":[{"href":"https:\/\/edublog.educastur.es\/ixuxu\/wp-json\/wp\/v2\/media?parent=66449"}],"wp:term":[{"taxonomy":"category","embeddable":true,"href":"https:\/\/edublog.educastur.es\/ixuxu\/wp-json\/wp\/v2\/categories?post=66449"},{"taxonomy":"post_tag","embeddable":true,"href":"https:\/\/edublog.educastur.es\/ixuxu\/wp-json\/wp\/v2\/tags?post=66449"}],"curies":[{"name":"wp","href":"https:\/\/api.w.org\/{rel}","templated":true}]}}