{"id":66470,"date":"2026-01-22T12:30:55","date_gmt":"2026-01-22T10:30:55","guid":{"rendered":"https:\/\/edublog.educastur.es\/ixuxu\/?p=66470"},"modified":"2026-01-22T13:18:42","modified_gmt":"2026-01-22T11:18:42","slug":"cultura-convoca-ayudes-por-230-000-euros-para-la-normalizacion-del-asturianu-y-del-eonaviego","status":"publish","type":"post","link":"https:\/\/edublog.educastur.es\/ixuxu\/2026\/01\/cultura-convoca-ayudes-por-230-000-euros-para-la-normalizacion-del-asturianu-y-del-eonaviego\/","title":{"rendered":"Cultura convoca ayudes para la normalizaci\u00f3n del asturianu y del eonaviego"},"content":{"rendered":"<p style=\"text-align: center\"><a href=\"https:\/\/actualidad.asturias.es\/documents\/537115\/3036132\/Mapa+Asturias.jpg\/df835810-caa2-7bce-7d86-463024d4ae14?t=1769001565744\"><img loading=\"lazy\" decoding=\"async\" class=\"aligncenter size-large\" src=\"https:\/\/actualidad.asturias.es\/documents\/537115\/3036132\/Mapa+Asturias.jpg\/df835810-caa2-7bce-7d86-463024d4ae14?t=1769001565744\" width=\"1300\" height=\"835\" \/><\/a><\/p>\n<p><a href=\"https:\/\/actualidad.asturias.es\/-\/ayudasasturiano211?redirect=%2Fnoticias\">Actualid\u00e1<\/a> \/ Cultura convoca ayudes por 230.000 euros para la normalizaci\u00f3n del asturianu y del eonaviego. Les subvenciones son en dos ll\u00ednees, una para medios de comunicaci\u00f3n y otra para empreses, fundaciones y asociaciones promotores de proyectos d&#8217;inter\u00e9s cultural . El plazu para presentar les solicit\u00faes remata&#8217;l 17 de febreru.<\/p>\n<p><!--more--><\/p>\n<div id=\"main-content\" class=\"columns-1\" role=\"main\">\n<div class=\"portlet-layout row\">\n<div id=\"column-1\" class=\"col-md-12 portlet-column portlet-column-only\">\n<div id=\"layout-column_column-1\" class=\"portlet-dropzone portlet-column-content portlet-column-content-only\">\n<div id=\"p_p_id_com_liferay_asset_publisher_web_portlet_AssetPublisherPortlet_INSTANCE_DSnKSBdGDt7q_\" class=\"portlet-boundary portlet-boundary_com_liferay_asset_publisher_web_portlet_AssetPublisherPortlet_ portlet-static portlet-static-end portlet-barebone portlet-asset-publisher nota-detalle\">\n<section id=\"portlet_com_liferay_asset_publisher_web_portlet_AssetPublisherPortlet_INSTANCE_DSnKSBdGDt7q\" class=\"portlet\">\n<div class=\"portlet-content\">\n<div class=\" portlet-content-container\">\n<div class=\"portlet-body\">\n<div class=\"asset-full-content clearfix default-asset-publisher show-asset-title\">\n<div id=\"_com_liferay_asset_publisher_web_portlet_AssetPublisherPortlet_INSTANCE_DSnKSBdGDt7q_3036142\" class=\"asset-content\">\n<div class=\"clearfix journal-content-article\" data-analytics-asset-id=\"3036129\" data-analytics-asset-title=\"Cultura convoca ayudas por 230.000 euros para la normalizaci\u00f3n del asturiano y del eonaviego\" data-analytics-asset-type=\"web-content\">\n<div class=\"nota\">\n<div class=\"description\">\n<p>La Conseyer\u00eda de Cultura, Pol\u00edtica Lling\u00fc\u00edstica y Deporte llanz\u00f3 dos ll\u00ednees de subvenciones para impulsar la normalizaci\u00f3n social del asturianu y del eonaviego,<strong> con una dotaci\u00f3n global de 230.000 euros<\/strong>. Dambes convocatories, que se van resolver en r\u00e9xime de concurrencia competitiva, efuerzan el <strong>compromisu del Gobiernu d&#8217;Asturies cola promoci\u00f3n y dignificaci\u00f3n de les lling\u00fces propies del Princip\u00e1u.<\/strong><\/p>\n<p>La primer ll\u00ednea d&#8217;ayudes cunta con un presupuestu de 120.000 euros y dir\u00edxese a empreses privaes, fundaciones y asociaciones que desenvuelvan proyectos d&#8217;inter\u00e9s cultural, lling\u00fc\u00edsticu o social n&#8217;asturianu o eonaviego. D&#8217;esta cuant\u00eda, 70.000 euros destinaranse a proyectos promovios por empreses y 50.000, a iniciatives d&#8217;entidaes ensin \u00e1nimu d&#8217;arriquecimientu. El resolvimientu de les ayudes puede consultase nel siguiente enllaz del Bolet\u00edn Oficial del Princip\u00e1u (Bopa) :\u00a0<a href=\"https:\/\/miprincipado.asturias.es\/bopa\/2026\/01\/20\/2026-00284.pdf\" target=\"_blank\" rel=\"noopener\">miprincipado.asturias.es<\/a><\/p>\n<p>Ente los criterios de valoraci\u00f3n figuren la <strong>correcci\u00f3n lling\u00fc\u00edstica, l&#8217;inter\u00e9s cultural y social, la capacid\u00e1 d&#8217;espardimientu, la esperiencia de les persones responsables, la innovaci\u00f3n, la perspectiva de x\u00e9neru y l&#8217;enraigono nel mediu rural<\/strong>.<\/p>\n<p>La segunda convocatoria, dotada con 110.000 euros, ta dirixida a empreses de prensa, radio, televisi\u00f3n o medios dixitales d&#8217;\u00e1mbitu asturianu. Estos fondos van financiar inversiones destinaes a la producci\u00f3n de conten\u00edos n&#8217;asturianu o eonaviego <strong>que contribuyan al so usu habitual n&#8217;informaciones xenerales, espacios peri\u00f3dicos o programes d&#8217;especial inter\u00e9s, siempres dientro de les canales propies del mediu y asum\u00edos editorialmente per este.<\/strong> Van Poder optar a estes ayudes empreses con casa social, establecimientu o delegaci\u00f3n n&#8217;Asturies. La convocatoria puede consultase nel siguiente enllaz:\u00a0<a href=\"https:\/\/miprincipado.asturias.es\/bopa\/2026\/01\/20\/2026-00283.pdf\" target=\"_blank\" rel=\"noopener\">miprincipado.asturias.es<\/a><\/p>\n<p>El plazu de presentaci\u00f3n de solicit\u00faes ye de 20 d\u00edes h\u00e1biles en dambos casos, acabando\u2019l 17 de febreru.<\/p>\n<p>L\u2019Executivu auton\u00f3micu afianza la so pol\u00edtica de sofitu a la normalizaci\u00f3n lling\u00fc\u00edstica, fomentando la presencia del asturianu y del eonaviegu nos medios de comunicaci\u00f3n y en proyectos culturales, sociales y empresariales que reforcien el so usu social, favorezan la so tresmisi\u00f3n interxeneracional y contribuyan a la so proyecci\u00f3n de futuru.<\/p>\n<\/div>\n<div class=\"contenido-article documentacion\">\n<ul>\n<li><a class=\"pdf\" title=\"Nota prensa convocatoria ayudas normalizaci\u00f3n asturiano y eonaviego. Abre una nueva ventana\" href=\"https:\/\/actualidad.asturias.es\/documents\/533407\/0\/2026_01_21+NP+Convocatoria+normalizacion+2026+%28biling%C3%BCe%29.pdf\/b7d96d2a-91d9-74da-6f01-a6159397da2c?t=1769012754082\" target=\"_blank\" rel=\"noopener\">\u00a0Nota prensa convocatoria ayudas normalizaci\u00f3n asturiano y eonaviego<\/a><\/li>\n<li><a class=\"pdf\" title=\"Resoluci\u00f3n ayudas empresas privadas o fundaciones y asociaciones. Abre una nueva ventana\" href=\"https:\/\/actualidad.asturias.es\/documents\/533407\/0\/2026-00284.pdf\/07010a13-ddbc-4643-2a47-3368f1d42ef9?t=1769001777746\" target=\"_blank\" rel=\"noopener\">\u00a0Resoluci\u00f3n ayudas empresas privadas o fundaciones y asociaciones<\/a><\/li>\n<li><a class=\"pdf\" title=\"Resoluci\u00f3n ayudas medios de comunicaci\u00f3n. Abre una nueva ventana\" href=\"https:\/\/actualidad.asturias.es\/documents\/533407\/0\/2026-00283.pdf\/da73b383-a517-ef7b-ff2e-f145ee0e77a4?t=1769001787131\" target=\"_blank\" rel=\"noopener\">\u00a0Resoluci\u00f3n ayudas medios de comunicaci\u00f3n<\/a><\/li>\n<\/ul>\n<\/div>\n<\/div>\n<\/div>\n<\/div>\n<\/div>\n<\/div>\n<\/div>\n<\/div>\n<\/section>\n<\/div>\n<\/div>\n<\/div>\n<\/div>\n<\/div>\n","protected":false},"excerpt":{"rendered":"<p>Actualid\u00e1 \/ Cultura convoca ayudes por 230.000 euros para la normalizaci\u00f3n del asturianu y del eonaviego. Les subvenciones son en dos ll\u00ednees, una para medios de comunicaci\u00f3n y otra para empreses, fundaciones y asociaciones promotores de proyectos d&#8217;inter\u00e9s cultural . El plazu para presentar les solicit\u00faes remata&#8217;l 17 de febreru.<\/p>\n","protected":false},"author":117,"featured_media":0,"comment_status":"closed","ping_status":"closed","sticky":false,"template":"","format":"standard","meta":{"footnotes":""},"categories":[44,418,393],"tags":[],"class_list":["post-66470","post","type-post","status-publish","format-standard","hentry","category-asturianu","category-ayudes","category-eonaviego"],"_links":{"self":[{"href":"https:\/\/edublog.educastur.es\/ixuxu\/wp-json\/wp\/v2\/posts\/66470","targetHints":{"allow":["GET"]}}],"collection":[{"href":"https:\/\/edublog.educastur.es\/ixuxu\/wp-json\/wp\/v2\/posts"}],"about":[{"href":"https:\/\/edublog.educastur.es\/ixuxu\/wp-json\/wp\/v2\/types\/post"}],"author":[{"embeddable":true,"href":"https:\/\/edublog.educastur.es\/ixuxu\/wp-json\/wp\/v2\/users\/117"}],"replies":[{"embeddable":true,"href":"https:\/\/edublog.educastur.es\/ixuxu\/wp-json\/wp\/v2\/comments?post=66470"}],"version-history":[{"count":2,"href":"https:\/\/edublog.educastur.es\/ixuxu\/wp-json\/wp\/v2\/posts\/66470\/revisions"}],"predecessor-version":[{"id":66472,"href":"https:\/\/edublog.educastur.es\/ixuxu\/wp-json\/wp\/v2\/posts\/66470\/revisions\/66472"}],"wp:attachment":[{"href":"https:\/\/edublog.educastur.es\/ixuxu\/wp-json\/wp\/v2\/media?parent=66470"}],"wp:term":[{"taxonomy":"category","embeddable":true,"href":"https:\/\/edublog.educastur.es\/ixuxu\/wp-json\/wp\/v2\/categories?post=66470"},{"taxonomy":"post_tag","embeddable":true,"href":"https:\/\/edublog.educastur.es\/ixuxu\/wp-json\/wp\/v2\/tags?post=66470"}],"curies":[{"name":"wp","href":"https:\/\/api.w.org\/{rel}","templated":true}]}}