{"id":66484,"date":"2026-01-22T14:46:35","date_gmt":"2026-01-22T12:46:35","guid":{"rendered":"https:\/\/edublog.educastur.es\/ixuxu\/?p=66484"},"modified":"2026-01-22T14:46:35","modified_gmt":"2026-01-22T12:46:35","slug":"naz-cuevano-un-grupu-con-raiganu-y-voz-propia","status":"publish","type":"post","link":"https:\/\/edublog.educastur.es\/ixuxu\/2026\/01\/naz-cuevano-un-grupu-con-raiganu-y-voz-propia\/","title":{"rendered":"Naz Cu\u00e9vano, un grupu con raiga\u00f1u y voz propia"},"content":{"rendered":"<div class=\"elementor-element elementor-element-667e3c7 elementor-widget__width-inherit elementor-widget elementor-widget-theme-post-title elementor-page-title elementor-widget-heading\" data-id=\"667e3c7\" data-element_type=\"widget\" data-widget_type=\"theme-post-title.default\">\n<div class=\"elementor-widget-container\">\n<p style=\"text-align: center\"><a href=\"https:\/\/musicasturiana.com\/wp-content\/uploads\/2026\/01\/cuevano-1.png\"><img loading=\"lazy\" decoding=\"async\" class=\"aligncenter size-large\" src=\"https:\/\/musicasturiana.com\/wp-content\/uploads\/2026\/01\/cuevano-1.png\" width=\"1200\" height=\"600\" \/><\/a><\/p>\n<p class=\"elementor-heading-title elementor-size-default\">Naz Cu\u00e9vano, un grupu con raiga\u00f1u y voz propia. La banda de creaci\u00f3n reci\u00e9n f\u00f3rmenla 12 artistes qu&#8217;entemecen la moced\u00e1 cola esperiencia. <a href=\"https:\/\/musicasturiana.com\/naz-cuevano-un-grupu-con-raiganu-y-voz-propia\/\"><em>Musicasturiana.com\u00a0<\/em><\/a><\/p>\n<p><!--more--><\/p>\n<\/div>\n<p>La escena de la m\u00fasica asturiana suma dende agora un nuevu nome:\u00a0<strong>Cu\u00e9vano<\/strong>, un grupu que naz dende\u2019l respetu pola tradici\u00f3n y la volunt\u00e1 de dar una voz viva y actual al\u00a0<strong>patrimoniu musical del pa\u00eds<\/strong>. La so propuesta bebe de les melod\u00edes y ritmos de siempre, venceyaos a la tierra y a la memoria colectiva, integrando instrumentos tradicionales nuna\u00a0<strong>mirada abierta al presente<\/strong>.<\/p>\n<p>El grupu xurde de manera natural, al calor de la pallabra compartida y la m\u00fasica, nes\u00a0<strong>xuntances habituales<\/strong>\u00a0que se daben na\u00a0<strong>taberna polesa col mesmu nome<\/strong>, un chigre que dende hai tiempu funcionaba como espaciu d\u2019alcuentru pa xente diverso venceyada pola cultura asturiana. D\u2019esi ambiente salieron les primeres idees, los primeros cantares y la necesid\u00e1 de llevar esi esp\u00edritu m\u00e1s all\u00e1 d\u2019aquel llugar.<\/p>\n<p>El colectivu integra a m\u00fasicos y voces de gran trayectoria y relevu xeneracional:\u00a0<strong>Xuacu Amieva<\/strong>, mayestru gaiteru;\u00a0<strong>Jos\u00e9 Alfredo Cordero<\/strong>, voz curtida nel tiempu y saxofonista;\u00a0<strong>Dani \u00c1lvarez<\/strong>, multiinstrumentista y referente del folk asturianu;\u00a0<strong>Sim\u00f3n San Jos\u00e9<\/strong>, luthier y percusionista;\u00a0<strong>Carlos \u201cCarlinos\u201d Velasco<\/strong>, voz masculina potente;\u00a0<strong>Alicia Villanueva<\/strong>, voz femenina escepcional;\u00a0<strong>Chino el Indio<\/strong>, guitarrista rockeru;\u00a0<strong>Julio Rodr\u00edguez<\/strong>, bouzukista y vigulinista xoven;\u00a0<strong>Alex \u201cPetu\u201d<\/strong>, baxista y produtor musical;\u00a0<strong>Leti Cienfuegos<\/strong>, corista y creadora audiovisual;\u00a0<strong>Alba Cuadra<\/strong>, corista y responsable del merchandising; ya\u00a0<strong>Iv\u00e1n Test\u00f3n<\/strong>, coordinador del grupu y xestor de tola lox\u00edstica.<\/p>\n<p>Pel momentu, la banda de creaci\u00f3n reci\u00e9n tien y\u00e1 na so axenda dos conciertos programaos. D\u2019una banda, el 22 d\u2019abril na taberna de\u00a0<strong>La Pola Siero<\/strong>\u00a0que dio nome al grupu y, d\u2019otra banda, nel mes de mayu en\u00a0<strong>Pendones<\/strong>\u00a0(Casu) nun eventu ent\u00e1 por anunciar.<\/p>\n<div class=\"elementor-widget-container\">\n<p>&nbsp;<\/p>\n<\/div>\n<\/div>\n<p>&nbsp;<\/p>\n","protected":false},"excerpt":{"rendered":"<p>Naz Cu\u00e9vano, un grupu con raiga\u00f1u y voz propia. La banda de creaci\u00f3n reci\u00e9n f\u00f3rmenla 12 artistes qu&#8217;entemecen la moced\u00e1 cola esperiencia. Musicasturiana.com\u00a0<\/p>\n","protected":false},"author":117,"featured_media":0,"comment_status":"closed","ping_status":"closed","sticky":false,"template":"","format":"standard","meta":{"footnotes":""},"categories":[35,125],"tags":[],"class_list":["post-66484","post","type-post","status-publish","format-standard","hentry","category-musica","category-musicasturiana-com"],"_links":{"self":[{"href":"https:\/\/edublog.educastur.es\/ixuxu\/wp-json\/wp\/v2\/posts\/66484","targetHints":{"allow":["GET"]}}],"collection":[{"href":"https:\/\/edublog.educastur.es\/ixuxu\/wp-json\/wp\/v2\/posts"}],"about":[{"href":"https:\/\/edublog.educastur.es\/ixuxu\/wp-json\/wp\/v2\/types\/post"}],"author":[{"embeddable":true,"href":"https:\/\/edublog.educastur.es\/ixuxu\/wp-json\/wp\/v2\/users\/117"}],"replies":[{"embeddable":true,"href":"https:\/\/edublog.educastur.es\/ixuxu\/wp-json\/wp\/v2\/comments?post=66484"}],"version-history":[{"count":1,"href":"https:\/\/edublog.educastur.es\/ixuxu\/wp-json\/wp\/v2\/posts\/66484\/revisions"}],"predecessor-version":[{"id":66485,"href":"https:\/\/edublog.educastur.es\/ixuxu\/wp-json\/wp\/v2\/posts\/66484\/revisions\/66485"}],"wp:attachment":[{"href":"https:\/\/edublog.educastur.es\/ixuxu\/wp-json\/wp\/v2\/media?parent=66484"}],"wp:term":[{"taxonomy":"category","embeddable":true,"href":"https:\/\/edublog.educastur.es\/ixuxu\/wp-json\/wp\/v2\/categories?post=66484"},{"taxonomy":"post_tag","embeddable":true,"href":"https:\/\/edublog.educastur.es\/ixuxu\/wp-json\/wp\/v2\/tags?post=66484"}],"curies":[{"name":"wp","href":"https:\/\/api.w.org\/{rel}","templated":true}]}}