{"id":66486,"date":"2026-01-22T14:48:26","date_gmt":"2026-01-22T12:48:26","guid":{"rendered":"https:\/\/edublog.educastur.es\/ixuxu\/?p=66486"},"modified":"2026-01-22T14:50:29","modified_gmt":"2026-01-22T12:50:29","slug":"la-banda-sonora-de-maria-latores","status":"publish","type":"post","link":"https:\/\/edublog.educastur.es\/ixuxu\/2026\/01\/la-banda-sonora-de-maria-latores\/","title":{"rendered":"La Banda Sonora de Mar\u00eda Latores"},"content":{"rendered":"<div class=\"elementor-element elementor-element-72daa04 e-con-full e-flex e-con e-child\" data-id=\"72daa04\" data-element_type=\"container\">\n<div class=\"elementor-element elementor-element-667e3c7 elementor-widget__width-inherit elementor-widget elementor-widget-theme-post-title elementor-page-title elementor-widget-heading\" data-id=\"667e3c7\" data-element_type=\"widget\" data-widget_type=\"theme-post-title.default\">\n<div class=\"elementor-widget-container\">\n<p class=\"elementor-heading-title elementor-size-default\"><span style=\"font-size: 16px\">La cantante d&#8217;asturianada escueye los 20 cantares que m\u00e1s la definen y fala de la escena musical tradicional, alcordances y reivindicaciones. M<a href=\"https:\/\/musicasturiana.com\/la-banda-sonora-de-maria-latores-2\/\">usicasturiana.com<\/a><\/span><\/p>\n<\/div>\n<\/div>\n<div class=\"elementor-element elementor-element-00f4678 elementor-widget__width-inherit elementor-widget elementor-widget-theme-post-excerpt\" data-id=\"00f4678\" data-element_type=\"widget\" data-widget_type=\"theme-post-excerpt.default\">\n<div><\/div>\n<\/div>\n<div class=\"elementor-element elementor-element-6138e4e elementor-widget__width-inherit elementor-widget elementor-widget-theme-post-featured-image elementor-widget-image\" data-id=\"6138e4e\" data-element_type=\"widget\" data-widget_type=\"theme-post-featured-image.default\">\n<div class=\"elementor-widget-container\"><img loading=\"lazy\" decoding=\"async\" class=\"attachment-full wp-image-46658 aligncenter\" src=\"https:\/\/musicasturiana.com\/wp-content\/uploads\/2026\/01\/Diseno-sin-titulo.jpg\" alt=\"\" width=\"591\" height=\"296\" \/><\/div>\n<\/div>\n<div class=\"elementor-element elementor-element-3f891ad elementor-align-center elementor-widget elementor-widget-post-info\" data-id=\"3f891ad\" data-element_type=\"widget\" data-widget_type=\"post-info.default\">\n<div class=\"elementor-widget-container\"><\/div>\n<\/div>\n<\/div>\n<div class=\"elementor-element elementor-element-eea4e26 e-con-full e-flex e-con e-child\" data-id=\"eea4e26\" data-element_type=\"container\">\n<div class=\"elementor-element elementor-element-9bc739f e-con-full e-flex e-con e-child\" data-id=\"9bc739f\" data-element_type=\"container\">\n<div class=\"elementor-element elementor-element-b2299bd elementor-share-buttons--view-icon elementor-share-buttons--skin-minimal elementor-share-buttons--shape-circle elementor-grid-mobile-3 elementor-share-buttons--align-right elementor-share-buttons--color-custom elementor-widget__width-auto elementor-widget-tablet__width-auto elementor-grid-0 elementor-widget elementor-widget-share-buttons\" data-id=\"b2299bd\" data-element_type=\"widget\" data-widget_type=\"share-buttons.default\">\n<div class=\"elementor-widget-container\">\n<div class=\"elementor-grid\">\n<div class=\"elementor-grid-item\">\n<div class=\"elementor-share-btn elementor-share-btn_x-twitter\" role=\"button\" aria-label=\"Compartir en x-twitter\"><strong>Mar\u00eda Latores<\/strong>\u00a0(Latores, 1987) entam\u00f3 na\u00a0<strong>m\u00fasica tradicional asturiana<\/strong>\u00a0a la ed\u00e1 de 10 a\u00f1inos, cuando Silvia Su\u00e1rez prop\u00fanxo-y dir pal grupu de baille qu\u2019ella llevaba. Tuvo baillando 11 a\u00f1os hasta qu\u2019entamo cola tonada de la mano de Josefina Arg\u00fcelles, un a\u00f1u nam\u00e1s, na\u00a0<strong>escuela de m\u00fasica tradicional d\u2019Uvi\u00e9u<\/strong>, pa siguir depu\u00e9s de la mano d\u2019Anabel Santiago.<\/div>\n<div role=\"button\" aria-label=\"Compartir en x-twitter\"><\/div>\n<\/div>\n<\/div>\n<\/div>\n<\/div>\n<\/div>\n<\/div>\n<p><!--more--><\/p>\n<div class=\"elementor-element elementor-element-a767a8c elementor-widget__width-inherit elementor-widget elementor-widget-theme-post-content\" data-id=\"a767a8c\" data-element_type=\"widget\" data-widget_type=\"theme-post-content.default\">\n<div class=\"elementor-widget-container\">\n<p style=\"text-align: center\">\n<!-- iframe plugin v.6.0 wordpress.org\/plugins\/iframe\/ -->\n<iframe data-testid=\"embed-iframe\" style=\"border-radius:12px\" src=\"https:\/\/open.spotify.com\/embed\/playlist\/4mcrJ06hOzgMWGxbL4RSjM?utm_source=generator\" width=\"100%\" height=\"352\" frameborder=\"0\" allowfullscreen allow=\"autoplay; clipboard-write; encrypted-media; fullscreen; picture-in-picture\" loading=\"lazy\" 0=\"\/iframe\" scrolling=\"yes\" class=\"iframe-class\"><\/iframe>\n<\/p>\n<p>El cam\u00edn ye llargu dende aquel 2010 nel qu\u2019algamara el\u00a0<strong>primer puestu nel Concursu d\u2019Aficionaos de Ponga<\/strong>\u00a0en categor\u00eda mesta. En tolos concursos a los que se present\u00f3 dende ent\u00f3s qued\u00f3 finalista (llegando a la semifinal del Premiu Obdulia \u00c1lvarez La Busdonga nel a\u00f1u 2025), y la canci\u00f3n asturiana llev\u00f3la a diferentes sitios, llegando a cantar nos escenarios del\u00a0<strong>Festival Interc\u00e9lticu de Lorient<\/strong>. Am\u00e1s, form\u00f3 parte del colectivu\u00a0<strong>Muyeres<\/strong>\u00a0mientres dellos a\u00f1os, y foi vocalista del\u00a0<strong>Grupu Folk Dega\u00f1ans<\/strong>.<\/p>\n<p>G\u00fcei compaxina la so llabor como mayestra especialista en\u00a0<strong>Pedagox\u00eda Terap\u00e9utica<\/strong>\u00a0cola participaci\u00f3n na gran mayor\u00eda de los concursos d\u2019Asturies, calteniendo un repertoriu marc\u00e1u por influencies como les de La Busdonga, Diamantina Rodr\u00edguez, Mariluz Crist\u00f3bal Caunedo o Nori Redondo.<\/p>\n<p>Con ella siguimos cola estaya \u00ab<strong>La Banda Sonora De\u2026<\/strong>\u00ab, una serie d\u2019entrevistes de personalid\u00e1 acompa\u00f1aes d\u2019una\u00a0<strong><em>playlist<\/em>\u00a0<\/strong>de Spotify na que cada persona entrevistada escueye los\u00a0<strong>20 cantares<\/strong>\u00a0<strong>que m\u00e1s-y presten<\/strong>.<\/p>\n<div class=\"elementor-element elementor-element-a767a8c elementor-widget__width-inherit elementor-widget elementor-widget-theme-post-content\" data-id=\"a767a8c\" data-element_type=\"widget\" data-widget_type=\"theme-post-content.default\">\n<div class=\"elementor-widget-container\">\n<h5 id=\"un-discu-qu-enxamas-canses-de-sentir\" class=\"wp-block-heading\"><strong>Un discu qu\u2019enxam\u00e1s canses de sentir<\/strong>.<\/h5>\n<p><em>Todas las mujeres que habitan en m\u00ed<\/em>, de Vanesa Mart\u00edn, poles sos lletres, la so voz\u2026 Ye puru sentimientu.<\/p>\n<h5 id=\"si-tuvieres-que-formar-parte-d-otru-proyectu-musical-cual-seria\" class=\"wp-block-heading\"><strong>Si tuvieres que formar parte d\u2019otru proyectu musical, \u00bfcu\u00e1l ser\u00eda?<\/strong><\/h5>\n<p>Va unos meses tuvi enriba l\u2019escenariu con Ochobre y foi una esperiencia incre\u00edble, repetir\u00eda ensin dudalo. Tolo que represente compartir m\u00fasica, seya o non del estilu al que toi acostumbrada, ye m\u00e1s que bienven\u00edu.<\/p>\n<blockquote class=\"wp-block-quote is-style-large is-layout-flow wp-block-quote-is-layout-flow\"><p>\u00abYe mui frustrante nun vela sofitada por munchos ayuntamientos, nun poder cantar casi en neng\u00fan chigre, nun tener m\u00e1s sitios onde mostrala casi que nos concursos, con tolo qu\u2019ello conlleva\u00bb<\/p><\/blockquote>\n<h5 id=\"de-los-cantares-que-compusisti-o-interpretes-cual-ye-l-to-preferiu\" class=\"wp-block-heading\"><strong>De los cantares que compusisti o interpretes, \u00bfcu\u00e1l ye\u2019l to prefer\u00edu?<\/strong><\/h5>\n<p>\u2018Siendo guaje fue a la mina\u2019, dedic\u00e1u al mio g\u00fcelu. El nome ya diz bastante, ye un peque\u00f1u (<em>pequeno<\/em>, como dir\u00eda \u00e9l) homenaxe a dalgo tan nuestru. Hai munchos cantares dedicaos a la miner\u00eda pero esta ye m\u00eda, ye de la mio familia, y fala d\u2019\u00e9l.<\/p>\n<h5 id=\"cuando-foi-la-primer-vez-que-xubisti-a-un-escenariu-y-que-paso-enantes-durante-y-depues\" class=\"wp-block-heading\"><strong>\u00bfCu\u00e1ndo foi la primer vez que xubisti a un escenariu y que pas\u00f3 enantes, durante y depu\u00e9s?<\/strong><\/h5>\n<p>Creo que foi nel festival de fin de cursu de la Escuela de m\u00fasica tradicional Mart\u00ednez Torner, d\u2019Uvi\u00e9u, na sala de c\u00e1mara del Auditoriu. Curiosamente, foi nel mesmu sitiu onde yo decid\u00ed entamar a cantar tonada, un tiempu enantes. Munchu nerviu (d\u2019esos que nun se quitaron a d\u00eda de g\u00fcei) pero con ganes de sentir que pod\u00eda facelo y que quer\u00eda ser parte de dalgo tan importante y tan poco valorao delles veces como la tonada. Dempu\u00e9s d\u2019esi d\u00eda s\u00f3lo quixi siguir.<\/p>\n<h5 id=\"que-ye-lo-mas-inxusto-de-ser-artista\" class=\"wp-block-heading\"><strong>\u00bfQu\u00e9 ye lo m\u00e1s inxusto de ser artista?<\/strong><\/h5>\n<p>Podr\u00eda dicite mil coses, pero voi quedame, dientro de lo qu\u2019a mi me afecta, que la poca valoraci\u00f3n que se da a la m\u00fasica asturiana. Ye mui frustrante nun vela sofitada por munchos ayuntamientos, nun poder cantar casi en neng\u00fan chigre, nun tener m\u00e1s sitios onde mostrala casi que nos concursos, con tolo qu\u2019ello conlleva\u2026 un xur\u00e1u, un p\u00fablicu cada vez menos abondante, y sentir que pa que te vean tienes que tar eh\u00ed, compitiendo, y non compartiendo\u2026<\/p>\n<blockquote class=\"wp-block-quote is-style-large is-layout-flow wp-block-quote-is-layout-flow\"><p>\u00abHai munches coses que deprender y que sedr\u00eda maraviyoso que valoraran, a la vera de la diversid\u00e1 de repertoriu o de lo guapo que lo faes, o \u201cpor qui\u00e9n cantes\u201d\u00bb<\/p><\/blockquote>\n<div class=\"wp-block-spacer\" aria-hidden=\"true\"><\/div>\n<h5 id=\"si-fueres-conseyeru-de-cultura-que-son-les-primeres-coses-que-fadries\" class=\"wp-block-heading\"><strong>Si fueres Conseyeru de Cultura, \u00bfqu\u00e9 son les primeres coses que fadr\u00edes?<\/strong><\/h5>\n<p>Entamar m\u00e1s muestres de folclore (non s\u00f3lo tonada), onde la xente esfrute de lo que realmente ye Asturies, sofitar les escueles con recursos, y quiz\u00e1 taba guapo formar a les y los artistes m\u00e1s all\u00e1 del repertoriu. Hestoria, composici\u00f3n, estilos\u2026 hai munches coses que deprender y que sedr\u00eda maraviyoso que valoraran, a la vera de la diversid\u00e1 de repertoriu o de lo guapo que lo faes, o \u201cpor qui\u00e9n cantes\u201d, que tami\u00e9n ye importante, obviamente, pero la tradici\u00f3n va m\u00e1s all\u00e1 d\u2019eso, y si nun cambiamos les coses pronto nun va quedar qu\u00e9 defender\u2026<\/p>\n<h5 id=\"enantes-de-ser-artista-de-la-musica-asturiana-de-xuru-que-sentisti-o-visti-en-directo-a-mas-companeros-y-companeres-d-esta-escena-quien-te-marco-y-t-animo-a-xubir-al-barcu-de-facer-musica-n-asturianu\" class=\"wp-block-heading\"><strong>Enantes de ser artista de la m\u00fasica asturiana, de xuru que sentisti o visti en directo a m\u00e1s compa\u00f1eros y compa\u00f1eres d\u2019esta escena. \u00bfQui\u00e9n te marc\u00f3 y t\u2019anim\u00f3 a xubir al barcu de facer m\u00fasica n\u2019asturianu?<\/strong><\/h5>\n<p>Puedo dicite que\u2019l mio entamu tuvo provoc\u00e1u por Manuel L\u00f3pez Men\u00e9ndez (Corujo), al que vi cantar nel mesmu festival qu\u2019enantes comentaba de la Escuela de M\u00fasica tradicional d\u2019Uvi\u00e9u, y que nam\u00e1s velo plant\u00e1u nel escenariu record\u00f3me al mio g\u00fcelu Mador\u2026 y nesi momentu dixi-y a mio ma que quer\u00eda entamar yo tami\u00e9n a cantar tonada\u2026 Am\u00e1s de Manuel, viera a Anabel Santiago, que tiempu depu\u00e9s ser\u00eda la mio mayestra y de la que deprend\u00ed pr\u00e1cticamente tolo que s\u00e9 de canci\u00f3n asturiana. Ye innegable que la so fuercia nel escenariu y la so renovaci\u00f3n mostr\u00f3me tami\u00e9n que se pueden facer munches m\u00e1s coses (bien prestoses y averaes a la m\u00fasica actual) cola tonada tradicional.<\/p>\n<p>Mariluz Crist\u00f3bal Caunedo tami\u00e9n ye un referente claru y una mano a la qu\u2019agarrase, cola que tami\u00e9n compart\u00ed escenariu nel nuestru pasu pol Colectivu Muyeres y a la que quiero especialmente.<\/p>\n<blockquote class=\"wp-block-quote is-style-large is-layout-flow wp-block-quote-is-layout-flow\"><p>\u00abSoi arguyosamente vieya y xoven a la par no qu\u2019a m\u00fasica se refier. Lo mesmo siento cantar a Roc\u00edo D\u00farcal (faciendo-y los coros, \u00a1obviamente!) que siento temes de rap de Natos y Waor, Sharif o Zpu coles sos lletres revolucionaries\u00bb<\/p><\/blockquote>\n<h5 id=\"ya-conocemos-les-tos-recomendaciones-y-influencies-agora-toca-que-te-confieses-cual-ye-esi-cantar-o-esi-grupu-qu-escuches-culposamente-na-intimida\" class=\"wp-block-heading\"><strong>Y\u00e1 conocemos les tos recomendaciones y influencies\u2026 agora toca que te confieses: \u00bfcu\u00e1l ye esi cantar o esi grupu qu\u2019escuches culposamente \u201cna intimid\u00e1\u201d?<\/strong><\/h5>\n<p>\u00a1Culposamente neng\u00fan! Soi arguyosamente vieya y xoven a la par no qu\u2019a m\u00fasica se refier. Lo mesmo siento cantar a Roc\u00edo D\u00farcal (faciendo-y los coros, \u00a1obviamente!) que siento temes de rap de Natos y Waor, Sharif o Zpu coles sos lletres revolucionaries (por ponete dos exemplos vien separaos l\u2019\u00fan del otru). Nun me pongo cortapises nin ll\u00edmites, aunque s\u00ed puedo dicir que prefiero les lletres en castell\u00e1n.<\/p>\n<h5 id=\"a-que-personaxe-publicu-convidaries-a-un-conciertu-tuyu-a-pasar-llueu-pel-backstage-y-pa-que\" class=\"wp-block-heading\"><strong>\u00bfA qu\u00e9 personaxe p\u00fablicu convidar\u00edes a un conciertu tuyu, a pasar llueu pel\u00a0<em>backstage\u00a0<\/em>y pa qu\u00e9?<\/strong><\/h5>\n<p>Ensin dudes, a Rozal\u00e9n. Adm\u00edrola dende aquel \u201c80 veces\u201d que m\u2019ense\u00f1ara mio p\u00e1 depu\u00e9s de descubrila na radio y decime \u201chija, escucha a esta moza, va prestate\u201d, y asina foi. Dende esi d\u00eda les sos lletres son refuxu, y pa mi ye una de les meyores compositores del momentu. Am\u00e1s, tuvi la ocasi\u00f3n de falar con ella depu\u00e9s d\u2019un par de conciertos y nun puede ser m\u00e1s cercana. Vela nun conciertu m\u00edu sedr\u00eda un sua\u00f1u, y nel backstage tar\u00edamos, de xuru, cantando mientres hores. \ud83d\ude0a<\/p>\n<h5 id=\"ya-qu-escoyisti-la-to-banda-sonora-vital-vamos-rematar-con-una-banda-sonora-orixinal-de-que-llibru-n-asturianu-te-prestaria-qu-hubiere-una-pelicula-a-la-qu-amas-pongas-y-tu-la-bso\" class=\"wp-block-heading\"><strong>Y\u00e1 qu\u2019escoyisti la to \u201cBanda Sonora Vital\u201d, vamos rematar con una Banda Sonora Orixinal. \u00bfDe qu\u00e9 llibru n\u2019asturianu te prestar\u00eda qu\u2019hubiere una pel\u00edcula a la qu\u2019am\u00e1s pongas-y t\u00fa la BSO?<\/strong><\/h5>\n<p>Prestar\u00edame abondo que fixeren obres cinematogr\u00e1fiques de los llibros d\u2019Aitana Casta\u00f1o. Miner\u00eda y hestoria d\u2019Asturies n\u2019est\u00e1u puru.<\/p>\n<h2 class=\"wp-block-heading has-text-align-center\"><mark class=\"has-inline-color\">Asina fala Mar\u00eda Latores de los cantares qu\u2019escoy\u00f3 pa la so playlist<\/mark><\/h2>\n<ul>\n<li class=\"wp-embed-aspect-21-9 wp-has-aspect-ratio\"><strong>Zpu \u2013 Imagina<\/strong>. Si\u00e9ntome mui identificada con ella, el querer ser poeta, el sentir que nun encaxes\u2026<\/li>\n<li><strong>Rozal\u00e9n \u2013 El d\u00eda que yo me muera<\/strong>. Cante-yla a mio g\u00fcela nel d\u00eda que nos dex\u00f3\u2026<\/li>\n<li><strong>Roc\u00edo D\u00farcal y Joaqu\u00edn Sabina \u2013 Y nos dieron la diez<\/strong>\u2013<strong>\u00a0<\/strong>Cl\u00e1sicu interpret\u00e1u por dos mayestros indiscutibles.<\/li>\n<li><strong>M\u00e4go de Oz \u2013 Hasta que el cuerpo aguante<\/strong>. Tengo\u2019l t\u00edtulu tatu\u00e1u na espalda, porque nun pienso dexar de cantar mientres tenga voz.<\/li>\n<li><strong>Mar\u00eda Ruiz \u2013 Primavera nuestra<\/strong>. Reivindicaci\u00f3n feminista n\u2019est\u00e1u puru.<\/li>\n<li><strong>Backstreet Boys \u2013\u00a0I want it that way<\/strong>. La banda sonora de la mio adolescencia, incluyida nun discu que\u2019l mio hermanu me traxo de Canad\u00e1 enantes de que saliera a la venta equ\u00ed n\u2019Espa\u00f1a)<\/li>\n<li><strong>Ella baila sola \u2013 Por ti<\/strong>. Pa mi, la canci\u00f3n d\u2019amor m\u00e1s prestosa enxam\u00e1s escrita, qu\u2019am\u00e1s marc\u00f3 tami\u00e9n la mio adolescencia.<\/li>\n<li><strong>Sharif \u2013 Dorian Gray<\/strong>. Si\u00e9ntome mui identificada con esta lletra, dende la primer frase.<\/li>\n<li><strong>Extremoduro \u2013 Dulce introducci\u00f3n al caos<\/strong>. Hai pocos temes que seyan m\u00e1s importantes qu\u2019esti pa tolos que en dalg\u00fan momentu sintimos la falta d\u2019inspiraci\u00f3n, con un puntu de rebeld\u00eda clave nel repertoriu del gran Robe Iniesta.<\/li>\n<li><strong>Tejedor \u2013 Andolina<\/strong>. \u00dan de los primeros temes de m\u00fasica folk qu\u2019escuchara all\u00e1 pel a\u00f1u 2003, y que m\u00e1s me sintieron cantar mios pas per casa.<\/li>\n<li><strong>Victor Manuel \u2013 La romer\u00eda<\/strong>. Siempre qu\u2019escucho esti cantar c\u00e1ntola como si me fuera la vida nello.<\/li>\n<li><strong>Muyeres \u2013 Pinky<\/strong>. Lletra m\u00eda con arreglos de Marta Elola, un cantar col que finaben los espect\u00e1culos d\u2019Humanes y que siempre pon\u00eda en pie al p\u00fablicu.<\/li>\n<li><strong>Corqui\u00e9u\u00a0\u2013 La Molinera<\/strong>. Cantares que falen d\u2019amores reprim\u00edos qu\u2019enxamas debieron escondese.<\/li>\n<li><strong>Felpeyu \u2013 Nun quiero coyer la flor<\/strong>. Cl\u00e1sicu inmortal. Siempre me presten especialmente los cantares que falen del amor d\u2019una forma tan gr\u00e1fica y con tanta guapura,<\/li>\n<li><strong>Mariluz Cristobal Caunedo \u2013 Vaqueires<\/strong>. Cantar que llev\u00e9 a dellos concursos nos qu\u2019incluy\u00eden modalid\u00e1 de canci\u00f3n vaqueira y que nun puedo cantar con m\u00e1s arguyu.<\/li>\n<li><strong>Los Berrones \u2013 Calcar na ten\u00e1<\/strong>. Un tema cl\u00e1sicu que tami\u00e9n ye pa cantar al altu la lleva.<\/li>\n<li><strong>Nuberu \u2013 Tengo de rondar to valle<\/strong><em>.\u00a0<\/em>Esti tema puede sonar na mio llista de Spotify ente otros actuales y enxam\u00e1s lu paso. Ye una melod\u00eda bien prestosa con una lletra picarona que nun pasa de moda.<\/li>\n<li><strong>Anabel Santiago \u2013\u00a0A la madre del mineru<\/strong>. Nun hai vegada que nun me respigue al sentir esti cantar, que Diamantina Rodr\u00edguez tan bien representaba y qu\u2019Anabel recueye nel so discu homenaxe a esta artista, clave na canci\u00f3n asturiana con voz de muyer.<\/li>\n<li><strong>Marisa Valle Roso \u2013 Romance de la ne\u00f1a Isabel<\/strong>. Munches hores ech\u00e9 yo escuchando esti romance tan bien interpret\u00e1u por Marisa nel so discu Consciente del que soi arguyosa mecenes.<\/li>\n<li><strong>Xentiquina \u2013 El coche\u2019l maestru<\/strong>. Tema prestosu pa sentir nes aules, o pa glayar nel coche.<\/li>\n<\/ul>\n<\/div>\n<\/div>\n<div class=\"elementor-element elementor-element-6d96732 elementor-widget__width-inherit elementor-post-navigation-borders-yes elementor-widget elementor-widget-post-navigation\" data-id=\"6d96732\" data-element_type=\"widget\" data-widget_type=\"post-navigation.default\">\n<div class=\"elementor-widget-container\">\n<div class=\"elementor-post-navigation\"><\/div>\n<\/div>\n<\/div>\n<div class=\"elementor-element elementor-element-dcf4849 e-con-full e-flex e-con e-child\" data-id=\"dcf4849\" data-element_type=\"container\">\n<div class=\"elementor-element elementor-element-f0b0e9a elementor-widget__width-inherit elementor-widget-divider--view-line elementor-widget elementor-widget-divider\" data-id=\"f0b0e9a\" data-element_type=\"widget\" data-widget_type=\"divider.default\">\n<div class=\"elementor-widget-container\"><\/div>\n<\/div>\n<\/div>\n<div class=\"elementor-element elementor-element-3dc9beb elementor-widget__width-inherit elementor-widget elementor-widget-post-comments\" data-id=\"3dc9beb\" data-element_type=\"widget\" data-widget_type=\"post-comments.theme_comments\">\n<div class=\"elementor-widget-container\">\n<section id=\"comments\" class=\"comments-area\">\n<div id=\"respond\" class=\"comment-respond\">\n<p class=\"comment-form-url\">\n<\/div>\n<\/section>\n<\/div>\n<\/div>\n<\/div>\n<\/div>\n","protected":false},"excerpt":{"rendered":"<p>La cantante d&#8217;asturianada escueye los 20 cantares que m\u00e1s la definen y fala de la escena musical tradicional, alcordances y reivindicaciones. Musicasturiana.com Mar\u00eda Latores\u00a0(Latores, 1987) entam\u00f3 na\u00a0m\u00fasica tradicional asturiana\u00a0a la ed\u00e1 de 10 a\u00f1inos, cuando Silvia Su\u00e1rez prop\u00fanxo-y dir pal grupu de baille qu\u2019ella llevaba. Tuvo baillando 11 a\u00f1os hasta qu\u2019entamo cola tonada de la [&hellip;]<\/p>\n","protected":false},"author":117,"featured_media":0,"comment_status":"closed","ping_status":"closed","sticky":false,"template":"","format":"standard","meta":{"footnotes":""},"categories":[35,125],"tags":[],"class_list":["post-66486","post","type-post","status-publish","format-standard","hentry","category-musica","category-musicasturiana-com"],"_links":{"self":[{"href":"https:\/\/edublog.educastur.es\/ixuxu\/wp-json\/wp\/v2\/posts\/66486","targetHints":{"allow":["GET"]}}],"collection":[{"href":"https:\/\/edublog.educastur.es\/ixuxu\/wp-json\/wp\/v2\/posts"}],"about":[{"href":"https:\/\/edublog.educastur.es\/ixuxu\/wp-json\/wp\/v2\/types\/post"}],"author":[{"embeddable":true,"href":"https:\/\/edublog.educastur.es\/ixuxu\/wp-json\/wp\/v2\/users\/117"}],"replies":[{"embeddable":true,"href":"https:\/\/edublog.educastur.es\/ixuxu\/wp-json\/wp\/v2\/comments?post=66486"}],"version-history":[{"count":3,"href":"https:\/\/edublog.educastur.es\/ixuxu\/wp-json\/wp\/v2\/posts\/66486\/revisions"}],"predecessor-version":[{"id":66489,"href":"https:\/\/edublog.educastur.es\/ixuxu\/wp-json\/wp\/v2\/posts\/66486\/revisions\/66489"}],"wp:attachment":[{"href":"https:\/\/edublog.educastur.es\/ixuxu\/wp-json\/wp\/v2\/media?parent=66486"}],"wp:term":[{"taxonomy":"category","embeddable":true,"href":"https:\/\/edublog.educastur.es\/ixuxu\/wp-json\/wp\/v2\/categories?post=66486"},{"taxonomy":"post_tag","embeddable":true,"href":"https:\/\/edublog.educastur.es\/ixuxu\/wp-json\/wp\/v2\/tags?post=66486"}],"curies":[{"name":"wp","href":"https:\/\/api.w.org\/{rel}","templated":true}]}}