{"id":66502,"date":"2026-01-22T15:00:25","date_gmt":"2026-01-22T13:00:25","guid":{"rendered":"https:\/\/edublog.educastur.es\/ixuxu\/?p=66502"},"modified":"2026-01-22T15:16:58","modified_gmt":"2026-01-22T13:16:58","slug":"celtic-guitar-from-asturias-ruben-bada","status":"publish","type":"post","link":"https:\/\/edublog.educastur.es\/ixuxu\/2026\/01\/celtic-guitar-from-asturias-ruben-bada\/","title":{"rendered":"Celtic guitar from Asturias, Rub\u00e9n Bada"},"content":{"rendered":"<div id=\"title\" class=\"style-scope ytd-watch-metadata\" style=\"text-align: center\">\n<!-- iframe plugin v.6.0 wordpress.org\/plugins\/iframe\/ -->\n<iframe loading=\"lazy\" width=\"100%\" height=\"427\" src=\"https:\/\/www.youtube.com\/embed\/8A6GNGqJM6s\" title=\"Celtic guitar from Asturias, Rub\u00e9n Bada \" frameborder=\"0\" allow=\"accelerometer; autoplay; clipboard-write; encrypted-media; gyroscope; picture-in-picture; web-share\" referrerpolicy=\"strict-origin-when-cross-origin\" 0=\"allowfullscreen\" 1=\"\/iframe\" scrolling=\"yes\" class=\"iframe-class\"><\/iframe>\n<\/div>\n<div id=\"top-row\" class=\"style-scope ytd-watch-metadata\">\n<div id=\"owner\" class=\"item style-scope ytd-watch-metadata\">\n<div id=\"upload-info\" class=\"style-scope ytd-video-owner-renderer\"><\/div>\n<\/div>\n<\/div>\n<div id=\"bottom-row\" class=\"style-scope ytd-watch-metadata\">\n<div id=\"description\" class=\"item style-scope ytd-watch-metadata\">\n<div id=\"description-inner\" class=\"style-scope ytd-watch-metadata\">\n<p><span class=\"yt-core-attributed-string yt-core-attributed-string--white-space-pre-wrap\" dir=\"auto\"><span class=\"yt-core-attributed-string yt-core-attributed-string--white-space-pre-wrap\" dir=\"auto\"><span class=\"yt-core-attributed-string--link-inherit-color\" dir=\"auto\">ANGEL\u00cdN NOS OZCOS (MULI\u00d1EIRAS) (Trad., Arr. Rub\u00e9n Bada) Angel\u00edn yera un gaiteiru de la zona d\u2019Ozcos qu\u2019emigrara a trabayar pa les mines de Cangas. Por eso la muli\u00f1eira que tocaba suel conocese como \u201cmu\u00f1eira de Rengos\u201d. La segunda pieza deprendila del vigul\u00edn de Guzm\u00e1n Marqu\u00e9s y El\u00edas Garc\u00eda. <\/span><\/span><\/span><\/p>\n<ul>\n<li><a class=\"yt-simple-endpoint style-scope yt-formatted-string\" href=\"https:\/\/www.youtube.com\/@rubenbadamusic1138\">RubenBadaMusic<\/a>\/<span class=\"yt-core-attributed-string--link-inherit-color\" dir=\"auto\"><a class=\"yt-core-attributed-string__link yt-core-attributed-string__link--call-to-action-color\" href=\"https:\/\/www.youtube.com\/redirect?event=video_description&amp;redir_token=QUFFLUhqbmVzTmtwbDlnczZrOERJWG4wMENJRlkwelJNQXxBQ3Jtc0trNVhfZHZ5bWp5QlBmbzZmZE85T1hUclF5Tkc2NkY2UnRBOGt6MXhpSE13dDRudzRac2pxU3JfdXFHRW5WTGkzM2xreU1nVU9lT2J1VGdwWWVhbDItalZ6UmF1a1c1SW9fdEJuYVhzZDVtVmI0NEJqaw&amp;q=https%3A%2F%2Frubenbadamusic.com%2F&amp;v=8A6GNGqJM6s\" target=\"_blank\" rel=\"nofollow noopener\">https:\/\/rubenbadamusic.com<\/a><\/span> \/<span class=\"yt-core-attributed-string--link-inherit-color\" dir=\"auto\"><a class=\"yt-core-attributed-string__link yt-core-attributed-string__link--call-to-action-color\" href=\"https:\/\/www.youtube.com\/redirect?event=video_description&amp;redir_token=QUFFLUhqa1pGNlJCNnlrYjR5b0poNnVkQkRCdThESmx3QXxBQ3Jtc0tsb212MmJudXExbzFPVy02ZEhJOHVjYllVMGhVME1LbE5jYkxRbkxoTDZwZzExRlFESlB5bEwzZGZVNFZwaTVLQUR4ZkhKWUw4WngteVNvOUM5YlB0b2pZRm1wbkdZTFl6TktERXhaYnEzSU8wRkV4VQ&amp;q=https%3A%2F%2Frubenbada.bandcamp.com%2F&amp;v=8A6GNGqJM6s\" target=\"_blank\" rel=\"nofollow noopener\">https:\/\/rubenbada.bandcamp.com<\/a><\/span><\/li>\n<\/ul>\n<\/div>\n<\/div>\n<\/div>\n","protected":false},"excerpt":{"rendered":"<p>ANGEL\u00cdN NOS OZCOS (MULI\u00d1EIRAS) (Trad., Arr. Rub\u00e9n Bada) Angel\u00edn yera un gaiteiru de la zona d\u2019Ozcos qu\u2019emigrara a trabayar pa les mines de Cangas. Por eso la muli\u00f1eira que tocaba suel conocese como \u201cmu\u00f1eira de Rengos\u201d. La segunda pieza deprendila del vigul\u00edn de Guzm\u00e1n Marqu\u00e9s y El\u00edas Garc\u00eda. RubenBadaMusic\/https:\/\/rubenbadamusic.com \/https:\/\/rubenbada.bandcamp.com<\/p>\n","protected":false},"author":117,"featured_media":0,"comment_status":"closed","ping_status":"closed","sticky":false,"template":"","format":"standard","meta":{"footnotes":""},"categories":[35,125],"tags":[],"class_list":["post-66502","post","type-post","status-publish","format-standard","hentry","category-musica","category-musicasturiana-com"],"_links":{"self":[{"href":"https:\/\/edublog.educastur.es\/ixuxu\/wp-json\/wp\/v2\/posts\/66502","targetHints":{"allow":["GET"]}}],"collection":[{"href":"https:\/\/edublog.educastur.es\/ixuxu\/wp-json\/wp\/v2\/posts"}],"about":[{"href":"https:\/\/edublog.educastur.es\/ixuxu\/wp-json\/wp\/v2\/types\/post"}],"author":[{"embeddable":true,"href":"https:\/\/edublog.educastur.es\/ixuxu\/wp-json\/wp\/v2\/users\/117"}],"replies":[{"embeddable":true,"href":"https:\/\/edublog.educastur.es\/ixuxu\/wp-json\/wp\/v2\/comments?post=66502"}],"version-history":[{"count":3,"href":"https:\/\/edublog.educastur.es\/ixuxu\/wp-json\/wp\/v2\/posts\/66502\/revisions"}],"predecessor-version":[{"id":66505,"href":"https:\/\/edublog.educastur.es\/ixuxu\/wp-json\/wp\/v2\/posts\/66502\/revisions\/66505"}],"wp:attachment":[{"href":"https:\/\/edublog.educastur.es\/ixuxu\/wp-json\/wp\/v2\/media?parent=66502"}],"wp:term":[{"taxonomy":"category","embeddable":true,"href":"https:\/\/edublog.educastur.es\/ixuxu\/wp-json\/wp\/v2\/categories?post=66502"},{"taxonomy":"post_tag","embeddable":true,"href":"https:\/\/edublog.educastur.es\/ixuxu\/wp-json\/wp\/v2\/tags?post=66502"}],"curies":[{"name":"wp","href":"https:\/\/api.w.org\/{rel}","templated":true}]}}