{"id":66521,"date":"2026-01-23T08:30:23","date_gmt":"2026-01-23T06:30:23","guid":{"rendered":"https:\/\/edublog.educastur.es\/ixuxu\/?p=66521"},"modified":"2026-01-26T21:13:17","modified_gmt":"2026-01-26T19:13:17","slug":"el-tiempu-el-comercio-242","status":"publish","type":"post","link":"https:\/\/edublog.educastur.es\/ixuxu\/2026\/01\/el-tiempu-el-comercio-242\/","title":{"rendered":"El tiempu (El Comercio)"},"content":{"rendered":"<p style=\"text-align: center\"><a href=\"https:\/\/s2.ppllstatics.com\/elcomercio\/www\/multimedia\/2026\/01\/22\/prevision-tiempo-asturias-kEk-U2302588077118HVD-1200x870@El%20Comercio.jpg\"><img loading=\"lazy\" decoding=\"async\" class=\"aligncenter size-large\" src=\"https:\/\/s2.ppllstatics.com\/elcomercio\/www\/multimedia\/2026\/01\/22\/prevision-tiempo-asturias-kEk-U2302588077118HVD-1200x870@El%20Comercio.jpg\" width=\"1200\" height=\"870\" \/><\/a><\/p>\n<p>Una masa d&#8217;aire bien fr\u00edo impulsada pola fonda umbada Ingrid, que ta alcontrada al norte de la Pen\u00ednsula Ib\u00e9rica, va consiguir que&#8217;l vienres encaremos una xornada bien fr\u00eda. <strong>La cota de nieve<\/strong> va rondar los 600 o 700 metros baxando r\u00e1pido hasta los 400 o 500 metros. Comoquier, <strong>les precipitaciones<\/strong> van concentrase en mayor midida escontra&#8217;l suroccidente y escontra el cordal. Poro, prevense<strong> cielos<\/strong> m\u00e1s nublos nestos sectores ente que nel restu preven nubes y escamplaes ensin refugase dalguna precipitaciones bien d\u00e9bil.<\/p>\n<p><!--more--><\/p>\n<p style=\"text-align: center\">\n<!-- iframe plugin v.6.0 wordpress.org\/plugins\/iframe\/ -->\n<iframe loading=\"lazy\" src=\"https:\/\/www.facebook.com\/plugins\/post.php?href=https%3A%2F%2Fwww.facebook.com%2FMovilidadAsturias%2Fposts%2Fpfbid02qJWRAWCmPsVdEJviKexGbHJNypKvqc2GFqrMKbpDWE9ZFjzswuPk8kiHPbRTZBvwl&#038;show_text=true&#038;width=500\" width=\"500\" height=\"412\" style=\"border:none;overflow:hidden\" scrolling=\"no\" frameborder=\"0\" allowfullscreen=\"true\" allow=\"autoplay; clipboard-write; encrypted-media; picture-in-picture; web-share\" 0=\"\/iframe\" class=\"iframe-class\"><\/iframe>\n<\/p>\n<p style=\"text-align: center\"><a href=\"https:\/\/services.meteored.com\/img\/article\/borrasca-ingrid-de-alto-impacto-ciclogenesis-explosiva-1769063038845_1024.png\"><img loading=\"lazy\" decoding=\"async\" class=\"aligncenter \" src=\"https:\/\/services.meteored.com\/img\/article\/borrasca-ingrid-de-alto-impacto-ciclogenesis-explosiva-1769063038845_1024.png\" width=\"638\" height=\"449\" \/><\/a><\/p>\n<p>&nbsp;<\/p>\n<p style=\"text-align: center\"><a href=\"https:\/\/services.meteored.com\/img\/article\/borrasca-ingrid-de-alto-impacto-ciclogenesis-explosiva-1769063575749_1024.png\"><img loading=\"lazy\" decoding=\"async\" class=\"aligncenter size-large\" src=\"https:\/\/services.meteored.com\/img\/article\/borrasca-ingrid-de-alto-impacto-ciclogenesis-explosiva-1769063575749_1024.png\" width=\"1024\" height=\"720\" \/><\/a><\/p>\n<p><strong>Los vientos<\/strong> van empezar soplando de suroeste con raches localmente fuertes. Pero a midida que meyora&#8217;l d\u00eda la intensid\u00e1 de los vientos, anque van siguir siendo significativos, van dir perdiendo fuerza. <strong>Les temperatures<\/strong> van baxar ente 2 y 3 \u00baC de forma xeneralizada tanto nel casu de les m\u00ednimes como nel de les m\u00e1ximes. Mientres tol vienres va tar activ\u00e1u l&#8217;avisu naranxa na mari\u00f1a por foles d&#8217;hasta 7 metros d&#8217;altor.<\/p>\n<p style=\"text-align: center\"><a href=\"https:\/\/services.meteored.com\/img\/article\/borrasca-ingrid-de-alto-impacto-ciclogenesis-explosiva-1769063387774_1024.png\"><img loading=\"lazy\" decoding=\"async\" class=\"aligncenter size-large\" src=\"https:\/\/services.meteored.com\/img\/article\/borrasca-ingrid-de-alto-impacto-ciclogenesis-explosiva-1769063387774_1024.png\" width=\"768\" height=\"768\" \/><\/a><\/p>\n<p>Igualmente, tami\u00e9n va tar activ\u00e1u per parte de l&#8217;AEMET l&#8217;avisu mariellu nel suroccidente y nel cordal por nevaes que podr\u00eden dexar acumuladures d&#8217;hasta 5 cent\u00edmetros en cotes percima de los 400 o 500 metros.<\/p>\n<p><strong>El s\u00e1badu<\/strong> les precipitaciones van ser m\u00e1s frecuentes mientres la ma\u00f1ana con una cota de nieve xubiendo dende los 400\/500 hasta los 700 metros. Les temperatures van ser bien similares a les que rexistremos el vienres.<\/p>\n<p style=\"text-align: center\"><a href=\"https:\/\/services.meteored.com\/img\/article\/borrasca-ingrid-de-alto-impacto-ciclogenesis-explosiva-1769063343791_1024.png\"><img loading=\"lazy\" decoding=\"async\" class=\"aligncenter size-large\" src=\"https:\/\/services.meteored.com\/img\/article\/borrasca-ingrid-de-alto-impacto-ciclogenesis-explosiva-1769063343791_1024.png\" width=\"1024\" height=\"847\" \/><\/a><\/p>\n<p style=\"text-align: center\">\n<!-- iframe plugin v.6.0 wordpress.org\/plugins\/iframe\/ -->\n<iframe loading=\"lazy\" src=\"https:\/\/www.facebook.com\/plugins\/post.php?href=https%3A%2F%2Fwww.facebook.com%2Fphoto.php%3Ffbid%3D1238636551697305%26set%3Da.268275018733468%26type%3D3&#038;show_text=false&#038;width=500\" width=\"500\" height=\"505\" style=\"border:none;overflow:hidden\" scrolling=\"no\" frameborder=\"0\" allowfullscreen=\"true\" allow=\"autoplay; clipboard-write; encrypted-media; picture-in-picture; web-share\" 0=\"\/iframe\" class=\"iframe-class\"><\/iframe>\n<\/p>\n<p style=\"text-align: center\"><a href=\"https:\/\/services.meteored.com\/img\/article\/borrasca-ingrid-de-alto-impacto-ciclogenesis-explosiva-1769063431231_1024.png\"><img loading=\"lazy\" decoding=\"async\" class=\"aligncenter size-large\" src=\"https:\/\/services.meteored.com\/img\/article\/borrasca-ingrid-de-alto-impacto-ciclogenesis-explosiva-1769063431231_1024.png\" width=\"806\" height=\"567\" \/><\/a><\/p>\n","protected":false},"excerpt":{"rendered":"<p>Una masa d&#8217;aire bien fr\u00edo impulsada pola fonda umbada Ingrid, que ta alcontrada al norte de la Pen\u00ednsula Ib\u00e9rica, va consiguir que&#8217;l vienres encaremos una xornada bien fr\u00eda. La cota de nieve va rondar los 600 o 700 metros baxando r\u00e1pido hasta los 400 o 500 metros. Comoquier, les precipitaciones van concentrase en mayor midida [&hellip;]<\/p>\n","protected":false},"author":117,"featured_media":0,"comment_status":"closed","ping_status":"closed","sticky":false,"template":"","format":"standard","meta":{"footnotes":""},"categories":[5],"tags":[],"class_list":["post-66521","post","type-post","status-publish","format-standard","hentry","category-tiempu"],"_links":{"self":[{"href":"https:\/\/edublog.educastur.es\/ixuxu\/wp-json\/wp\/v2\/posts\/66521","targetHints":{"allow":["GET"]}}],"collection":[{"href":"https:\/\/edublog.educastur.es\/ixuxu\/wp-json\/wp\/v2\/posts"}],"about":[{"href":"https:\/\/edublog.educastur.es\/ixuxu\/wp-json\/wp\/v2\/types\/post"}],"author":[{"embeddable":true,"href":"https:\/\/edublog.educastur.es\/ixuxu\/wp-json\/wp\/v2\/users\/117"}],"replies":[{"embeddable":true,"href":"https:\/\/edublog.educastur.es\/ixuxu\/wp-json\/wp\/v2\/comments?post=66521"}],"version-history":[{"count":6,"href":"https:\/\/edublog.educastur.es\/ixuxu\/wp-json\/wp\/v2\/posts\/66521\/revisions"}],"predecessor-version":[{"id":66818,"href":"https:\/\/edublog.educastur.es\/ixuxu\/wp-json\/wp\/v2\/posts\/66521\/revisions\/66818"}],"wp:attachment":[{"href":"https:\/\/edublog.educastur.es\/ixuxu\/wp-json\/wp\/v2\/media?parent=66521"}],"wp:term":[{"taxonomy":"category","embeddable":true,"href":"https:\/\/edublog.educastur.es\/ixuxu\/wp-json\/wp\/v2\/categories?post=66521"},{"taxonomy":"post_tag","embeddable":true,"href":"https:\/\/edublog.educastur.es\/ixuxu\/wp-json\/wp\/v2\/tags?post=66521"}],"curies":[{"name":"wp","href":"https:\/\/api.w.org\/{rel}","templated":true}]}}