{"id":66532,"date":"2026-01-20T09:00:31","date_gmt":"2026-01-20T07:00:31","guid":{"rendered":"https:\/\/edublog.educastur.es\/ixuxu\/?p=66532"},"modified":"2026-01-26T22:09:12","modified_gmt":"2026-01-26T20:09:12","slug":"dia-de-concienciacion-polos-pinguinos-2","status":"publish","type":"post","link":"https:\/\/edublog.educastur.es\/ixuxu\/2026\/01\/dia-de-concienciacion-polos-pinguinos-2\/","title":{"rendered":"D\u00eda de Concienciaci\u00f3n polos Ping\u00fcinos"},"content":{"rendered":"<div class=\"html-div xdj266r x14z9mp xat24cr x1lziwak xexx8yu x1a8lsjc xf7dkkf xv54qhq\">\n<div class=\"html-div xdj266r x14z9mp xat24cr x1lziwak xexx8yu xyri2b x18d9i69 x1c1uobl x1jx94hy x78zum5 x1q0g3np\">\n<div class=\"x78zum5 xdt5ytf xz62fqu x16ldp7u\">\n<div class=\"xu06os2 x1ok221b\">\n<div class=\"html-div xdj266r x14z9mp xat24cr x1lziwak xexx8yu xyri2b x18d9i69 x1c1uobl\" data-ad-rendering-role=\"profile_name\">\n<p><span class=\"x1lliihq x6ikm8r x10wlt62 x1n2onr6\"><span class=\"xt0psk2\"><a class=\"x1i10hfl xjbqb8w x1ejq31n x18oe1m7 x1sy0etr xstzfhl x972fbf x10w94by x1qhh985 x14e42zd x9f619 x1ypdohk xt0psk2 x3ct3a4 xdj266r x14z9mp xat24cr x1lziwak xexx8yu xyri2b x18d9i69 x1c1uobl x16tdsg8 x1hl2dhg xggy1nq x1a2a7pz xkrqix3 x1sur9pj xzsf02u x1s688f\" role=\"link\" href=\"https:\/\/www.facebook.com\/NatGeoES?__cft__[0]=AZZfGDnlF_XNI36aHPZXgCvNJhKxkqxHbn2pdXamTVPLS-8J27Ij2pVbbxFy1rn08yOm5cp2jLPDzf7YDOIlXLaaI5pbecb7V_XWJPY10hqXWYeYRXGQURFRJLguYlQfcyiR8hs4pwIg5FqQ4jtV6t1Ts3Q_tno1PcWVi-MXSFluJdIvyFbqhpMK8_Gr-K6W0N3BdJpGoZEhIKhEo2fWNJ5c&amp;__tn__=-UC%2CP-y-R\"><b class=\"html-b xdj266r x14z9mp xat24cr x1lziwak xexx8yu xyri2b x18d9i69 x1c1uobl x1hl2dhg x16tdsg8 x1vvkbs x1s688f\"><span class=\"html-span xdj266r x14z9mp xat24cr x1lziwak xexx8yu xyri2b x18d9i69 x1c1uobl x1hl2dhg x16tdsg8 x1vvkbs\">National Geographic<\/span><\/b><\/a><\/span> <\/span><span style=\"font-size: 16px\">\/<\/span><img loading=\"lazy\" decoding=\"async\" class=\"xz74otr x15mokao x1ga7v0g x16uus16 xbiv7yw\" src=\"https:\/\/static.xx.fbcdn.net\/images\/emoji.php\/v9\/t5d\/1\/16\/1f4f7.png\" alt=\"\ud83d\udcf7\" width=\"16\" height=\"16\" \/> Paul Nicklen, Cristina Mittermeier, Tomas Munita | Nat Geo Image Collection \/\u00a0G\u00fcei ye una fecha que busca aumentar la conciencia en redol a estos animales, y\u00e1 que ye fundamental la so protecci\u00f3n, curi\u00e1u y preservaci\u00f3n. Ello ye que esti llabor ye tan importante qu&#8217;esiste una segunda fecha nel so honor, que ye&#8217;l 25 d&#8217;abril.<\/p>\n<p style=\"text-align: center\">\n<!-- iframe plugin v.6.0 wordpress.org\/plugins\/iframe\/ -->\n<iframe loading=\"lazy\" src=\"https:\/\/www.facebook.com\/plugins\/post.php?href=https%3A%2F%2Fwww.facebook.com%2Fphoto.php%3Ffbid%3D1473206691043219%26set%3Da.822999869397241%26type%3D3&#038;show_text=false&#038;width=500\" width=\"500\" height=\"704\" style=\"border:none;overflow:hidden\" scrolling=\"no\" frameborder=\"0\" allowfullscreen=\"true\" allow=\"autoplay; clipboard-write; encrypted-media; picture-in-picture; web-share\" 0=\"\/iframe\" class=\"iframe-class\"><\/iframe>\n<\/p>\n<p><!--more--><br \/>\nAnque por enforma tiempu t\u00favose la convencimientu de qu&#8217;estes peculiares aves marines, conoc\u00edes cient\u00edficamente como Spheniscidae, yeren orixinaries de l&#8217;Ant\u00e1rtida. Sicas\u00ed, gracies a les distintes investigaciones y rexistros f\u00f3siles afay\u00f3se qu&#8217;el so orixe at\u00f3pase en Nueva Zelanda. Miles d&#8217;a\u00f1os dempu\u00e9s fu\u00e9ronse moviendo a les rexones que conocemos angua\u00f1o.<\/p>\n<p>Am\u00e1s, hai un mont\u00f3n d&#8217;intereses en redol a estos animales, ente ellos: nun pueden volar a pesar de tener nales. Lo que si comparten d&#8217;esti tipu d&#8217;animales ye la so ausencia de dientes. Nel so llugar cunten con una especie d&#8217;escayos serruchaos na parte cimera de la boca que lu ayuda a desfaer l&#8217;alimentu.<\/p>\n<p style=\"text-align: center\">\n<!-- iframe plugin v.6.0 wordpress.org\/plugins\/iframe\/ -->\n<iframe loading=\"lazy\" src=\"https:\/\/www.facebook.com\/plugins\/video.php?height=476&#038;href=https%3A%2F%2Fwww.facebook.com%2Freel%2F1852106825431153%2F&#038;show_text=false&#038;width=267&#038;t=0\" width=\"267\" height=\"476\" style=\"border:none;overflow:hidden\" scrolling=\"no\" frameborder=\"0\" allowfullscreen=\"true\" allow=\"autoplay; clipboard-write; encrypted-media; picture-in-picture; web-share\" 0=\"\/iframe\" class=\"iframe-class\"><\/iframe>\n<\/p>\n<p>Poblaci\u00f3n de ping\u00fcinos en distintos pa\u00edses y territorios seg\u00fan datos de World Wildlife (especies de la familia Spheniscidae)\u00a0<span class=\"html-span xexx8yu xyri2b x18d9i69 x1c1uobl x1hl2dhg x16tdsg8 x1vvkbs x3nfvp2 x1j61x8r x1fcty0u xdj266r xat24cr xm2jcoa x1mpyi22 xxymvpz xlup9mm x1kky2od\"><img loading=\"lazy\" decoding=\"async\" class=\"xz74otr x15mokao x1ga7v0g x16uus16 xbiv7yw\" src=\"https:\/\/static.xx.fbcdn.net\/images\/emoji.php\/v9\/t4c\/1\/16\/1f642.png\" alt=\"\ud83d\ude42\" width=\"16\" height=\"16\" \/><\/span><\/p>\n<p style=\"text-align: center\">\n<!-- iframe plugin v.6.0 wordpress.org\/plugins\/iframe\/ -->\n<iframe loading=\"lazy\" src=\"https:\/\/www.facebook.com\/plugins\/post.php?href=https%3A%2F%2Fwww.facebook.com%2Fpermalink.php%3Fstory_fbid%3Dpfbid04hKdRm57bPFRSqxRT9VDo6t3SMaZnw7f9krz6gGiCDXqSZeshJ5TsqnJPbmgPq1Rl%26id%3D61550633357315&#038;show_text=false&#038;width=500\" width=\"500\" height=\"497\" style=\"border:none;overflow:hidden\" scrolling=\"no\" frameborder=\"0\" allowfullscreen=\"true\" allow=\"autoplay; clipboard-write; encrypted-media; picture-in-picture; web-share\" 0=\"\/iframe\" class=\"iframe-class\"><\/iframe>\n<\/p>\n<\/div>\n<\/div>\n<\/div>\n<\/div>\n<\/div>\n<p>&nbsp;<\/p>\n","protected":false},"excerpt":{"rendered":"<p>National Geographic \/ Paul Nicklen, Cristina Mittermeier, Tomas Munita | Nat Geo Image Collection \/\u00a0G\u00fcei ye una fecha que busca aumentar la conciencia en redol a estos animales, y\u00e1 que ye fundamental la so protecci\u00f3n, curi\u00e1u y preservaci\u00f3n. Ello ye que esti llabor ye tan importante qu&#8217;esiste una segunda fecha nel so honor, que ye&#8217;l [&hellip;]<\/p>\n","protected":false},"author":117,"featured_media":0,"comment_status":"closed","ping_status":"closed","sticky":false,"template":"","format":"standard","meta":{"footnotes":""},"categories":[6],"tags":[],"class_list":["post-66532","post","type-post","status-publish","format-standard","hentry","category-dia-de"],"_links":{"self":[{"href":"https:\/\/edublog.educastur.es\/ixuxu\/wp-json\/wp\/v2\/posts\/66532","targetHints":{"allow":["GET"]}}],"collection":[{"href":"https:\/\/edublog.educastur.es\/ixuxu\/wp-json\/wp\/v2\/posts"}],"about":[{"href":"https:\/\/edublog.educastur.es\/ixuxu\/wp-json\/wp\/v2\/types\/post"}],"author":[{"embeddable":true,"href":"https:\/\/edublog.educastur.es\/ixuxu\/wp-json\/wp\/v2\/users\/117"}],"replies":[{"embeddable":true,"href":"https:\/\/edublog.educastur.es\/ixuxu\/wp-json\/wp\/v2\/comments?post=66532"}],"version-history":[{"count":6,"href":"https:\/\/edublog.educastur.es\/ixuxu\/wp-json\/wp\/v2\/posts\/66532\/revisions"}],"predecessor-version":[{"id":66847,"href":"https:\/\/edublog.educastur.es\/ixuxu\/wp-json\/wp\/v2\/posts\/66532\/revisions\/66847"}],"wp:attachment":[{"href":"https:\/\/edublog.educastur.es\/ixuxu\/wp-json\/wp\/v2\/media?parent=66532"}],"wp:term":[{"taxonomy":"category","embeddable":true,"href":"https:\/\/edublog.educastur.es\/ixuxu\/wp-json\/wp\/v2\/categories?post=66532"},{"taxonomy":"post_tag","embeddable":true,"href":"https:\/\/edublog.educastur.es\/ixuxu\/wp-json\/wp\/v2\/tags?post=66532"}],"curies":[{"name":"wp","href":"https:\/\/api.w.org\/{rel}","templated":true}]}}