{"id":66544,"date":"2026-01-23T12:41:32","date_gmt":"2026-01-23T10:41:32","guid":{"rendered":"https:\/\/edublog.educastur.es\/ixuxu\/?p=66544"},"modified":"2026-01-24T15:02:06","modified_gmt":"2026-01-24T13:02:06","slug":"xlvii-selmana-de-les-lletres","status":"publish","type":"post","link":"https:\/\/edublog.educastur.es\/ixuxu\/2026\/01\/xlvii-selmana-de-les-lletres\/","title":{"rendered":"XLVII Selmana de les Lletres"},"content":{"rendered":"<p style=\"text-align: center\"><a href=\"https:\/\/www.educastur.es\/documents\/34868\/41113\/2026-01-ast-actividades-selmana-lletres-1060+%281%29.png\/648eac59-2ffd-df80-6dbc-279bdbe044b6?t=1769092615535\"><img loading=\"lazy\" decoding=\"async\" class=\"aligncenter size-large\" src=\"https:\/\/www.educastur.es\/documents\/34868\/41113\/2026-01-ast-actividades-selmana-lletres-1060+%281%29.png\/648eac59-2ffd-df80-6dbc-279bdbe044b6?t=1769092615535\" width=\"1060\" height=\"361\" \/><\/a><\/p>\n<p>La <strong>XLVII Semana das Lletras Asturianas<\/strong>\u00a0ded\u00edcase a Taresa C\u00f3nsul y al teatru popular o costumista, un x\u00e9neru hist\u00f3ricamente mui afit\u00e1u y con munchu p\u00fablicu propiu.Taresa C\u00f3nsul ye la primer muyer de nome conoc\u00edu qu\u2019escribi\u00f3 teatru n\u2019asturianu, autora d\u2019un entrem\u00e9s represent\u00e1u en 1789 y public\u00e1u la primer vez nel 1996.<\/p>\n<p><!--more--><\/p>\n<p>Con mires de celebrar esta efem\u00e9ride, la Conseyer\u00eda d\u2019Educaci\u00f3n y la Conseyer\u00eda de Cultura, Pol\u00edtica Lling\u00fc\u00edstica y Deporte convoquen cert\u00e1menes de creaci\u00f3n en llingua asturiana y en gallego-asturiano o eonaviego dirix\u00edos a tol alumn\u00e1u en delles\u00a0modalidaes art\u00edstiques.<\/p>\n<p><strong>XXIX Certame de Creaci\u00f3n Art\u00edstica\/Lliteraria:\u00a0<\/strong><a href=\"https:\/\/www.educastur.es\/documents\/34868\/2177043\/Certame_art_lliterariu_AST_2026.pdf\/59efd922-4e3b-1483-5d84-916e9daae049?t=1769091004280\" target=\"_blank\" rel=\"noopener\">Bases de participaci\u00f3n asturianu<\/a> (pdf)<\/p>\n<p><strong>XIII Certame de Creaci\u00f3n Audiovisual.\u00a0<\/strong><a href=\"https:\/\/www.educastur.es\/documents\/34868\/2177043\/Certame_Audiovisual_AST_2026.pdf\/954dbfc9-bbf8-48e2-24fe-ebb8bd25d92d?t=1769091044237\" target=\"_blank\" rel=\"noopener\">Bases de participaci\u00f3n asturianu<\/a> (pdf)<\/p>\n<p><strong>XXI Certame de Cartelismu\/ Cartelismo\u00a0<\/strong><a href=\"https:\/\/www.educastur.es\/documents\/34868\/2177043\/Certame_cartelismu_AST_2026.pdf\/01d01ac0-1752-986c-2820-6cbda088b456?t=1769091093388\" target=\"_blank\" rel=\"noopener\">Bases de participaci\u00f3n asturianu<\/a> (pdf)<\/p>\n<p><strong>XI Certame de Teatru \/Teatro\u00a0<\/strong><a href=\"https:\/\/www.educastur.es\/documents\/34868\/2177043\/Certame_Teatru_2026_AST.pdf\/b4083171-6029-5405-6655-804619495e2b?t=1769091126251\" target=\"_blank\" rel=\"noopener\">Bases de participaci\u00f3n asturianu<\/a> (pdf)<\/p>\n<p><strong>II Certame de Podcasts <\/strong><a href=\"https:\/\/www.educastur.es\/documents\/34868\/2177043\/Certame_Podcast_AST_2026.pdf\/cea525f5-3414-a616-5afd-5beb5ca79787?t=1769091159336\" target=\"_blank\" rel=\"noopener\">Bases de participaci\u00f3n asturianu<\/a> (pdf)<\/p>\n<p><strong>Inscripci\u00f3n:\u00a0<\/strong><u>Plazo (\u00faltimo d\u00eda)<\/u>: <b>27 marzu: Art\u00edstico-lliterariu y Cartelismu.\/ <\/b><b>6 d&#8217;abril: Audiovisual, Podcasts, Teatru.\u00a0<\/b><u><a href=\"https:\/\/forms.office.com\/\/Pages\/ResponsePage.aspx?id=O26jiJ_XK0qNtkwG0Jc4IWRYGDR7hP5DhoTQKuzPSP9URVJQUTZKSU4yT05HSFdSRlI2TkVORDhSVi4u&amp;fromie=true\" target=\"_blank\" rel=\"noopener\">Formulario<\/a><\/u>\u00a0(forms)<\/p>\n","protected":false},"excerpt":{"rendered":"<p>La XLVII Semana das Lletras Asturianas\u00a0ded\u00edcase a Taresa C\u00f3nsul y al teatru popular o costumista, un x\u00e9neru hist\u00f3ricamente mui afit\u00e1u y con munchu p\u00fablicu propiu.Taresa C\u00f3nsul ye la primer muyer de nome conoc\u00edu qu\u2019escribi\u00f3 teatru n\u2019asturianu, autora d\u2019un entrem\u00e9s represent\u00e1u en 1789 y public\u00e1u la primer vez nel 1996.<\/p>\n","protected":false},"author":117,"featured_media":0,"comment_status":"closed","ping_status":"closed","sticky":false,"template":"","format":"standard","meta":{"footnotes":""},"categories":[144],"tags":[],"class_list":["post-66544","post","type-post","status-publish","format-standard","hentry","category-semana-de"],"_links":{"self":[{"href":"https:\/\/edublog.educastur.es\/ixuxu\/wp-json\/wp\/v2\/posts\/66544","targetHints":{"allow":["GET"]}}],"collection":[{"href":"https:\/\/edublog.educastur.es\/ixuxu\/wp-json\/wp\/v2\/posts"}],"about":[{"href":"https:\/\/edublog.educastur.es\/ixuxu\/wp-json\/wp\/v2\/types\/post"}],"author":[{"embeddable":true,"href":"https:\/\/edublog.educastur.es\/ixuxu\/wp-json\/wp\/v2\/users\/117"}],"replies":[{"embeddable":true,"href":"https:\/\/edublog.educastur.es\/ixuxu\/wp-json\/wp\/v2\/comments?post=66544"}],"version-history":[{"count":3,"href":"https:\/\/edublog.educastur.es\/ixuxu\/wp-json\/wp\/v2\/posts\/66544\/revisions"}],"predecessor-version":[{"id":66581,"href":"https:\/\/edublog.educastur.es\/ixuxu\/wp-json\/wp\/v2\/posts\/66544\/revisions\/66581"}],"wp:attachment":[{"href":"https:\/\/edublog.educastur.es\/ixuxu\/wp-json\/wp\/v2\/media?parent=66544"}],"wp:term":[{"taxonomy":"category","embeddable":true,"href":"https:\/\/edublog.educastur.es\/ixuxu\/wp-json\/wp\/v2\/categories?post=66544"},{"taxonomy":"post_tag","embeddable":true,"href":"https:\/\/edublog.educastur.es\/ixuxu\/wp-json\/wp\/v2\/tags?post=66544"}],"curies":[{"name":"wp","href":"https:\/\/api.w.org\/{rel}","templated":true}]}}