{"id":66555,"date":"2026-01-23T13:05:33","date_gmt":"2026-01-23T11:05:33","guid":{"rendered":"https:\/\/edublog.educastur.es\/ixuxu\/?p=66555"},"modified":"2026-01-24T17:43:26","modified_gmt":"2026-01-24T15:43:26","slug":"la-flautera-asturiana-de-17-anos-que-trunfa-a-nivel-nacional","status":"publish","type":"post","link":"https:\/\/edublog.educastur.es\/ixuxu\/2026\/01\/la-flautera-asturiana-de-17-anos-que-trunfa-a-nivel-nacional\/","title":{"rendered":"La flautera asturiana de 17 a\u00f1os que trunfa a nivel nacional"},"content":{"rendered":"<p><a href=\"https:\/\/www.lne.es\/oviedo\/2026\/01\/22\/alexandra-pichurina-destaca-nivel-nacional-125976108.html?fbclid=IwY2xjawPgNQhleHRuA2FlbQIxMABicmlkETBqYXVuMzJTRWl0MXBIRW9Ec3J0YwZhcHBfaWQQMjIyMDM5MTc4ODIwMDg5MgABHotezjS0_CimwVcMhsy3uP3Uq4XrMH-z5DSB6pR5bNJL43wRfpgFdXsParwT_aem_kOW9gwAbffcTaXchrc_PXg&amp;utm_campaign=mrf-facebook-nuevaespana&amp;mrfcid=2026012269725d7ae98283007d07f206\">LNE<\/a> \/ Alexandra Pichurina, la flautera asturiana de 17 a\u00f1os que trunfa a nivel nacional: \u00abLa mio \u00fanica ambici\u00f3n ye ameyorar tolo que pueda y llegar a tocar colos mios padres\u00bb. La moza ye f\u00eda d&#8217;un matrimoniu de m\u00fasicos d&#8217;orixe rusu y llev\u00f3se el Primer Premiu de Grau Profesional del concursu Intercentros Mel\u00f3manu.<\/p>\n<p style=\"text-align: center\"><a href=\"https:\/\/estaticos-cdn.prensaiberica.es\/clip\/8f2f22c0-a372-4f76-89cc-9cd6ceeea132_16-9-discover-aspect-ratio_default_0_x722y321.webp\"><img loading=\"lazy\" decoding=\"async\" class=\"aligncenter size-large\" src=\"https:\/\/estaticos-cdn.prensaiberica.es\/clip\/8f2f22c0-a372-4f76-89cc-9cd6ceeea132_16-9-discover-aspect-ratio_default_0_x722y321.webp\" width=\"1200\" height=\"675\" \/><\/a><\/p>\n<p>Alexandra Pichurina (Uvi\u00e9u, 2008) creci\u00f3 ente partitures, ensayos y conciertos. Nun ye casualid\u00e1. Na so casa, con padres rusos, casi toos ded\u00edquense a la m\u00fasica de forma profesional. G\u00fcei, con solu 17 a\u00f1os, esa convivencia diaria empieza a dar frutos: va delles selmanes que s&#8217;alz\u00f3 col Primer Premiu na categor\u00eda de Grau Profesional del concursu nacional Intercentros \u00abMel\u00f3manu\u00bb, unu de los m\u00e1s relevantes del panorama formativu.<\/p>\n<p><!--more--><\/p>\n<p>Estudiante de flauta trevesera nel Conservatorio Profesional de M\u00fasica, Alexandra\u00a0 empez\u00f3 la so formaci\u00f3n na Escuela Municipal de M\u00fasica de la ciud\u00e1, primeramente con clases de pianu. Foi la so hermana Anastasia quien la anim\u00f3 a dar el pasu escontra <strong>la flauta, un pres\u00e9u que siempres -y atraxo.<\/strong> Con diez a\u00f1os empez\u00f3 a recibir clases de Myra y Peter Pearse, dambos integrantes de la OSPA, y mientres siete a\u00f1os f\u00f3rmase de manera independiente.<\/p>\n<p>Esti cursu aport\u00f3 al Conservatorio Superior baxu la tutela d&#8217;El\u00edas Alonso, quien la escoy\u00f3 pa participar nel concursu Intercentros \u00abMel\u00f3manu\u00bb. En superando la fase rexonal, imp\u00fasose na final celebrada n&#8217;Alicante. \u00abTaba daqu\u00e9 nerviosa porque yera la primer vegada que viaxaba ensin la mio madre, pero los profesores ayud\u00e1ronme enforma\u00bb, recuerda.<\/p>\n<p>El premiu supunxo un importante impulsu, anque Alexandra caltien los pies nel suelu. \u00abLa mio \u00fanica ambici\u00f3n ye ameyorar tou lo que pueda\u00bb, asegura. Agora ta centrada en terminar Bachilleratu, lo qu&#8217;amenorg\u00f3 les hores d&#8217;estudiu del pres\u00e9u. Mientres el branu lleg\u00f3 a dedicar m\u00e1s de cinco hores diaries a ensayar; agora&#8217;l tiempu ye m\u00e1s llind\u00e1u, anque espera retomalo cuando vuelva recibir clases col so nuevu profesor, Laurent Blaiteau, miembru de la Real Filharmon\u00eda de Galicia.<\/p>\n<p>En casa, la m\u00fasica sigue siendo un sofitu constante. Sacante&#8217;l so hermanu Roman, m\u00e1s inclin\u00e1u escontra les matem\u00e1tiques, toos ded\u00edquense a ella. \u00abAy\u00fadenme enforma, sobremanera a la de trabayar les pieces. Lo m\u00e1s complicao sueli ser atopar sitiu pa tocar, anque agora que la mio hermana ta en Salzburgo ye m\u00e1s f\u00e1cil\u00bb, comenta ente rises.<\/p>\n<p>Alexandra ye consciente de que&#8217;l cam\u00edn apenes acaba d&#8217;empezar y evita marcase metes al llargu plazu. Aun as\u00ed, hai xuna ilusi\u00f3n que la acompa\u00f1a dende siempres: poder llegar dalg\u00fan d\u00eda a compartir escenariu colos sos padres. \u00abTrabayar con ellos ser\u00eda bien especial; s\u00edguilos siempres de cerca\u00bb, concl\u00fai.<\/p>\n<p>&nbsp;<\/p>\n","protected":false},"excerpt":{"rendered":"<p>LNE \/ Alexandra Pichurina, la flautera asturiana de 17 a\u00f1os que trunfa a nivel nacional: \u00abLa mio \u00fanica ambici\u00f3n ye ameyorar tolo que pueda y llegar a tocar colos mios padres\u00bb. La moza ye f\u00eda d&#8217;un matrimoniu de m\u00fasicos d&#8217;orixe rusu y llev\u00f3se el Primer Premiu de Grau Profesional del concursu Intercentros Mel\u00f3manu. Alexandra Pichurina [&hellip;]<\/p>\n","protected":false},"author":117,"featured_media":0,"comment_status":"closed","ping_status":"closed","sticky":false,"template":"","format":"standard","meta":{"footnotes":""},"categories":[35],"tags":[],"class_list":["post-66555","post","type-post","status-publish","format-standard","hentry","category-musica"],"_links":{"self":[{"href":"https:\/\/edublog.educastur.es\/ixuxu\/wp-json\/wp\/v2\/posts\/66555","targetHints":{"allow":["GET"]}}],"collection":[{"href":"https:\/\/edublog.educastur.es\/ixuxu\/wp-json\/wp\/v2\/posts"}],"about":[{"href":"https:\/\/edublog.educastur.es\/ixuxu\/wp-json\/wp\/v2\/types\/post"}],"author":[{"embeddable":true,"href":"https:\/\/edublog.educastur.es\/ixuxu\/wp-json\/wp\/v2\/users\/117"}],"replies":[{"embeddable":true,"href":"https:\/\/edublog.educastur.es\/ixuxu\/wp-json\/wp\/v2\/comments?post=66555"}],"version-history":[{"count":4,"href":"https:\/\/edublog.educastur.es\/ixuxu\/wp-json\/wp\/v2\/posts\/66555\/revisions"}],"predecessor-version":[{"id":66559,"href":"https:\/\/edublog.educastur.es\/ixuxu\/wp-json\/wp\/v2\/posts\/66555\/revisions\/66559"}],"wp:attachment":[{"href":"https:\/\/edublog.educastur.es\/ixuxu\/wp-json\/wp\/v2\/media?parent=66555"}],"wp:term":[{"taxonomy":"category","embeddable":true,"href":"https:\/\/edublog.educastur.es\/ixuxu\/wp-json\/wp\/v2\/categories?post=66555"},{"taxonomy":"post_tag","embeddable":true,"href":"https:\/\/edublog.educastur.es\/ixuxu\/wp-json\/wp\/v2\/tags?post=66555"}],"curies":[{"name":"wp","href":"https:\/\/api.w.org\/{rel}","templated":true}]}}