{"id":66571,"date":"2026-01-24T08:30:26","date_gmt":"2026-01-24T06:30:26","guid":{"rendered":"https:\/\/edublog.educastur.es\/ixuxu\/?p=66571"},"modified":"2026-01-24T14:57:19","modified_gmt":"2026-01-24T12:57:19","slug":"el-tiempu-el-comercio-243","status":"publish","type":"post","link":"https:\/\/edublog.educastur.es\/ixuxu\/2026\/01\/el-tiempu-el-comercio-243\/","title":{"rendered":"El tiempu (El Comercio)"},"content":{"rendered":"<p style=\"text-align: center\"><a href=\"https:\/\/s1.ppllstatics.com\/elcomercio\/www\/multimedia\/2026\/01\/23\/prevision-tiempo-asturias-kty-U2302588077118HVD-1200x870@El%20Comercio.jpg\"><img loading=\"lazy\" decoding=\"async\" class=\"aligncenter size-large\" src=\"https:\/\/s1.ppllstatics.com\/elcomercio\/www\/multimedia\/2026\/01\/23\/prevision-tiempo-asturias-kty-U2302588077118HVD-1200x870@El%20Comercio.jpg\" width=\"1200\" height=\"870\" \/><\/a><\/p>\n<p style=\"text-align: left\">Vamos<strong> empecipiar el d\u00eda<\/strong> con nubosid\u00e1 pero con escasa probabilid\u00e1 de precipitaciones. Conforme meyora la ma\u00f1ana, y sobremanera<strong> a partir del mediud\u00eda<\/strong>, van entrar ag\u00fces pel oeste que se van dir estendiendo por tola rex\u00f3n. Estes<strong> precipitaciones<\/strong> van dexar nieve a partir de los 700 metros con encl\u00edn a xubir hasta los 900 o 1000 metros nel tramu final de la xornada.<strong> Los vientos<\/strong> van predominar de suroeste con raches moderaes que van poder ser localmente fuertes especialmente na mari\u00f1a, anque tami\u00e9n se preven raches bien significatives en zones altes del occidente y nel cordal.<\/p>\n<p><!--more--><\/p>\n<p style=\"text-align: left\">Na mar va tar activ\u00e1u, per parte de l&#8217;Axencia Estatal de Meteorolox\u00eda,<strong> l&#8217;avisu naranxa mientres tol d\u00eda<\/strong> por foles d&#8217;hasta 7 metros d&#8217;altor. Am\u00e1s, tami\u00e9n va tar activ\u00e1u l&#8217;avisu por raches fuertes de vientu. Tocantes a<strong> les temperatures<\/strong>, nin les m\u00e1ximes nin les m\u00ednimes van variar respectu al vienres. S\u00eda que non, podr\u00eda producise dalg\u00fan descensu bien llixeru en zones del oriente asturianu.<\/p>\n<p style=\"text-align: left\"><strong>El domingu<\/strong> prevese tami\u00e9n *nubosidad con posibilid\u00e1 de bastios que van dexar nieve a partir de los 700\/800 metros. Los vientos van soplar de suroeste-oeste con raches fuertes en munchos puntos del Princip\u00e1u. Atenci\u00f3n na mar porque les foles podr\u00eden llegar a los 8 metros d&#8217;altor. Les temperatures m\u00e1ximes van xubir llixeramente ente que les m\u00ednimes van fecelo de forma muncho m\u00e1s destacada.<\/p>\n<p>&nbsp;<\/p>\n<p style=\"text-align: center\"><a href=\"https:\/\/pbs.twimg.com\/media\/G_bLUHIXQAAaG1l?format=jpg&amp;name=large\"><img loading=\"lazy\" decoding=\"async\" class=\"aligncenter \" src=\"https:\/\/pbs.twimg.com\/media\/G_bLUHIXQAAaG1l?format=jpg&amp;name=large\" width=\"744\" height=\"474\" \/><\/a><span class=\"css-1jxf684 r-dnmrzs r-1udh08x r-1udbk01 r-3s2u2q r-bcqeeo r-1ttztb7 r-qvutc0 r-poiln3\"><span class=\"css-1jxf684 r-bcqeeo r-1ttztb7 r-qvutc0 r-poiln3\">Blanca Cueto Frade <\/span><span class=\"css-1jxf684 r-bcqeeo r-1ttztb7 r-qvutc0 r-poiln3\">@Blancacueto8<\/span><\/span><\/p>\n<div class=\"css-175oi2r r-14lw9ot r-jxzhtn r-th6na r-1phboty r-1dqxon3 r-1hycxz\" aria-expanded=\"true\" data-viewportview=\"true\">\n<section class=\"css-175oi2r\" role=\"region\" aria-labelledby=\"accessible-list-7\">\n<div class=\"css-175oi2r\" aria-label=\"Cronolog\u00eda: Conversaci\u00f3n\">\n<div>\n<div class=\"css-175oi2r\" data-testid=\"cellInnerDiv\">\n<div class=\"css-175oi2r r-j5o65s r-qklmqi r-1adg3ll r-1ny4l3l\">\n<div class=\"css-175oi2r\">\n<article class=\"css-175oi2r r-18u37iz r-1udh08x r-1c4vpko r-1c7gwzm r-1ny4l3l\" role=\"article\" aria-labelledby=\"id__xspa3xm9jmi id__n41312ojemg id__l1ejrmvoz4 id__3763pybl7jp id__mdhsmcwcwdq id__0zccia6rl67 id__4jl0o1xa0xm id__461yxrguykj id__knn28zxjmhr id__wg4k7ls0o5 id__c7g5oyca5kl id__wjwx8ohk27j id__utjq32o2nkh id__byc50wwjsza id__0cict27qkvl id__qdlb5c3lr8 id__g4s90gwng6v id__ulr0xuwq72b id__4d6xi2vzzeq id__0utgm6vtgqg\" data-testid=\"tweet\">\n<div class=\"css-175oi2r r-eqz5dr r-16y2uox r-1wbh5a2\">\n<div class=\"css-175oi2r r-16y2uox r-1wbh5a2 r-1ny4l3l\">\n<div class=\"css-175oi2r r-18u37iz r-136ojw6\">\n<div class=\"css-175oi2r r-1iusvr4 r-16y2uox r-1777fci\">\n<div class=\"css-175oi2r r-zl2h9q\">\n<div class=\"css-175oi2r r-k4xj1c r-18u37iz r-1wtj0ep\">\n<div class=\"css-175oi2r r-1kkk96v\">\n<div class=\"css-175oi2r r-1awozwy r-18u37iz r-1cmwbt1 r-1wtj0ep\">\n<div class=\"css-175oi2r r-18u37iz r-1h0z5md\">Una ma\u00f1ana de nubes y escamplaes &#8230; con bastante aire y sigue la marexada nel mar ( Llanes) Asturies. Sablera de Tor\u00f3. <span class=\"r-18u37iz\"><a class=\"css-1jxf684 r-bcqeeo r-1ttztb7 r-qvutc0 r-poiln3 r-1wvb978 r-1loqt21\" dir=\"ltr\" role=\"link\" href=\"https:\/\/x.com\/eltiempotpa\">@eltiempotpa<\/a><\/span><\/div>\n<\/div>\n<\/div>\n<\/div>\n<\/div>\n<\/div>\n<\/div>\n<div class=\"css-175oi2r\">\n<div class=\"css-175oi2r\">\n<div class=\"css-175oi2r r-1s2bzr4\">\n<div id=\"id__c7g5oyca5kl\" class=\"css-146c3p1 r-bcqeeo r-1ttztb7 r-qvutc0 r-37j5jr r-1inkyih r-16dba41 r-bnwqim r-135wba7\" dir=\"auto\" lang=\"es\" data-testid=\"tweetText\">\n<div class=\"css-175oi2r r-xoduu5\"><span class=\"r-18u37iz\"><a class=\"css-1jxf684 r-bcqeeo r-1ttztb7 r-qvutc0 r-poiln3 r-1wvb978 r-1loqt21\" dir=\"ltr\" role=\"link\" href=\"https:\/\/x.com\/AEMET_Asturias\">@AEMET_Asturias<\/a><\/span><\/div>\n<div class=\"css-175oi2r r-xoduu5\"><span class=\"r-18u37iz\"><a class=\"css-1jxf684 r-bcqeeo r-1ttztb7 r-qvutc0 r-poiln3 r-1wvb978 r-1loqt21\" dir=\"ltr\" role=\"link\" href=\"https:\/\/x.com\/GabriValcarcel\">@GabriValcarcel<\/a><\/span><\/div>\n<div style=\"text-align: center\"><a href=\"https:\/\/s3.ppllstatics.com\/elcomercio\/www\/multimedia\/2026\/01\/23\/pajares-RUwZ4JN6zKXUUxKzkqjhiWP-1200x840@El%20Comercio.jpg\"><img loading=\"lazy\" decoding=\"async\" class=\"aligncenter size-large\" src=\"https:\/\/s3.ppllstatics.com\/elcomercio\/www\/multimedia\/2026\/01\/23\/pajares-RUwZ4JN6zKXUUxKzkqjhiWP-1200x840@El%20Comercio.jpg\" width=\"1200\" height=\"840\" \/><\/a><\/div>\n<\/div>\n<\/div>\n<\/div>\n<\/div>\n<\/div>\n<\/div>\n<\/article>\n<\/div>\n<\/div>\n<\/div>\n<\/div>\n<\/div>\n<\/section>\n<\/div>\n","protected":false},"excerpt":{"rendered":"<p>Vamos empecipiar el d\u00eda con nubosid\u00e1 pero con escasa probabilid\u00e1 de precipitaciones. Conforme meyora la ma\u00f1ana, y sobremanera a partir del mediud\u00eda, van entrar ag\u00fces pel oeste que se van dir estendiendo por tola rex\u00f3n. Estes precipitaciones van dexar nieve a partir de los 700 metros con encl\u00edn a xubir hasta los 900 o 1000 [&hellip;]<\/p>\n","protected":false},"author":117,"featured_media":0,"comment_status":"closed","ping_status":"closed","sticky":false,"template":"","format":"standard","meta":{"footnotes":""},"categories":[5],"tags":[],"class_list":["post-66571","post","type-post","status-publish","format-standard","hentry","category-tiempu"],"_links":{"self":[{"href":"https:\/\/edublog.educastur.es\/ixuxu\/wp-json\/wp\/v2\/posts\/66571","targetHints":{"allow":["GET"]}}],"collection":[{"href":"https:\/\/edublog.educastur.es\/ixuxu\/wp-json\/wp\/v2\/posts"}],"about":[{"href":"https:\/\/edublog.educastur.es\/ixuxu\/wp-json\/wp\/v2\/types\/post"}],"author":[{"embeddable":true,"href":"https:\/\/edublog.educastur.es\/ixuxu\/wp-json\/wp\/v2\/users\/117"}],"replies":[{"embeddable":true,"href":"https:\/\/edublog.educastur.es\/ixuxu\/wp-json\/wp\/v2\/comments?post=66571"}],"version-history":[{"count":4,"href":"https:\/\/edublog.educastur.es\/ixuxu\/wp-json\/wp\/v2\/posts\/66571\/revisions"}],"predecessor-version":[{"id":66578,"href":"https:\/\/edublog.educastur.es\/ixuxu\/wp-json\/wp\/v2\/posts\/66571\/revisions\/66578"}],"wp:attachment":[{"href":"https:\/\/edublog.educastur.es\/ixuxu\/wp-json\/wp\/v2\/media?parent=66571"}],"wp:term":[{"taxonomy":"category","embeddable":true,"href":"https:\/\/edublog.educastur.es\/ixuxu\/wp-json\/wp\/v2\/categories?post=66571"},{"taxonomy":"post_tag","embeddable":true,"href":"https:\/\/edublog.educastur.es\/ixuxu\/wp-json\/wp\/v2\/tags?post=66571"}],"curies":[{"name":"wp","href":"https:\/\/api.w.org\/{rel}","templated":true}]}}