{"id":66597,"date":"2026-01-24T12:14:57","date_gmt":"2026-01-24T10:14:57","guid":{"rendered":"https:\/\/edublog.educastur.es\/ixuxu\/?p=66597"},"modified":"2026-01-24T15:20:51","modified_gmt":"2026-01-24T13:20:51","slug":"el-principau-va-cuntar-anguano-cola-mayor-ufierta-de-places-arees-de-la-so-hestoria","status":"publish","type":"post","link":"https:\/\/edublog.educastur.es\/ixuxu\/2026\/01\/el-principau-va-cuntar-anguano-cola-mayor-ufierta-de-places-arees-de-la-so-hestoria\/","title":{"rendered":"El Princip\u00e1u va cuntar angua\u00f1o cola mayor ufierta de places \u00e1rees de la so hestoria"},"content":{"rendered":"<p style=\"text-align: center\"><a href=\"https:\/\/actualidad.asturias.es\/documents\/537115\/3036901\/mapa+destinos+verano+26.jpeg\/8ea3e15a-b237-b06b-97d3-b3087e35caa7?t=1769088855854\"><img loading=\"lazy\" decoding=\"async\" class=\"aligncenter size-large\" src=\"https:\/\/actualidad.asturias.es\/documents\/537115\/3036901\/mapa+destinos+verano+26.jpeg\/8ea3e15a-b237-b06b-97d3-b3087e35caa7?t=1769088855854\" width=\"1080\" height=\"608\" \/><\/a><\/p>\n<p><a href=\"https:\/\/actualidad.asturias.es\/-\/presentacionasaturiashiperconectadafitur2201?redirect=%2Fnoticias%3Fp_p_id%3Dcom_liferay_asset_publisher_web_portlet_AssetPublisherPortlet_INSTANCE_Pk4uPC5yniIC%26p_p_lifecycle%3D0%26p_p_state%3Dnormal%26p_p_mode%3Dview%26_com_liferay_asset_publisher_web_portlet_AssetPublisherPortlet_INSTANCE_Pk4uPC5yniIC_delta%3D10%26p_r_p_resetCur%3Dfalse%26_com_liferay_asset_publisher_web_portlet_AssetPublisherPortlet_INSTANCE_Pk4uPC5yniIC_cur%3D2\">Actualid\u00e1<\/a> \/ El Princip\u00e1u va cuntar angua\u00f1o cola mayor ufierta de places \u00e1rees de la so hestoria: 1,6 millones d&#8217;asientos na temporada de branu. La estratexa de conectividad, que dexa disponer de 30 rutes, capta tr\u00e9s nueves aeroll\u00ednees para la terminal de Santiago del Monte. La programaci\u00f3n prevista <strong>va facilitar l&#8217;enllaz directu con m\u00e1s de 250 puntos de too el mundu<\/strong> al travi\u00e9s de siete centros d&#8217;operaciones europeos. La n\u00f3mina de destinos suma como noved\u00e1 Porto, Florencia y Dubl\u00edn y aumenta la conex\u00f3n con mercaos nacionales clave como Madrid, Andaluc\u00eda, Canaries o Baleares.<\/p>\n<p><!--more--><\/p>\n<p>L&#8217;Executivu presenta en Fitur una Asturies hiperconecta\u00e1, con cifres r\u00e9cord d&#8217;usuarios nel aeropuertu, l&#8217;alta velocid\u00e1 y el tresporte p\u00fablicu per carretera.<\/p>\n<div id=\"main-content\" class=\"columns-1\" role=\"main\">\n<div class=\"portlet-layout row\">\n<div id=\"column-1\" class=\"col-md-12 portlet-column portlet-column-only\">\n<div id=\"layout-column_column-1\" class=\"portlet-dropzone portlet-column-content portlet-column-content-only\">\n<div id=\"p_p_id_com_liferay_asset_publisher_web_portlet_AssetPublisherPortlet_INSTANCE_DSnKSBdGDt7q_\" class=\"portlet-boundary portlet-boundary_com_liferay_asset_publisher_web_portlet_AssetPublisherPortlet_ portlet-static portlet-static-end portlet-barebone portlet-asset-publisher nota-detalle\">\n<section id=\"portlet_com_liferay_asset_publisher_web_portlet_AssetPublisherPortlet_INSTANCE_DSnKSBdGDt7q\" class=\"portlet\">\n<div class=\"portlet-content\">\n<div class=\" portlet-content-container\">\n<div class=\"portlet-body\">\n<div>\n<div class=\"asset-full-content clearfix default-asset-publisher show-asset-title\">\n<div id=\"_com_liferay_asset_publisher_web_portlet_AssetPublisherPortlet_INSTANCE_DSnKSBdGDt7q_3036911\" class=\"asset-content\">\n<div class=\"clearfix journal-content-article\" data-analytics-asset-id=\"3036898\" data-analytics-asset-title=\"El Principado contar\u00e1 este a\u00f1o con la mayor oferta de plazas \u00e1reas de su historia: 1,6 millones de asientos en la temporada de verano\" data-analytics-asset-type=\"web-content\">\n<div class=\"nota\">\n<div class=\"contenido-article documentacion\">\n<ul>\n<li><a class=\"pdf\" title=\"Nota prensa presentaci\u00f3n en Fitur conectividad a\u00e9rea Asturias. Abre una nueva ventana\" href=\"https:\/\/actualidad.asturias.es\/documents\/533407\/0\/2026_01_22+NP+Fitur+conectividad+aerea.pdf\/e2024f73-b87e-538e-8141-3c2881096b17?t=1769075395331\" target=\"_blank\" rel=\"noopener\"> Nota prensa presentaci\u00f3n en Fitur conectividad a\u00e9rea Asturias <\/a><\/li>\n<li><a class=\"pdf\" title=\"Presentaci\u00f3n Asturias Hiperconectada Fitur 2026. Abre una nueva ventana\" href=\"https:\/\/actualidad.asturias.es\/documents\/533407\/0\/Presentacion+Asturias+Hiperconectada+FITUR+2026.pdf\/0d4eef24-b7cf-399c-8883-9960156b38b1?t=1769075598671\" target=\"_blank\" rel=\"noopener\"> Presentaci\u00f3n Asturias Hiperconectada Fitur 2026 <\/a><\/li>\n<\/ul>\n<p>Asturies va esfrutar angua\u00f1o de la mayor ufierta de places a\u00e9rees de la so hestoria: m\u00e1s de 1,6 millones d&#8217;asientos que y\u00e1 t\u00e1n a la vienta para la temporada de branu, que va d&#8217;abril a ochobre. El conseyeru de Movilid\u00e1, Mediu Ambiente y Xesti\u00f3n d&#8217;Emerxencies, Alejandro Calvo, y el viceconseyeru d&#8217;Infraestructures y Movilid\u00e1 Sostenible, Jorge Garc\u00eda, presentaron g\u00fcei en Fitur los <strong>oxetivos de la Estratexa de Conectivid\u00e1 A\u00e9rea<\/strong> dise\u00f1ada pa una Asturies hiperconect\u00e1, <strong>que rexistra cifres r\u00e9cord d&#8217;usuarios nel aeropuertu, l&#8217;alta velocid\u00e1 ferroviaria y el tresporte p\u00fablicu per carretera.\u00a0\u00a0<\/strong><\/p>\n<p>L&#8217;Executivu auton\u00f3micu escuerre avanzar nesi cam\u00edn por que la conectividad y la multimodalidad supongan un activu de desenvolvimientu que dexe captar oportunidaes y contribuyir a un modelu tur\u00edsticu desestacionalizado y sostenible.<\/p>\n<p>La programaci\u00f3n prevista p&#8217;angua\u00f1o na terminal de Santiago del Monte revalida la cifra m\u00e1s alta de destinos directos,<strong> con 30 rutes: 19 aeropuertos espa\u00f1oles y 11 ciudaes de 9 pa\u00edses europeos.<\/strong> En t\u00e9rminos de tr\u00e1ficu a\u00e9reu, estes cifres impliquen casi diez mil vuelos na temporada de branu, con 372 a la selmana nos momentos de mayor activid\u00e1. Cabo recordar qu&#8217;en 2025 l&#8217;aeropuertu super\u00f3 per primer vegada na so hestoria los dos millones de pasaxeros.<\/p>\n<p>Nueves aeroll\u00ednees y meyores enllaces<\/p>\n<p>El desenvolvimientu de la<strong> Estratexa de Conectividad A\u00e9rea<\/strong> dex\u00f3 atraer tr\u00e9s nueves aeroll\u00ednees y ampliar sustancialmente la ufierta de dalgunes que y\u00e1 operaben n&#8217;Asturies, como Volotea. La holandesa KLM y l&#8217;irlandesa Aer Lingus van volar por primer dende&#8217;l Princip\u00e1u. Pela so parte, Air Europa torna pa ufiertar una ruta con dos frecuencies diaries a Madrid.<\/p>\n<p>Siquier ocho compa\u00f1\u00edes van volar angua\u00f1o dende Santiago del Monte y van ufiertar conex\u00f3n con m\u00e1s de 250 destinos en tol mundu, al travi\u00e9s de los vuelos directos a siete centros d&#8217;operaciones (hubs) europeos: el doble hub de Madrid, y Barcelona, Londres, Dubl\u00edn, Frankfurt y \u00c1msterdam, a los que se va xunir la posibilid\u00e1 de conectar los vuelos de Volotea cola Rede d&#8217;ITA Airways en Roma.<\/p>\n<p>El Gobiernu d&#8217;Asturies non solo busca ampliar la n\u00f3mina de destinos cola so estratexa, sin\u00f3n tami\u00e9n reforzar la calid\u00e1 y ufiertar facilidaes a quien parten de la comunid\u00e1 o lleguen a ella. Por esta raz\u00f3n, nes acciones promocionales<strong> prioriz\u00e1ronse les propuestes qu&#8217;ufierten aeropuertos de primera categor\u00eda<\/strong>, esto ye, aquellos que cunten coles meyores infraestructures, m\u00e1s enllaces y conexones sencielles coles sos ciudaes de referencia.<\/p>\n<p>Angua\u00f1o, nueve de les rutes van llegar a aeropuertos internacionales de primera categor\u00eda, lo que va ameyorar la comodid\u00e1 y la conectividad pa les persones usuaries. Como exemplu figuren Fiumicino, en Roma; Zaventen, en Bruxeles, y Orly, en Par\u00eds.<\/p>\n<p>La ufierta a\u00f1al incorpora tr\u00e9s destinos nuevos al respective de 2025. Per un sitiu,<strong> Florencia y Porto, que van operar tol a\u00f1u y que nunca antes hab\u00eden est\u00e1u disponibles dende Asturies.<\/strong> Por otru, torna a la parrilla Dubl\u00edn, gracies a l&#8217;aeroll\u00ednea de rede irlandesa Aer Lingus.<\/p>\n<p>Am\u00e1s, les frecuencies de conex\u00f3n con Portugal aumenten un 66% y l&#8217;ufierta de places, un 92,4%. En concretu, va haber tr\u00e9s frecuencies a la selmana con Lisboa y dos con Porto. Otru finxu ye que la ufierta con Italia se *desestacionaliza, con vuelos mientres tol a\u00f1u a Mil\u00e1n, Florencia y Roma.<\/p>\n<p>M\u00e1s frecuencies con mercaos nacionales<\/p>\n<p>Dientro del merc\u00e1u nacional, Asturies va esfrutar d&#8217;una ufierta qu&#8217;aumenta sustancialmente la conex\u00f3n con enclaves estrat\u00e9xicos como Madrid, Andaluc\u00eda, Comunidad Valenciana o les isles. Am\u00e1s de l&#8217;activid\u00e1 tur\u00edstica, estos destinos cunten con un \u00e1rea d&#8217;influencia econ\u00f3mica y granible bien relevante, que puede resultar curiosa pa captar turismu MICE, de negocios y congresos.<\/p>\n<p>Tr\u00e9s compa\u00f1\u00edes van ufiertar enllaces con Madrid, lo que supon una medr\u00eda de frecuencies cola capital espa\u00f1ola del 53,3%.\u00a0 En total, t\u00e1n previstes 1.137 pa la temporada de branu.<\/p>\n<p>Canaries ye otru de los mercaos de referencia, como focu d&#8217;atracci\u00f3n y promoci\u00f3n. Por ello, el n\u00famberu de frecuencies va crecer m\u00e1s d&#8217;un 34%. Les cinco conexones con Tenerife, Gran Canaria, Lanzarote y Fuerteventura van suponer m\u00e1s de 156.000 places na temporada veraniega. *Binter va dexar conectar Asturies con tolos aeropuertos de les isles tolos d\u00edes de la selmana.<\/p>\n<p>La conex\u00f3n con Andaluc\u00eda crez un 24,4% al respective de 2025, con un total de 668 frecuencies con Sevilla, M\u00e1laga, Xerez y Granada. M\u00e1s de 240.400 places t\u00e1n y\u00e1 a la vienta. Destaquen los nueve vuelos selmanales que van xunir Asturies con Sevilla y M\u00e1laga, dos mercaos con intensa activid\u00e1 econ\u00f3mica y tur\u00edstica.<\/p>\n<p>La Comunidad Valenciana va tar comunicada con Asturies con un m\u00e1ximu de 20 vuelos selmanales y una ufierta global pr\u00f3xima a les 208.000 places. Asina, t\u00e1n previstes nueve conexones selmanales con Valencia y Alicante. Estes cifres representen una medr\u00eda del 24% nel n\u00famberu de frecuencies.<\/p>\n<p>La conex\u00f3n con Baleares en temporada alta va tar garantizada con m\u00e1s de 170.000 places y 18 vuelos a la selmana que van incluyir 12 frecuencies selmanales col aeropuertu de Palma de Mallorca. Estes cifres reflexen un aumentu del 17% al respective de 2025.<\/p>\n<\/div>\n<\/div>\n<\/div>\n<\/div>\n<\/div>\n<\/div>\n<\/div>\n<\/div>\n<\/div>\n<\/section>\n<\/div>\n<\/div>\n<\/div>\n<\/div>\n<\/div>\n","protected":false},"excerpt":{"rendered":"<p>Actualid\u00e1 \/ El Princip\u00e1u va cuntar angua\u00f1o cola mayor ufierta de places \u00e1rees de la so hestoria: 1,6 millones d&#8217;asientos na temporada de branu. La estratexa de conectividad, que dexa disponer de 30 rutes, capta tr\u00e9s nueves aeroll\u00ednees para la terminal de Santiago del Monte. La programaci\u00f3n prevista va facilitar l&#8217;enllaz directu con m\u00e1s de [&hellip;]<\/p>\n","protected":false},"author":117,"featured_media":0,"comment_status":"closed","ping_status":"closed","sticky":false,"template":"","format":"standard","meta":{"footnotes":""},"categories":[232],"tags":[],"class_list":["post-66597","post","type-post","status-publish","format-standard","hentry","category-tresportes"],"_links":{"self":[{"href":"https:\/\/edublog.educastur.es\/ixuxu\/wp-json\/wp\/v2\/posts\/66597","targetHints":{"allow":["GET"]}}],"collection":[{"href":"https:\/\/edublog.educastur.es\/ixuxu\/wp-json\/wp\/v2\/posts"}],"about":[{"href":"https:\/\/edublog.educastur.es\/ixuxu\/wp-json\/wp\/v2\/types\/post"}],"author":[{"embeddable":true,"href":"https:\/\/edublog.educastur.es\/ixuxu\/wp-json\/wp\/v2\/users\/117"}],"replies":[{"embeddable":true,"href":"https:\/\/edublog.educastur.es\/ixuxu\/wp-json\/wp\/v2\/comments?post=66597"}],"version-history":[{"count":1,"href":"https:\/\/edublog.educastur.es\/ixuxu\/wp-json\/wp\/v2\/posts\/66597\/revisions"}],"predecessor-version":[{"id":66598,"href":"https:\/\/edublog.educastur.es\/ixuxu\/wp-json\/wp\/v2\/posts\/66597\/revisions\/66598"}],"wp:attachment":[{"href":"https:\/\/edublog.educastur.es\/ixuxu\/wp-json\/wp\/v2\/media?parent=66597"}],"wp:term":[{"taxonomy":"category","embeddable":true,"href":"https:\/\/edublog.educastur.es\/ixuxu\/wp-json\/wp\/v2\/categories?post=66597"},{"taxonomy":"post_tag","embeddable":true,"href":"https:\/\/edublog.educastur.es\/ixuxu\/wp-json\/wp\/v2\/tags?post=66597"}],"curies":[{"name":"wp","href":"https:\/\/api.w.org\/{rel}","templated":true}]}}