{"id":66604,"date":"2026-01-23T18:10:11","date_gmt":"2026-01-23T16:10:11","guid":{"rendered":"https:\/\/edublog.educastur.es\/ixuxu\/?p=66604"},"modified":"2026-01-24T17:25:12","modified_gmt":"2026-01-24T15:25:12","slug":"la-meyor-imaxe-deportiva-del-anu","status":"publish","type":"post","link":"https:\/\/edublog.educastur.es\/ixuxu\/2026\/01\/la-meyor-imaxe-deportiva-del-anu\/","title":{"rendered":"La meyor imaxe deportiva del a\u00f1u"},"content":{"rendered":"<p style=\"text-align: center\"><a href=\"https:\/\/cdn.prod.website-files.com\/639316a8b61a6c9e4de14301\/69665106d63c938cb24c4de1_tennis.jpeg\"><img loading=\"lazy\" decoding=\"async\" class=\"aligncenter size-large\" src=\"https:\/\/cdn.prod.website-files.com\/639316a8b61a6c9e4de14301\/69665106d63c938cb24c4de1_tennis.jpeg\" width=\"1620\" height=\"1080\" \/><\/a><\/p>\n<p>&nbsp;<\/p>\n<p><a href=\"https:\/\/www.antena3.com\/noticias\/deportes\/tenis\/esta-fotografia-sombra-carlos-alcaraz-mejor-imagen-deportiva-ano_2026012269724d56eb223406e5abdbb4.html\">Antena3<\/a> \/ Esta fotograf\u00eda de la solombra de <strong>Carlos Alcaraz<\/strong>, meyor imaxe deportiva del a\u00f1u. Estes son les meyores semeyes deportives escoy\u00edes polos <a href=\"https:\/\/www.worldsportsphotographyawards.com\/\"><strong>World Sports Photography Awards 2026.<\/strong><\/a><\/p>\n<p><!--more--><\/p>\n<p style=\"text-align: center\"><a href=\"https:\/\/cdn.prod.website-files.com\/63931c87f67cb344f77a0e89\/63974aeec1fc283171619ced_WSPA%20Logo.svg\"><img loading=\"lazy\" decoding=\"async\" class=\"aligncenter size-large\" src=\"https:\/\/cdn.prod.website-files.com\/63931c87f67cb344f77a0e89\/63974aeec1fc283171619ced_WSPA%20Logo.svg\" width=\"300\" height=\"169\" \/><\/a><\/p>\n<p>Dempu\u00e9s de que la so raqueta cuta la pelota, vemos la solombra de Carlos Alcaraz. Ye l&#8217;intre esactu nel que&#8217;l deporte vu\u00e9lvese relatu y esta hestoria conquist\u00f3 al xur\u00e1u de los World Sports Photography Awards, patrocinaos por Canon. Foi tomada por<strong> Edgar El<\/strong> so na cuarta ronda del open d&#8217;Australia del a\u00f1u pas\u00e1u contra&#8217;l brit\u00e1nicu Jack Draper.<\/p>\n<p>Isaac Morillas foi xur\u00e1u y qued\u00f3 segundu en 2024 con una semeya d&#8217;halterofilia: \u00abLa semeya por s\u00ed mesma ye un fot\u00f3n, ye una composici\u00f3n casi perfecta. Tien que ver bien de esa actualid\u00e1 tami\u00e9n a la d&#8217;otorgar estos premios\u00bb, analiza la imaxe ganadora.<\/p>\n","protected":false},"excerpt":{"rendered":"<p>&nbsp; Antena3 \/ Esta fotograf\u00eda de la solombra de Carlos Alcaraz, meyor imaxe deportiva del a\u00f1u. Estes son les meyores semeyes deportives escoy\u00edes polos World Sports Photography Awards 2026.<\/p>\n","protected":false},"author":117,"featured_media":0,"comment_status":"closed","ping_status":"closed","sticky":false,"template":"","format":"standard","meta":{"footnotes":""},"categories":[133,17],"tags":[],"class_list":["post-66604","post","type-post","status-publish","format-standard","hentry","category-deportes","category-semeyes"],"_links":{"self":[{"href":"https:\/\/edublog.educastur.es\/ixuxu\/wp-json\/wp\/v2\/posts\/66604","targetHints":{"allow":["GET"]}}],"collection":[{"href":"https:\/\/edublog.educastur.es\/ixuxu\/wp-json\/wp\/v2\/posts"}],"about":[{"href":"https:\/\/edublog.educastur.es\/ixuxu\/wp-json\/wp\/v2\/types\/post"}],"author":[{"embeddable":true,"href":"https:\/\/edublog.educastur.es\/ixuxu\/wp-json\/wp\/v2\/users\/117"}],"replies":[{"embeddable":true,"href":"https:\/\/edublog.educastur.es\/ixuxu\/wp-json\/wp\/v2\/comments?post=66604"}],"version-history":[{"count":7,"href":"https:\/\/edublog.educastur.es\/ixuxu\/wp-json\/wp\/v2\/posts\/66604\/revisions"}],"predecessor-version":[{"id":66625,"href":"https:\/\/edublog.educastur.es\/ixuxu\/wp-json\/wp\/v2\/posts\/66604\/revisions\/66625"}],"wp:attachment":[{"href":"https:\/\/edublog.educastur.es\/ixuxu\/wp-json\/wp\/v2\/media?parent=66604"}],"wp:term":[{"taxonomy":"category","embeddable":true,"href":"https:\/\/edublog.educastur.es\/ixuxu\/wp-json\/wp\/v2\/categories?post=66604"},{"taxonomy":"post_tag","embeddable":true,"href":"https:\/\/edublog.educastur.es\/ixuxu\/wp-json\/wp\/v2\/tags?post=66604"}],"curies":[{"name":"wp","href":"https:\/\/api.w.org\/{rel}","templated":true}]}}