{"id":66613,"date":"2026-01-24T17:09:57","date_gmt":"2026-01-24T15:09:57","guid":{"rendered":"https:\/\/edublog.educastur.es\/ixuxu\/?p=66613"},"modified":"2026-01-24T17:10:33","modified_gmt":"2026-01-24T15:10:33","slug":"66613","status":"publish","type":"post","link":"https:\/\/edublog.educastur.es\/ixuxu\/2026\/01\/66613\/","title":{"rendered":"El multilling\u00fc\u00edsmu de la Uni\u00f3n Europea"},"content":{"rendered":"<div class=\"html-div xdj266r x14z9mp xat24cr x1lziwak xexx8yu x1a8lsjc xf7dkkf xv54qhq\">\n<div class=\"html-div xdj266r x14z9mp xat24cr x1lziwak xexx8yu xyri2b x18d9i69 x1c1uobl x1jx94hy x78zum5 x1q0g3np\">\n<div class=\"html-div xdj266r xat24cr x1lziwak xexx8yu xyri2b x18d9i69 x1c1uobl x78zum5 x2lah0s xqtp20y x1xegmmw\">\n<div class=\"xc9qbxq x1td3qas x6s0dn4 x78zum5 xl56j7k\">\n<div class=\"\" style=\"text-align: center\"><a href=\"https:\/\/elordenmundial.com\/wp-content\/webp-express\/webp-images\/doc-root\/wp-content\/uploads\/2023\/09\/mapa-idiomas-oficiales-ue.png.webp\"><img loading=\"lazy\" decoding=\"async\" class=\"aligncenter size-large\" src=\"https:\/\/elordenmundial.com\/wp-content\/webp-express\/webp-images\/doc-root\/wp-content\/uploads\/2023\/09\/mapa-idiomas-oficiales-ue.png.webp\" width=\"1300\" height=\"1209\" \/><\/a><\/div>\n<\/div>\n<\/div>\n<div class=\"x78zum5 xdt5ytf xz62fqu x16ldp7u\">\n<div class=\"xu06os2 x1ok221b\">\n<div class=\"html-div xdj266r x14z9mp xat24cr x1lziwak xexx8yu xyri2b x18d9i69 x1c1uobl\" data-ad-rendering-role=\"profile_name\">\n<p class=\"html-h3 x14z9mp xat24cr x1lziwak xexx8yu xyri2b x18d9i69 x1c1uobl x1vvkbs x1heor9g x1qlqyl8 x1pd3egz x1a2a7pz x1gslohp x1yc453h\"><span class=\"x1lliihq x6ikm8r x10wlt62 x1n2onr6\"><span class=\"xt0psk2\"><span class=\"xjp7ctv\"><a class=\"x1i10hfl xjbqb8w x1ejq31n x18oe1m7 x1sy0etr xstzfhl x972fbf x10w94by x1qhh985 x14e42zd x9f619 x1ypdohk xt0psk2 x3ct3a4 xdj266r x14z9mp xat24cr x1lziwak xexx8yu xyri2b x18d9i69 x1c1uobl x16tdsg8 x1hl2dhg xggy1nq x1a2a7pz xkrqix3 x1sur9pj xzsf02u x1s688f\" role=\"link\" href=\"https:\/\/www.facebook.com\/elordenmundial?__cft__[0]=AZY_PP-HtcjSTpGKAXUL44CI4wSEfSlfp1o8uwj74KsQNkOcmQ5WIpSQ0WUAQTJGHQmekHw11HhGM-vWz3Ltf6oMz1TVC9-QzBhVMpiz6TVur9QZzrGMNHoZjC4jKA5PjGpUyBk_2As3H5DrhKHusKa92qsu2KJ191wqazaH_Os5K6G_zyDcesU0WXKAi_8zNkfDeuuv0MRGakqNYpVHc9SW&amp;__tn__=-UC%2CP-y-R\"><b class=\"html-b xdj266r x14z9mp xat24cr x1lziwak xexx8yu xyri2b x18d9i69 x1c1uobl x1hl2dhg x16tdsg8 x1vvkbs x1s688f\"><span class=\"html-span xdj266r x14z9mp xat24cr x1lziwak xexx8yu xyri2b x18d9i69 x1c1uobl x1hl2dhg x16tdsg8 x1vvkbs\">El Orden Mundial &#8211; EOM<\/span><\/b><\/a><\/span><\/span><\/span><span class=\"html-span xexx8yu xyri2b x18d9i69 x1c1uobl x1hl2dhg x16tdsg8 x1vvkbs x3nfvp2 x1j61x8r x1fcty0u xdj266r xat24cr xm2jcoa x1mpyi22 xxymvpz xlup9mm x1kky2od\"><img loading=\"lazy\" decoding=\"async\" class=\"xz74otr x15mokao x1ga7v0g x16uus16 xbiv7yw\" src=\"https:\/\/static.xx.fbcdn.net\/images\/emoji.php\/v9\/tdd\/1\/16\/1f1ea_1f1fa.png\" alt=\"\ud83c\uddea\ud83c\uddfa\" width=\"16\" height=\"16\" \/><\/span> La UE trepa con unu de los mayores desaf\u00edos lling\u00fc\u00edsticos del planeta. El franc\u00e9s, l&#8217;alem\u00e1n o&#8217;l griegu los m\u00e1s falaos.\u00a0El luxemburgu\u00e9s y el turcu son les \u00faniques lling\u00fces oficiales a nivel nacional que nun figuren nel abanicu d&#8217;idiomes comu\u00f1ales. <a href=\"https:\/\/elordenmundial.com\/wp-content\/webp-express\/webp-images\/doc-root\/wp-content\/uploads\/2023\/09\/mapa-idiomas-oficiales-ue.png.webp\">Un mapa d&#8217;\u00c1lvaro Merino<\/a> \/<\/p>\n<\/div>\n<\/div>\n<\/div>\n<\/div>\n<\/div>\n<div class=\"html-div xdj266r x14z9mp xat24cr x1lziwak xexx8yu xyri2b x18d9i69 x1c1uobl\" dir=\"auto\">\n<div class=\"html-div xdj266r x14z9mp xat24cr x1lziwak xexx8yu xyri2b x18d9i69 x1c1uobl\" dir=\"auto\">\n<div class=\"html-div xdj266r x14z9mp xat24cr x1lziwak xexx8yu xyri2b x18d9i69 x1c1uobl\" data-ad-rendering-role=\"story_message\">\n<div class=\"x1l90r2v x1iorvi4 x1g0dm76 xpdmqnj\" data-ad-comet-preview=\"message\" data-ad-preview=\"message\">\n<div class=\"x78zum5 xdt5ytf xz62fqu x16ldp7u\">\n<div class=\"xu06os2 x1ok221b\">\n<div class=\"html-div xdj266r x14z9mp xat24cr x1lziwak xexx8yu xyri2b x18d9i69 x1c1uobl\">\n<div class=\"x14z9mp xat24cr x1lziwak x1vvkbs xtlvy1s x126k92a\">\n<div dir=\"auto\"><span class=\"html-span xdj266r x14z9mp xat24cr x1lziwak xexx8yu xyri2b x18d9i69 x1c1uobl x1hl2dhg x16tdsg8 x1vvkbs\"><a class=\"x1i10hfl xjbqb8w x1ejq31n x18oe1m7 x1sy0etr xstzfhl x972fbf x10w94by x1qhh985 x14e42zd x9f619 x1ypdohk xt0psk2 x3ct3a4 xdj266r x14z9mp xat24cr x1lziwak xexx8yu xyri2b x18d9i69 x1c1uobl x16tdsg8 x1hl2dhg xggy1nq x1a2a7pz xkrqix3 x1sur9pj x1fey0fg x1s688f\" role=\"link\" href=\"https:\/\/elordenmundial.com\/mapas-y-graficos\/mapa-idiomas-oficiales-union-europea\/?fbclid=IwZXh0bgNhZW0CMTAAYnJpZBEwOTRXcnNzN3B6UmpFWXBWQXNydGMGYXBwX2lkEDIyMjAzOTE3ODgyMDA4OTIAAR4lCsX6HeIa37K-juy-Pm8jgA7CohdRTaY1f3HITunokO5oNFnEZ5uEJc941w_aem_U5yC4g64GVl3Pg4PsNErrg\" target=\"_blank\" rel=\"nofollow noopener noreferrer\">https:\/\/elordenmundial.com\/&#8230;\/mapa-idiomas-oficiales&#8230;\/<\/a><\/span><\/div>\n<\/div>\n<\/div>\n<\/div>\n<\/div>\n<\/div>\n<\/div>\n<\/div>\n<\/div>\n","protected":false},"excerpt":{"rendered":"<p>El Orden Mundial &#8211; EOM La UE trepa con unu de los mayores desaf\u00edos lling\u00fc\u00edsticos del planeta. El franc\u00e9s, l&#8217;alem\u00e1n o&#8217;l griegu los m\u00e1s falaos.\u00a0El luxemburgu\u00e9s y el turcu son les \u00faniques lling\u00fces oficiales a nivel nacional que nun figuren nel abanicu d&#8217;idiomes comu\u00f1ales. Un mapa d&#8217;\u00c1lvaro Merino \/ https:\/\/elordenmundial.com\/&#8230;\/mapa-idiomas-oficiales&#8230;\/<\/p>\n","protected":false},"author":117,"featured_media":0,"comment_status":"closed","ping_status":"closed","sticky":false,"template":"","format":"standard","meta":{"footnotes":""},"categories":[480,179],"tags":[],"class_list":["post-66613","post","type-post","status-publish","format-standard","hentry","category-europa","category-llingues"],"_links":{"self":[{"href":"https:\/\/edublog.educastur.es\/ixuxu\/wp-json\/wp\/v2\/posts\/66613","targetHints":{"allow":["GET"]}}],"collection":[{"href":"https:\/\/edublog.educastur.es\/ixuxu\/wp-json\/wp\/v2\/posts"}],"about":[{"href":"https:\/\/edublog.educastur.es\/ixuxu\/wp-json\/wp\/v2\/types\/post"}],"author":[{"embeddable":true,"href":"https:\/\/edublog.educastur.es\/ixuxu\/wp-json\/wp\/v2\/users\/117"}],"replies":[{"embeddable":true,"href":"https:\/\/edublog.educastur.es\/ixuxu\/wp-json\/wp\/v2\/comments?post=66613"}],"version-history":[{"count":2,"href":"https:\/\/edublog.educastur.es\/ixuxu\/wp-json\/wp\/v2\/posts\/66613\/revisions"}],"predecessor-version":[{"id":66615,"href":"https:\/\/edublog.educastur.es\/ixuxu\/wp-json\/wp\/v2\/posts\/66613\/revisions\/66615"}],"wp:attachment":[{"href":"https:\/\/edublog.educastur.es\/ixuxu\/wp-json\/wp\/v2\/media?parent=66613"}],"wp:term":[{"taxonomy":"category","embeddable":true,"href":"https:\/\/edublog.educastur.es\/ixuxu\/wp-json\/wp\/v2\/categories?post=66613"},{"taxonomy":"post_tag","embeddable":true,"href":"https:\/\/edublog.educastur.es\/ixuxu\/wp-json\/wp\/v2\/tags?post=66613"}],"curies":[{"name":"wp","href":"https:\/\/api.w.org\/{rel}","templated":true}]}}