{"id":66616,"date":"2026-01-24T17:16:34","date_gmt":"2026-01-24T15:16:34","guid":{"rendered":"https:\/\/edublog.educastur.es\/ixuxu\/?p=66616"},"modified":"2026-01-24T17:18:26","modified_gmt":"2026-01-24T15:18:26","slug":"entorno-crucial-na-salvacion-del-urogallo-pirenaicu","status":"publish","type":"post","link":"https:\/\/edublog.educastur.es\/ixuxu\/2026\/01\/entorno-crucial-na-salvacion-del-urogallo-pirenaicu\/","title":{"rendered":"Entorno crucial na salvaci\u00f3n del urogallo pirenaicu"},"content":{"rendered":"<p>Entorno crucial na salvaci\u00f3n del urogallo pirenaicu: la clave ye controlar a los sos depredadores, seg\u00fan la ciencia. <a href=\"https:\/\/okdiario.com\/naturaleza\/vuelco-crucial-salvacion-del-urogallo-pirenaico-clave-controlar-sus-depredadores-segun-ciencia-16111920\">Ok Diario<\/a><\/p>\n<p style=\"text-align: center\"><a href=\"https:\/\/okdiario.com\/img\/2026\/01\/21\/urogallo-pirenaico-en-la-nieve-635x358.jpg\"><img loading=\"lazy\" decoding=\"async\" class=\"aligncenter size-large\" src=\"https:\/\/okdiario.com\/img\/2026\/01\/21\/urogallo-pirenaico-en-la-nieve-635x358.jpg\" width=\"635\" height=\"358\" \/><\/a><\/p>\n<p>L&#8217;urogallo pirenaicu convirti\u00f3se nun indicador del equilibriu ecol\u00f3xicu de los montes pirenaicos, onde confl\u00fain actividaes humanes, cambeos nel usu del suelu y din\u00e1miques naturales complexes. Nes \u00faltimes d\u00e9cades, <strong>los esfuerzos de caltenimientu centr\u00e1ronse en recuperar espacios fayadizos para esta ave, considerada en peligru d&#8217;estinci\u00f3n.<\/strong><\/p>\n<p><!--more--><\/p>\n<p>Sicas\u00ed, el futuru del urogallo pirenaicu depende de m\u00faltiples variables qu&#8217;interact\u00faen ente s\u00ed. La presencia d&#8217;otres especies, tanto depredadores como competidores, y la so capacid\u00e1 d&#8217;adaptaci\u00f3n a distintos escenarios ecol\u00f3xicos plantegen nueves entrugues sobro les estratexes m\u00e1s eficaces pa frenar el cayente de les sos poblaciones.<\/p>\n<p>\u00bfCu\u00e1l ye la clave de la salvaci\u00f3n del urogallo pirenaicu pa la ciencia? Un art\u00edculu cient\u00edficu public\u00e1u na revista \u00abEcologies\u00bb plantega un xiru relevante na forma d&#8217;encetar la protecci\u00f3n del urogallo pirenaicu.<\/p>\n<p>El trabayu, lider\u00e1u por Fundaci\u00f3n Artemisan, concl\u00fai que<strong> la meyora del h\u00e1bitat, por sigo sola, non siempres resulta suficiente pa garantizar la supervivencia de la especie si nun va acompa\u00f1ada d&#8217;un manexu fayadizu de depredadores y competidores.<\/strong><\/p>\n<p>L&#8217;estudiu se\u00f1ala que l&#8217;urogallo pirenaicu coesiste con una amplia varied\u00e1 d&#8217;especies capaces d&#8217;afaese a contestos ecol\u00f3xicos bien distintos. Inclusive en zones catalogaes como \u00f3ptimes pa l&#8217;ave, estos animales caltienen la so presencia, lo que llinda l&#8217;impactu positivu de la xesti\u00f3n forestal cuando s&#8217;aplica de forma aisllada.<\/p>\n<p>La investigaci\u00f3n b\u00e1sase nun ampliu muestreo por aciu c\u00e1mares de fototrampeo instalaes n&#8217;\u00e1rees cr\u00edtiques pal caltenimientu del urogallo pirenaicu na provincia d&#8217;Huesca. Los investigadores analizaron tr\u00e9s tipos de zones, clasificaes como h\u00e1bitat \u00f3ptimo, favorable y desfavorable seg\u00fan el so idoneid\u00e1 pa la especie.<\/p>\n<p>Mientres 3.417 d\u00edes de siguimientu llogr\u00e1ronse 8.757 fotograf\u00edes v\u00e1lides nun total de 130 allugamientos.<\/p>\n<p>Nestes imaxes identific\u00e1ronse 36 especies distintes<strong>. Ente les m\u00e1s frecuentes destacaron el robecu pirenaicu o sarrio (32,6%), el corzu (18%), el xabal\u00edn (9,6%), l&#8217;esguil color\u00e1u (6,1%), los must\u00e9lidos (5,6%) y el fo\u00edn (4,8%)<\/strong>. Los exemplares d&#8217;urogallo pirenaicu solo fueron fotografiaos n&#8217;\u00e1rees d&#8217;h\u00e1bitat \u00f3ptimo y favorable.<\/p>\n<p>La depredaci\u00f3n de niales y los momentos cr\u00edticos pal urogallo pirenaicu. Unu de los aspeutos m\u00e1s relevantes del estudiu ye la detecci\u00f3n de patrones temporales na presencia de depredadores de niales. Los must\u00e9lidos y el fo\u00edn apaecieron con mayor frecuencia na \u00e1rea favorable mientres seronda ya iviernu, ente que na \u00e1rea \u00f3ptima la so presencia aument\u00f3 en primavera y branu, coincidiendo col periodu de cr\u00eda del urogallo pirenaicu.<\/p>\n<p>Esti comportamientu suxure que les actuaciones de control empobinaes a amenorgar la depredaci\u00f3n de niales tendr\u00eden d&#8217;aplicase antes del entamu de la d\u00f3mina reproductora.<\/p>\n<p>Seg\u00fan l&#8217;anal\u00eds, esti enfoque y\u00e1 se punxo en pr\u00e1ctica n&#8217;otres zones de los Pirineos y <strong>nel Cordal Cant\u00e1bricu<\/strong>, coles mires d&#8217;embrivir les perdes mientres les fases m\u00e1s sensibles del ciclu vital de l&#8217;ave.<\/p>\n<p>Otros datos claves de la investigaci\u00f3n d&#8217;esta ave n&#8217;Huesca. El trabayu tami\u00e9n amuesa diferencies significatives ente otros grupos de fauna. Los c\u00f3rvidos fueron m\u00e1s frecuentes nes zones d&#8217;h\u00e1bitat desfavorable en dambos periodos analizaos, ente que nun se detect\u00f3 un patr\u00f3n claru nel casu del xabal\u00edn, consider\u00e1u tanto depredador de niales como competidor, nin nos c\u00e9rvidos, que compiten pol usu del h\u00e1bitat.<\/p>\n<p>Estes resultancies indiquen que la xesti\u00f3n del urogallo pirenaicu tien de sofitase nun anal\u00eds m\u00e1s ampliu que tenga en cuenta non solo la estructura forestal, sin\u00f3n tami\u00e9n factores como la disponibilidad d&#8217;alimentu y otros condicionantes ecol\u00f3xicos.<\/p>\n<p>Adri\u00e1n Moreno, investigador de Fundaci\u00f3n Artemisan y responsable del proyectu de recuperaci\u00f3n del urogallo pirenaicu nel Valle de Bielsa,<strong> se\u00f1al\u00f3 qu&#8217;esti estudiu confirma que la supervivencia de la especie \u00abnon solo pasa pol manexu del h\u00e1bitat, sin\u00f3n tami\u00e9n pol de depredadores y competidores\u00bb.<\/strong><\/p>\n<p>El trabayu cunt\u00f3 cola collaboraci\u00f3n del Gobiernu d&#8217;Arag\u00f3n, la Federaci\u00f3n de Caza d&#8217;Arag\u00f3n, l&#8217;Asociaci\u00f3n de Cazadores Valle de Bielsa y el Conceyu de Bielsa, am\u00e1s del financiamientu parcial de la Fondazione La Lomellina. Un esfuerzu conxuntu qu&#8217;apurre claves pa redefinir les estratexes de caltenimientu del urogallo pirenaicu nos Pirineos.<\/p>\n","protected":false},"excerpt":{"rendered":"<p>Entorno crucial na salvaci\u00f3n del urogallo pirenaicu: la clave ye controlar a los sos depredadores, seg\u00fan la ciencia. Ok Diario L&#8217;urogallo pirenaicu convirti\u00f3se nun indicador del equilibriu ecol\u00f3xicu de los montes pirenaicos, onde confl\u00fain actividaes humanes, cambeos nel usu del suelu y din\u00e1miques naturales complexes. Nes \u00faltimes d\u00e9cades, los esfuerzos de caltenimientu centr\u00e1ronse en recuperar [&hellip;]<\/p>\n","protected":false},"author":117,"featured_media":0,"comment_status":"closed","ping_status":"closed","sticky":false,"template":"","format":"standard","meta":{"footnotes":""},"categories":[1],"tags":[],"class_list":["post-66616","post","type-post","status-publish","format-standard","hentry","category-sin-categoria"],"_links":{"self":[{"href":"https:\/\/edublog.educastur.es\/ixuxu\/wp-json\/wp\/v2\/posts\/66616","targetHints":{"allow":["GET"]}}],"collection":[{"href":"https:\/\/edublog.educastur.es\/ixuxu\/wp-json\/wp\/v2\/posts"}],"about":[{"href":"https:\/\/edublog.educastur.es\/ixuxu\/wp-json\/wp\/v2\/types\/post"}],"author":[{"embeddable":true,"href":"https:\/\/edublog.educastur.es\/ixuxu\/wp-json\/wp\/v2\/users\/117"}],"replies":[{"embeddable":true,"href":"https:\/\/edublog.educastur.es\/ixuxu\/wp-json\/wp\/v2\/comments?post=66616"}],"version-history":[{"count":1,"href":"https:\/\/edublog.educastur.es\/ixuxu\/wp-json\/wp\/v2\/posts\/66616\/revisions"}],"predecessor-version":[{"id":66617,"href":"https:\/\/edublog.educastur.es\/ixuxu\/wp-json\/wp\/v2\/posts\/66616\/revisions\/66617"}],"wp:attachment":[{"href":"https:\/\/edublog.educastur.es\/ixuxu\/wp-json\/wp\/v2\/media?parent=66616"}],"wp:term":[{"taxonomy":"category","embeddable":true,"href":"https:\/\/edublog.educastur.es\/ixuxu\/wp-json\/wp\/v2\/categories?post=66616"},{"taxonomy":"post_tag","embeddable":true,"href":"https:\/\/edublog.educastur.es\/ixuxu\/wp-json\/wp\/v2\/tags?post=66616"}],"curies":[{"name":"wp","href":"https:\/\/api.w.org\/{rel}","templated":true}]}}