{"id":66630,"date":"2026-01-24T17:00:00","date_gmt":"2026-01-24T15:00:00","guid":{"rendered":"https:\/\/edublog.educastur.es\/ixuxu\/?p=66630"},"modified":"2026-01-24T17:42:59","modified_gmt":"2026-01-24T15:42:59","slug":"66630","status":"publish","type":"post","link":"https:\/\/edublog.educastur.es\/ixuxu\/2026\/01\/66630\/","title":{"rendered":"Asturies vuelve tar nomada nos IV Premios de Llectores de Viaxes"},"content":{"rendered":"<div class=\"html-div xdj266r x14z9mp xat24cr x1lziwak xexx8yu x1a8lsjc xf7dkkf xv54qhq\">\n<div class=\"html-div xdj266r x14z9mp xat24cr x1lziwak xexx8yu xyri2b x18d9i69 x1c1uobl x1jx94hy x78zum5 x1q0g3np\">\n<div class=\"x78zum5 xdt5ytf xz62fqu x16ldp7u\">\n<div class=\"xu06os2 x1ok221b\">\n<div class=\"html-div xdj266r x14z9mp xat24cr x1lziwak xexx8yu xyri2b x18d9i69 x1c1uobl\" data-ad-rendering-role=\"profile_name\">\n<p class=\"html-h3 x14z9mp xat24cr x1lziwak xexx8yu xyri2b x18d9i69 x1c1uobl x1vvkbs x1heor9g x1qlqyl8 x1pd3egz x1a2a7pz x1gslohp x1yc453h\"><span class=\"x1lliihq x6ikm8r x10wlt62 x1n2onr6\"><span class=\"xt0psk2\"><span class=\"xjp7ctv\"><a class=\"x1i10hfl xjbqb8w x1ejq31n x18oe1m7 x1sy0etr xstzfhl x972fbf x10w94by x1qhh985 x14e42zd x9f619 x1ypdohk xt0psk2 x3ct3a4 xdj266r x14z9mp xat24cr x1lziwak xexx8yu xyri2b x18d9i69 x1c1uobl x16tdsg8 x1hl2dhg xggy1nq x1a2a7pz xkrqix3 x1sur9pj xzsf02u x1s688f\" role=\"link\" href=\"https:\/\/www.facebook.com\/TurismoAsturias?__cft__[0]=AZaj2wuR5_4-pbR38yIupiZDV_0ULnuJyKTeKiHQRYuv2tgl9IhZpwirDiJRbob0E7DjHlp1vau3W36-P8tIcQJyU8dqYHFfYfjANFR7iyPjoudrrJD_r6CFMYCTX2oc0888qRlkIytSE0Ta0pvc4KmSoD2Y8spWe8ajvTUe5XD6yvJpGeCh-hB-7ZoIVOZvB4Z0n4cc3hKrK1tjH3QSsTlU&amp;__tn__=-UC%2CP-y-R\"><b class=\"html-b xdj266r x14z9mp xat24cr x1lziwak xexx8yu xyri2b x18d9i69 x1c1uobl x1hl2dhg x16tdsg8 x1vvkbs x1s688f\"><span class=\"html-span xdj266r x14z9mp xat24cr x1lziwak xexx8yu xyri2b x18d9i69 x1c1uobl x1hl2dhg x16tdsg8 x1vvkbs\">Turismo Asturias<\/span><\/b><\/a><\/span><\/span> <\/span><span class=\"html-span xexx8yu xyri2b x18d9i69 x1c1uobl x1hl2dhg x16tdsg8 x1vvkbs x3nfvp2 x1j61x8r x1fcty0u xdj266r xat24cr xm2jcoa x1mpyi22 xxymvpz xlup9mm x1kky2od\"><img loading=\"lazy\" decoding=\"async\" class=\"xz74otr x15mokao x1ga7v0g x16uus16 xbiv7yw\" src=\"https:\/\/static.xx.fbcdn.net\/images\/emoji.php\/v9\/tba\/1\/16\/1f4e3.png\" alt=\"\ud83d\udce3\" width=\"16\" height=\"16\" \/><\/span> \u00a1Asturies vuelve tar nomada na IV Edici\u00f3n de los Premios de Llectores de Viaxes Nationa \ud835\udc0d\ud835\udc1a\ud835\udc2d\ud835\udc22\ud835\udc28\ud835\udc27\ud835\udc1a\ud835\udc25 \ud835\udc06\ud835\udc1e\ud835\udc28\ud835\udc20\ud835\udc2b\ud835\udc1a\ud835\udc29\ud835\udc21\ud835\udc22\ud835\udc1c con dos candidatures! \ud835\udde2\ud835\ude00\ud835\uddf0\ud835\uddfc\ud835\ude00-\ud835\uddd8\ud835\uddfc, Meyor Dest\u00edn Sostenible \ud835\udddf\ud835\uddf9\ud835\uddee\ud835\uddfb\ud835\uddf2\ud835\ude00, Meyor Dest\u00edn de Sablera. \u00a1Vota equ\u00ed! <a href=\"https:\/\/viajes.nationalgeographic.com.es\/promociones\/premios-lectores-viajes-national-geographic-2026_24140\" target=\"_blank\" rel=\"nofollow noopener\" data-mrf-link=\"https:\/\/viajes.nationalgeographic.com.es\/promociones\/premios-lectores-viajes-national-geographic-2026_24140\">Premios de los Lectores de Viajes National Geographic 2026<\/a>, \u00a098 finalistes de les 14 categor\u00edes d&#8217;angua\u00f1o, que podr\u00e1n votase ente&#8217;l xueves 22 de xineru y el domingu 22 de febreru les 23:59.<\/p>\n<\/div>\n<\/div>\n<\/div>\n<\/div>\n<\/div>\n<div class=\"html-div xdj266r x14z9mp xat24cr x1lziwak xexx8yu xyri2b x18d9i69 x1c1uobl\" dir=\"auto\">\n<div class=\"html-div xdj266r x14z9mp xat24cr x1lziwak xexx8yu xyri2b x18d9i69 x1c1uobl\" dir=\"auto\">\n<div class=\"html-div xdj266r x14z9mp xat24cr x1lziwak xexx8yu xyri2b x18d9i69 x1c1uobl\" data-ad-rendering-role=\"story_message\">\n<div class=\"x1l90r2v x1iorvi4 x1g0dm76 xpdmqnj\" data-ad-comet-preview=\"message\" data-ad-preview=\"message\">\n<div class=\"x78zum5 xdt5ytf xz62fqu x16ldp7u\">\n<div class=\"xu06os2 x1ok221b\">\n<div class=\"html-div xdj266r x14z9mp xat24cr x1lziwak xexx8yu xyri2b x18d9i69 x1c1uobl\">\n<div class=\"xdj266r x14z9mp xat24cr x1lziwak x1vvkbs x126k92a\">\n<div dir=\"auto\" style=\"text-align: center\"><a href=\"https:\/\/content-viajes.nationalgeographic.com.es\/medio\/2026\/01\/21\/premios-lectores_4c15f829_260121110356_1280x672.webp\"><img loading=\"lazy\" decoding=\"async\" class=\"aligncenter \" src=\"https:\/\/content-viajes.nationalgeographic.com.es\/medio\/2026\/01\/21\/premios-lectores_4c15f829_260121110356_1280x672.webp\" width=\"818\" height=\"429\" \/><\/a><\/div>\n<div dir=\"auto\"><!--more--><\/div>\n<ul>\n<li dir=\"auto\"><span style=\"color: #008080\"><strong>6 Llanes<\/strong><\/span>: Capital d&#8217;esti conceyu asturianu, el pueblu de Llanes y les sos sableres son la mari\u00f1a de los Picos d&#8217;Europa.<\/li>\n<\/ul>\n<div dir=\"auto\"><\/div>\n<div dir=\"auto\" style=\"text-align: center\"><a href=\"https:\/\/content-viajes.nationalgeographic.com.es\/medio\/2026\/01\/15\/finalistas_6d6f448a_260115161512_1200x1200.webp\"><img loading=\"lazy\" decoding=\"async\" class=\"aligncenter \" src=\"https:\/\/content-viajes.nationalgeographic.com.es\/medio\/2026\/01\/15\/finalistas_6d6f448a_260115161512_1200x1200.webp\" width=\"554\" height=\"554\" \/><\/a><\/div>\n<\/div>\n<\/div>\n<\/div>\n<\/div>\n<\/div>\n<\/div>\n<\/div>\n<\/div>\n<ul>\n<li><strong><span style=\"color: #008080\">6<\/span> Los Oscos-Eo<\/strong>: El patrimoniu etnol\u00f3xicu y el turismu rural son los emblemes d&#8217;esta Reserva de la Biosfera asturiana, que toma mari\u00f1a y monte.<\/li>\n<\/ul>\n<p>&nbsp;<\/p>\n<p style=\"text-align: center\"><a href=\"https:\/\/content-viajes.nationalgeographic.com.es\/medio\/2026\/01\/15\/mejor-destino-sostenible_9a150e81_260115132802_1200x1200.webp\"><img loading=\"lazy\" decoding=\"async\" class=\"aligncenter \" src=\"https:\/\/content-viajes.nationalgeographic.com.es\/medio\/2026\/01\/15\/mejor-destino-sostenible_9a150e81_260115132802_1200x1200.webp\" width=\"704\" height=\"704\" \/><\/a><\/p>\n<p style=\"text-align: center\">\n<!-- iframe plugin v.6.0 wordpress.org\/plugins\/iframe\/ -->\n<iframe loading=\"lazy\" src=\"https:\/\/www.facebook.com\/plugins\/post.php?href=https%3A%2F%2Fwww.facebook.com%2Fphoto.php%3Ffbid%3D1347175164118466%26set%3Da.669565621879427%26type%3D3&#038;show_text=false&#038;width=500\" width=\"500\" height=\"708\" style=\"border:none;overflow:hidden\" scrolling=\"no\" frameborder=\"0\" allowfullscreen=\"true\" allow=\"autoplay; clipboard-write; encrypted-media; picture-in-picture; web-share\" 0=\"\/iframe\" class=\"iframe-class\"><\/iframe>\n<\/p>\n","protected":false},"excerpt":{"rendered":"<p>Turismo Asturias \u00a1Asturies vuelve tar nomada na IV Edici\u00f3n de los Premios de Llectores de Viaxes Nationa \ud835\udc0d\ud835\udc1a\ud835\udc2d\ud835\udc22\ud835\udc28\ud835\udc27\ud835\udc1a\ud835\udc25 \ud835\udc06\ud835\udc1e\ud835\udc28\ud835\udc20\ud835\udc2b\ud835\udc1a\ud835\udc29\ud835\udc21\ud835\udc22\ud835\udc1c con dos candidatures! \ud835\udde2\ud835\ude00\ud835\uddf0\ud835\uddfc\ud835\ude00-\ud835\uddd8\ud835\uddfc, Meyor Dest\u00edn Sostenible \ud835\udddf\ud835\uddf9\ud835\uddee\ud835\uddfb\ud835\uddf2\ud835\ude00, Meyor Dest\u00edn de Sablera. \u00a1Vota equ\u00ed! Premios de los Lectores de Viajes National Geographic 2026, \u00a098 finalistes de les 14 categor\u00edes d&#8217;angua\u00f1o, que podr\u00e1n votase ente&#8217;l xueves 22 [&hellip;]<\/p>\n","protected":false},"author":117,"featured_media":0,"comment_status":"closed","ping_status":"closed","sticky":false,"template":"","format":"standard","meta":{"footnotes":""},"categories":[58,18],"tags":[],"class_list":["post-66630","post","type-post","status-publish","format-standard","hentry","category-premios","category-turismu"],"_links":{"self":[{"href":"https:\/\/edublog.educastur.es\/ixuxu\/wp-json\/wp\/v2\/posts\/66630","targetHints":{"allow":["GET"]}}],"collection":[{"href":"https:\/\/edublog.educastur.es\/ixuxu\/wp-json\/wp\/v2\/posts"}],"about":[{"href":"https:\/\/edublog.educastur.es\/ixuxu\/wp-json\/wp\/v2\/types\/post"}],"author":[{"embeddable":true,"href":"https:\/\/edublog.educastur.es\/ixuxu\/wp-json\/wp\/v2\/users\/117"}],"replies":[{"embeddable":true,"href":"https:\/\/edublog.educastur.es\/ixuxu\/wp-json\/wp\/v2\/comments?post=66630"}],"version-history":[{"count":8,"href":"https:\/\/edublog.educastur.es\/ixuxu\/wp-json\/wp\/v2\/posts\/66630\/revisions"}],"predecessor-version":[{"id":66638,"href":"https:\/\/edublog.educastur.es\/ixuxu\/wp-json\/wp\/v2\/posts\/66630\/revisions\/66638"}],"wp:attachment":[{"href":"https:\/\/edublog.educastur.es\/ixuxu\/wp-json\/wp\/v2\/media?parent=66630"}],"wp:term":[{"taxonomy":"category","embeddable":true,"href":"https:\/\/edublog.educastur.es\/ixuxu\/wp-json\/wp\/v2\/categories?post=66630"},{"taxonomy":"post_tag","embeddable":true,"href":"https:\/\/edublog.educastur.es\/ixuxu\/wp-json\/wp\/v2\/tags?post=66630"}],"curies":[{"name":"wp","href":"https:\/\/api.w.org\/{rel}","templated":true}]}}