{"id":66646,"date":"2026-01-24T17:52:54","date_gmt":"2026-01-24T15:52:54","guid":{"rendered":"https:\/\/edublog.educastur.es\/ixuxu\/?p=66646"},"modified":"2026-01-24T18:26:17","modified_gmt":"2026-01-24T16:26:17","slug":"66646","status":"publish","type":"post","link":"https:\/\/edublog.educastur.es\/ixuxu\/2026\/01\/66646\/","title":{"rendered":"La OSPA presenta\u2019l so sestu conciertu: \u00abEl resplandor de Dvorak\u00bb"},"content":{"rendered":"<div class=\"html-div xdj266r x14z9mp xat24cr x1lziwak xexx8yu x1a8lsjc xf7dkkf xv54qhq\">\n<div class=\"html-div xdj266r x14z9mp xat24cr x1lziwak xexx8yu xyri2b x18d9i69 x1c1uobl x1jx94hy x78zum5 x1q0g3np\">\n<div class=\"x78zum5 xdt5ytf xz62fqu x16ldp7u\">\n<div class=\"xu06os2 x1ok221b\">\n<div class=\"html-div xdj266r x14z9mp xat24cr x1lziwak xexx8yu xyri2b x18d9i69 x1c1uobl\" data-ad-rendering-role=\"profile_name\">\n<p style=\"text-align: center\"><a href=\"https:\/\/actualidad.asturias.es\/documents\/537115\/3034368\/2026_01_20+OSPA+Dvorak.PNG\/c201fde7-583b-88ba-1c0b-fdf211085157?t=1768922137536\"><img loading=\"lazy\" decoding=\"async\" class=\"aligncenter \" src=\"https:\/\/actualidad.asturias.es\/documents\/537115\/3034368\/2026_01_20+OSPA+Dvorak.PNG\/c201fde7-583b-88ba-1c0b-fdf211085157?t=1768922137536\" width=\"382\" height=\"678\" \/><\/a><\/p>\n<p class=\"html-h3 x14z9mp xat24cr x1lziwak xexx8yu xyri2b x18d9i69 x1c1uobl x1vvkbs x1heor9g x1qlqyl8 x1pd3egz x1a2a7pz x1gslohp x1yc453h\"><span class=\"x1lliihq x6ikm8r x10wlt62 x1n2onr6\"><span class=\"xt0psk2\"><span class=\"xjp7ctv\"><a class=\"x1i10hfl xjbqb8w x1ejq31n x18oe1m7 x1sy0etr xstzfhl x972fbf x10w94by x1qhh985 x14e42zd x9f619 x1ypdohk xt0psk2 x3ct3a4 xdj266r x14z9mp xat24cr x1lziwak xexx8yu xyri2b x18d9i69 x1c1uobl x16tdsg8 x1hl2dhg xggy1nq x1a2a7pz xkrqix3 x1sur9pj xzsf02u x1s688f\" role=\"link\" href=\"https:\/\/www.facebook.com\/culturaAST?__cft__[0]=AZZJyUCOKji0YPo5Frce8syLHfsL4jpIFlVuFZCKYjTOStXQA-uOQQkkNHbgDK_w8eFao7YuQ6xVFYTgcGOLW17kqH06znadwO6y0qmnRb6s0VXJP7ffXRwTfxekESFelCi91bLIvkXLHQDAMIURsWU2B1KgGpZkXLlkEk_MyLTWYzC9S0IbB3gQZh32THKk7cAIlnwiSxBsc0R-3GW_f4JiIh9_S79sfbkQ3BrG18Vutg&amp;__tn__=-UC%2CP-y-R\"><b class=\"html-b xdj266r x14z9mp xat24cr x1lziwak xexx8yu xyri2b x18d9i69 x1c1uobl x1hl2dhg x16tdsg8 x1vvkbs x1s688f\"><span class=\"html-span xdj266r x14z9mp xat24cr x1lziwak xexx8yu xyri2b x18d9i69 x1c1uobl x1hl2dhg x16tdsg8 x1vvkbs\">Conseyer\u00eda de Cultura, Pol\u00edtica Lling\u00fc\u00edstica y Deporte<\/span><\/b><\/a><\/span><\/span><\/span><span class=\"html-span xexx8yu xyri2b x18d9i69 x1c1uobl x1hl2dhg x16tdsg8 x1vvkbs x3nfvp2 x1j61x8r x1fcty0u xdj266r xat24cr xm2jcoa x1mpyi22 xxymvpz xlup9mm x1kky2od\"><img loading=\"lazy\" decoding=\"async\" class=\"xz74otr x15mokao x1ga7v0g x16uus16 xbiv7yw\" src=\"https:\/\/static.xx.fbcdn.net\/images\/emoji.php\/v9\/tcc\/1\/16\/1f3bc.png\" alt=\"\ud83c\udfbc\" width=\"16\" height=\"16\" \/> La Orquesta Sinf\u00f3nica del Principado de Asturias (OSPA) ofrez el sestu conciertu d\u2019abonu los d\u00edes 22 y 23 de xineru en Xix\u00f3n y Uvi\u00e9u, <strong>baxo la direcci\u00f3n de Ram\u00f3n Tebar<\/strong> y cola tuba solista de David Moen. <\/span><span class=\"html-span xexx8yu xyri2b x18d9i69 x1c1uobl x1hl2dhg x16tdsg8 x1vvkbs x3nfvp2 x1j61x8r x1fcty0u xdj266r xat24cr xm2jcoa x1mpyi22 xxymvpz xlup9mm x1kky2od\"><img loading=\"lazy\" decoding=\"async\" class=\"xz74otr x15mokao x1ga7v0g x16uus16 xbiv7yw\" src=\"https:\/\/static.xx.fbcdn.net\/images\/emoji.php\/v9\/t6d\/1\/16\/1f4ef.png\" alt=\"\ud83d\udcef\" width=\"16\" height=\"16\" \/> Obres de Brahms, Birtwistle y la emblem\u00e1tica Sinfon\u00eda del Nuevu Mundu de Dvorak. <\/span><span class=\"html-span xexx8yu xyri2b x18d9i69 x1c1uobl x1hl2dhg x16tdsg8 x1vvkbs x3nfvp2 x1j61x8r x1fcty0u xdj266r xat24cr xm2jcoa x1mpyi22 xxymvpz xlup9mm x1kky2od\"><img loading=\"lazy\" decoding=\"async\" class=\"xz74otr x15mokao x1ga7v0g x16uus16 xbiv7yw\" src=\"https:\/\/static.xx.fbcdn.net\/images\/emoji.php\/v9\/t9e\/1\/16\/1f3b5.png\" alt=\"\ud83c\udfb5\" width=\"16\" height=\"16\" \/> Primero del conciertu d\u2019Uvi\u00e9u, Tebar va tener un alcuentru col p\u00fablicu pa compartir les claves art\u00edstiques del programa. <\/span><span class=\"html-span xexx8yu xyri2b x18d9i69 x1c1uobl x1hl2dhg x16tdsg8 x1vvkbs x3nfvp2 x1j61x8r x1fcty0u xdj266r xat24cr xm2jcoa x1mpyi22 xxymvpz xlup9mm x1kky2od\"><img loading=\"lazy\" decoding=\"async\" class=\"xz74otr x15mokao x1ga7v0g x16uus16 xbiv7yw\" src=\"https:\/\/static.xx.fbcdn.net\/images\/emoji.php\/v9\/t2f\/1\/16\/1f557.png\" alt=\"\ud83d\udd57\" width=\"16\" height=\"16\" \/> Conciertos a les 20:00 h<\/span><\/p>\n<\/div>\n<\/div>\n<\/div>\n<\/div>\n<\/div>\n<p><!--more--><\/p>\n<div class=\"html-div xdj266r x14z9mp xat24cr x1lziwak xexx8yu xyri2b x18d9i69 x1c1uobl\" dir=\"auto\">\n<div class=\"html-div xdj266r x14z9mp xat24cr x1lziwak xexx8yu xyri2b x18d9i69 x1c1uobl\" dir=\"auto\">\n<div class=\"html-div xdj266r x14z9mp xat24cr x1lziwak xexx8yu xyri2b x18d9i69 x1c1uobl\" data-ad-rendering-role=\"story_message\">\n<div class=\"x1l90r2v x1iorvi4 x1g0dm76 xpdmqnj\" data-ad-comet-preview=\"message\" data-ad-preview=\"message\">\n<div class=\"x78zum5 xdt5ytf xz62fqu x16ldp7u\">\n<div class=\"xu06os2 x1ok221b\">\n<div class=\"html-div xdj266r x14z9mp xat24cr x1lziwak xexx8yu xyri2b x18d9i69 x1c1uobl\">\n<div class=\"x14z9mp xat24cr x1lziwak x1vvkbs xtlvy1s x126k92a\">\n<div dir=\"auto\"><span class=\"html-span xexx8yu xyri2b x18d9i69 x1c1uobl x1hl2dhg x16tdsg8 x1vvkbs x3nfvp2 x1j61x8r x1fcty0u xdj266r xat24cr xm2jcoa x1mpyi22 xxymvpz xlup9mm x1kky2od\"><img loading=\"lazy\" decoding=\"async\" class=\"xz74otr x15mokao x1ga7v0g x16uus16 xbiv7yw\" src=\"https:\/\/static.xx.fbcdn.net\/images\/emoji.php\/v9\/td8\/1\/16\/1f39f.png\" alt=\"\ud83c\udf9f\ufe0f\" width=\"16\" height=\"16\" \/><\/span> Entraes en taquilla y na web oficial: <span class=\"html-span xdj266r x14z9mp xat24cr x1lziwak xexx8yu xyri2b x18d9i69 x1c1uobl x1hl2dhg x16tdsg8 x1vvkbs\"><a class=\"x1i10hfl xjbqb8w x1ejq31n x18oe1m7 x1sy0etr xstzfhl x972fbf x10w94by x1qhh985 x14e42zd x9f619 x1ypdohk xt0psk2 x3ct3a4 xdj266r x14z9mp xat24cr x1lziwak xexx8yu xyri2b x18d9i69 x1c1uobl x16tdsg8 x1hl2dhg xggy1nq x1a2a7pz xkrqix3 x1sur9pj x1fey0fg x1s688f\" role=\"link\" href=\"http:\/\/ospa.es\/?fbclid=IwZXh0bgNhZW0CMTAAYnJpZBEwOTRXcnNzN3B6UmpFWXBWQXNydGMGYXBwX2lkEDIyMjAzOTE3ODgyMDA4OTIAAR4XBQPLvChqJFyKxXPzh__PLfN_wq4ANsiOEK6HsSvec-p-wj6G9y0-6aqVEA_aem_dWHifC51Ki5urDvltqfU0g\" target=\"_blank\" rel=\"nofollow noopener noreferrer\">ospa.es<\/a><\/span>M\u00e1s informaci\u00f3n:\u00a0<span class=\"html-span xdj266r x14z9mp xat24cr x1lziwak xexx8yu xyri2b x18d9i69 x1c1uobl x1hl2dhg x16tdsg8 x1vvkbs\"><a class=\"x1i10hfl xjbqb8w x1ejq31n x18oe1m7 x1sy0etr xstzfhl x972fbf x10w94by x1qhh985 x14e42zd x9f619 x1ypdohk xt0psk2 x3ct3a4 xdj266r x14z9mp xat24cr x1lziwak xexx8yu xyri2b x18d9i69 x1c1uobl x16tdsg8 x1hl2dhg xggy1nq x1a2a7pz xkrqix3 x1sur9pj x1fey0fg x1s688f\" role=\"link\" href=\"https:\/\/actualidad.asturias.es\/-\/2001abonoospa?fbclid=IwZXh0bgNhZW0CMTAAYnJpZBEwOTRXcnNzN3B6UmpFWXBWQXNydGMGYXBwX2lkEDIyMjAzOTE3ODgyMDA4OTIAAR4XBQPLvChqJFyKxXPzh__PLfN_wq4ANsiOEK6HsSvec-p-wj6G9y0-6aqVEA_aem_dWHifC51Ki5urDvltqfU0g\" target=\"_blank\" rel=\"nofollow noopener noreferrer\">https:\/\/actualidad.asturias.es\/-\/2001abonoospa<\/a><\/span><\/div>\n<div dir=\"auto\">\n<p><strong>&#8211; Les funciones van ser los d\u00edes 22 y 23 de xineru en Xix\u00f3n y Uvi\u00e9u, respectivamente.<\/strong><\/p>\n<p><strong>&#8211; El director va tener un alcuentru col p\u00fablicu primero del conciertu nel Auditoriu Pr\u00edncipe Felipe<\/strong><\/p>\n<p>La Orquesta Sinf\u00f3nica del Princip\u00e1u d\u2019Asturies (OSPA) va ufiertar los d\u00edes 22 y 23 de xineru\u2019l so sestu conciertu d\u2019abonu de la temporada 2025-2026, col t\u00edtulu El resplandor de Dvorak. El programa va tar dirix\u00edu pol maestru Ram\u00f3n Tebar y va cuntar cola participaci\u00f3n como solista del tubista David Moen, tuba principal de la formaci\u00f3n asturiana.<\/p>\n<p>El primeru de los conciertos va facese\u2019l xueves 22 de xineru, a les 20 hores, nel Teatru Xovellanos de Xix\u00f3n. El segundu va tener llugar el vienres 23 de xineru, a la mesma hora, nel Auditoriu Pr\u00edncipe Felipe d\u2019Uvi\u00e9u.<\/p>\n<p>El programa va abrise cola Obertura pa un festival acad\u00e9micu, op. 80, de Johannes Brahms, una obra estructurada en dellos episodios qu\u2019incorpora melod\u00edes tradicionales del \u00e1mbitu universitariu y remata col famosu Gaudeamus igitur. De sigu\u00edo, va interpretase The Cry of Anubis, del compositor Harrison Birtwistle, una pieza na que la tuba garra un papel protagonista al encarnar simb\u00f3licamente al dios exipciu Anubis, nun di\u00e1logu intensu cola orquesta. El conciertu va rematar cola Sinfon\u00eda del Mundu Nuevu, d\u2019Antonin Dvorak, una de les obres m\u00e1s universales del repertoriu sinf\u00f3nicu, concebida como una ponte ente la tradici\u00f3n musical europea y les influencies americanes.<\/p>\n<p>Primero del conciertu d\u2019Uvi\u00e9u, Ram\u00f3n Tebar va tener un alcuentru col p\u00fablicu a les 19:15 hores, na sala de conferencies del Auditoriu Pr\u00edncipe Felipe, onde va compartir claves del programa y la so visi\u00f3n art\u00edstica.<\/p>\n<p style=\"text-align: center\"><a href=\"https:\/\/estaticos-cdn.prensaiberica.es\/clip\/e94e3ec5-d865-4b30-869f-bf6b8e86cff9_16-9-aspect-ratio_default_0.webp\"><img loading=\"lazy\" decoding=\"async\" class=\"aligncenter size-large\" src=\"https:\/\/estaticos-cdn.prensaiberica.es\/clip\/e94e3ec5-d865-4b30-869f-bf6b8e86cff9_16-9-aspect-ratio_default_0.webp\" width=\"880\" height=\"495\" \/><\/a><\/p>\n<p><strong>Venta d\u2019entraes.\u00a0<\/strong>N\u2019Uvi\u00e9u, les entraes puen adquirise na taquilla del Auditoriu Pr\u00edncipe Felipe, de 9:30 a 14:00 hores, y el mesmu d\u00eda del conciertu, de 17:00 a 20:00 hores. Los precios son de 24 euros en patiu y 21 euros n\u2019anfiteatru.<\/p>\n<p><strong>Ram\u00f3n Tebar y David Moen<\/strong><\/p>\n<p>Ram\u00f3n Tebar ye angua\u00f1o director art\u00edsticu y musical de la Opera Naples y director art\u00edsticu del Festival d\u2019Arantzazu. Desenvolvi\u00f3 una trayectoria internacional amplia tanto n\u2019\u00e1mbitu oper\u00edsticu como sinf\u00f3nicu y dirix\u00f3 en delles ocasiones formaciones como la Orquesta Nacional d\u2019Espa\u00f1a y munches orquestes de referencia n\u2019Europa, Am\u00e9rica y Asia.<\/p>\n<p>David Moen ye tuba principal de la OSPA dende 1992. Form\u00e1u n\u2019Estaos Un\u00edos, collabor\u00f3 con destacaes orquestes internacionales y actu\u00f3 como solista cola OSPA. Ente 2007 y 2016 dirix\u00f3 la Banda de M\u00fasica de Cand\u00e1s.<\/p>\n<p style=\"text-align: center\">\n<!-- iframe plugin v.6.0 wordpress.org\/plugins\/iframe\/ -->\n<iframe loading=\"lazy\" width=\"100%\" height=\"473\" src=\"https:\/\/www.youtube.com\/embed\/xbDd51E3gmg\" title=\"dvorak sinfonia del nuevo mundo\" frameborder=\"0\" allow=\"accelerometer; autoplay; clipboard-write; encrypted-media; gyroscope; picture-in-picture; web-share\" referrerpolicy=\"strict-origin-when-cross-origin\" 0=\"allowfullscreen\" 1=\"\/iframe\" scrolling=\"yes\" class=\"iframe-class\"><\/iframe>\n<\/p>\n<\/div>\n<div dir=\"auto\"><\/div>\n<\/div>\n<\/div>\n<\/div>\n<\/div>\n<\/div>\n<\/div>\n<\/div>\n<\/div>\n","protected":false},"excerpt":{"rendered":"<p>Conseyer\u00eda de Cultura, Pol\u00edtica Lling\u00fc\u00edstica y Deporte La Orquesta Sinf\u00f3nica del Principado de Asturias (OSPA) ofrez el sestu conciertu d\u2019abonu los d\u00edes 22 y 23 de xineru en Xix\u00f3n y Uvi\u00e9u, baxo la direcci\u00f3n de Ram\u00f3n Tebar y cola tuba solista de David Moen. Obres de Brahms, Birtwistle y la emblem\u00e1tica Sinfon\u00eda del Nuevu Mundu [&hellip;]<\/p>\n","protected":false},"author":117,"featured_media":0,"comment_status":"closed","ping_status":"closed","sticky":false,"template":"","format":"standard","meta":{"footnotes":""},"categories":[35],"tags":[],"class_list":["post-66646","post","type-post","status-publish","format-standard","hentry","category-musica"],"_links":{"self":[{"href":"https:\/\/edublog.educastur.es\/ixuxu\/wp-json\/wp\/v2\/posts\/66646","targetHints":{"allow":["GET"]}}],"collection":[{"href":"https:\/\/edublog.educastur.es\/ixuxu\/wp-json\/wp\/v2\/posts"}],"about":[{"href":"https:\/\/edublog.educastur.es\/ixuxu\/wp-json\/wp\/v2\/types\/post"}],"author":[{"embeddable":true,"href":"https:\/\/edublog.educastur.es\/ixuxu\/wp-json\/wp\/v2\/users\/117"}],"replies":[{"embeddable":true,"href":"https:\/\/edublog.educastur.es\/ixuxu\/wp-json\/wp\/v2\/comments?post=66646"}],"version-history":[{"count":6,"href":"https:\/\/edublog.educastur.es\/ixuxu\/wp-json\/wp\/v2\/posts\/66646\/revisions"}],"predecessor-version":[{"id":66652,"href":"https:\/\/edublog.educastur.es\/ixuxu\/wp-json\/wp\/v2\/posts\/66646\/revisions\/66652"}],"wp:attachment":[{"href":"https:\/\/edublog.educastur.es\/ixuxu\/wp-json\/wp\/v2\/media?parent=66646"}],"wp:term":[{"taxonomy":"category","embeddable":true,"href":"https:\/\/edublog.educastur.es\/ixuxu\/wp-json\/wp\/v2\/categories?post=66646"},{"taxonomy":"post_tag","embeddable":true,"href":"https:\/\/edublog.educastur.es\/ixuxu\/wp-json\/wp\/v2\/tags?post=66646"}],"curies":[{"name":"wp","href":"https:\/\/api.w.org\/{rel}","templated":true}]}}