{"id":66653,"date":"2026-01-24T10:00:37","date_gmt":"2026-01-24T08:00:37","guid":{"rendered":"https:\/\/edublog.educastur.es\/ixuxu\/?p=66653"},"modified":"2026-01-24T20:18:44","modified_gmt":"2026-01-24T18:18:44","slug":"calendariu-cientificu-escolar-2026","status":"publish","type":"post","link":"https:\/\/edublog.educastur.es\/ixuxu\/2026\/01\/calendariu-cientificu-escolar-2026\/","title":{"rendered":"Calendariu cient\u00edficu escolar 2026"},"content":{"rendered":"<p style=\"text-align: center\"><a href=\"https:\/\/mujeresconciencia.com\/app\/uploads\/2026\/01\/cce2026-768x544.jpg\"><img loading=\"lazy\" decoding=\"async\" class=\"aligncenter \" src=\"https:\/\/mujeresconciencia.com\/app\/uploads\/2026\/01\/cce2026-768x544.jpg\" width=\"445\" height=\"315\" \/><\/a><\/p>\n<p>Per s\u00e9ptimu a\u00f1u consecutivu vuelve&#8217;l proyectu Calendariu Cient\u00edficu Escolar impuls\u00e1u pol <a href=\"http:\/\/www.igm.ule-csic.es\/\" target=\"_blank\" rel=\"noopener noreferrer\">Instituto de Ganader\u00eda de Monta\u00f1a del CSIC<\/a> (IGM). <a href=\"https:\/\/drive.google.com\/file\/d\/1ha_rj8KoU2DXZQ8RQQRUL7iAza4HxNZ0\/view\" target=\"_blank\" rel=\"noopener\">Desc\u00e1rgase junto col calendario<\/a>) la gu\u00eda.\u00a0 <strong>Empobin\u00e1u al alumn\u00e1u d&#8217;educaci\u00f3n primaria<\/strong> y secundaria obligatoria, esti calendariu incl\u00fai acald\u00eda un aniversariu rellacion\u00e1u cola ciencia o la tecnolox\u00eda. <a href=\"https:\/\/eventociencia.es\/calendario-cientifico-escolar\/\" target=\"_blank\" rel=\"noopener\">Calendario cient\u00edfico escolar 2026<\/a> (en varios idiomes) y actividaes complementaries para descargar. <a href=\"https:\/\/drive.google.com\/file\/d\/1fXtIPqW2iP4Q2nkcZQCKu7e7nnxDNMZw\/view\"><strong>ASTURIANU<\/strong><\/a>. <a href=\"https:\/\/www.csic.es\/es\/actualidad-del-csic\/ya-se-puede-descargar-el-calendario-cientifico-escolar-2026\" target=\"_blank\" rel=\"noopener\">Nota de prensa<\/a>, CSIC. Edici\u00f3n realizada por <a href=\"http:\/\/www.ehu.eus\/~mtwmastm\/\" target=\"_blank\" rel=\"noopener noreferrer\">Marta Macho Stadler<\/a><\/p>\n<p><!--more--><\/p>\n<p>Puede tratase de la celebraci\u00f3n de la nacencia d&#8217;una cient\u00edfica o un cient\u00edficu, o la conmemoraci\u00f3n de dalg\u00fan llogru cient\u00edficu notable.<\/p>\n<p style=\"text-align: center\"><a href=\"https:\/\/mujeresconciencia.com\/app\/uploads\/2026\/01\/TABLERO-OCA-2026_CASTELLANO-1.jpg\"><img loading=\"lazy\" decoding=\"async\" class=\"aligncenter size-large\" src=\"https:\/\/mujeresconciencia.com\/app\/uploads\/2026\/01\/TABLERO-OCA-2026_CASTELLANO-1.jpg\" width=\"1000\" height=\"707\" \/><\/a><\/p>\n<p>Am\u00e1s, el calendariu acompa\u00f1ase d&#8217;una gu\u00eda did\u00e1ctica (desc\u00e1rgase xuntu col calendariu) <strong>con orientaciones para l&#8217;aprovechamientu educativu tresversal del calendariu nes clases<\/strong>, incluyendo actividaes afeches a cada rangu d&#8217;ed\u00e1 y al alumn\u00e1u con necesidaes especiales.<a href=\"https:\/\/mujeresconciencia.com\/app\/uploads\/2026\/01\/TABLERO-OCA-2026_CASTELLANO-1.jpg\"><strong> Ente les actividaes propuestes incl\u00fayese un xuegu de la oca \u00abde la ciencia\u00bb.<\/strong><\/a><\/p>\n<p>Nesta edici\u00f3n el 60 % de les efem\u00e9rides pertenecen a cient\u00edfiques y tecn\u00f3logues. Un a\u00f1u m\u00e1s, la y\u00e1 consolidada collaboraci\u00f3n con Casa \u00c1frica dex\u00f3 dar visibilid\u00e1 a la ciencia africana con dellos aniversarios cada mes.<\/p>\n<p>El calendariu y la gu\u00eda did\u00e1ctica <strong>t\u00e1n disponibles para la so descarga gratuita n&#8217;once idiomes<\/strong>: \u00e1rabe, aragon\u00e9s, <strong>asturianu<\/strong>, castell\u00e1n, catal\u00e1n, esperantu, euskera, farsi, gallegu, ingl\u00e9s y portugu\u00e9s. L&#8217;accesibilid\u00e1 para persones ciegues sigue presente nesta edici\u00f3n y pollo el calendariu facil\u00edtase tami\u00e9n en testu planu, que dexa la so recepci\u00f3n por aciu sintetizadores de voz o ll\u00ednees Braille, y les imaxes en redes sociales incl\u00fain testu alternativu para los llectores de pantalla.<\/p>\n<p style=\"text-align: center\"><a href=\"https:\/\/mujeresconciencia.com\/app\/uploads\/2026\/01\/enero2026-768x1051.jpg\"><img loading=\"lazy\" decoding=\"async\" class=\"aligncenter size-large\" src=\"https:\/\/mujeresconciencia.com\/app\/uploads\/2026\/01\/enero2026-768x1051.jpg\" width=\"768\" height=\"1051\" \/><\/a><\/p>\n","protected":false},"excerpt":{"rendered":"<p>Per s\u00e9ptimu a\u00f1u consecutivu vuelve&#8217;l proyectu Calendariu Cient\u00edficu Escolar impuls\u00e1u pol Instituto de Ganader\u00eda de Monta\u00f1a del CSIC (IGM). Desc\u00e1rgase junto col calendario) la gu\u00eda.\u00a0 Empobin\u00e1u al alumn\u00e1u d&#8217;educaci\u00f3n primaria y secundaria obligatoria, esti calendariu incl\u00fai acald\u00eda un aniversariu rellacion\u00e1u cola ciencia o la tecnolox\u00eda. Calendario cient\u00edfico escolar 2026 (en varios idiomes) y actividaes complementaries [&hellip;]<\/p>\n","protected":false},"author":117,"featured_media":0,"comment_status":"closed","ping_status":"closed","sticky":false,"template":"","format":"standard","meta":{"footnotes":""},"categories":[73,45],"tags":[],"class_list":["post-66653","post","type-post","status-publish","format-standard","hentry","category-calendariu","category-ciencia"],"_links":{"self":[{"href":"https:\/\/edublog.educastur.es\/ixuxu\/wp-json\/wp\/v2\/posts\/66653","targetHints":{"allow":["GET"]}}],"collection":[{"href":"https:\/\/edublog.educastur.es\/ixuxu\/wp-json\/wp\/v2\/posts"}],"about":[{"href":"https:\/\/edublog.educastur.es\/ixuxu\/wp-json\/wp\/v2\/types\/post"}],"author":[{"embeddable":true,"href":"https:\/\/edublog.educastur.es\/ixuxu\/wp-json\/wp\/v2\/users\/117"}],"replies":[{"embeddable":true,"href":"https:\/\/edublog.educastur.es\/ixuxu\/wp-json\/wp\/v2\/comments?post=66653"}],"version-history":[{"count":3,"href":"https:\/\/edublog.educastur.es\/ixuxu\/wp-json\/wp\/v2\/posts\/66653\/revisions"}],"predecessor-version":[{"id":66656,"href":"https:\/\/edublog.educastur.es\/ixuxu\/wp-json\/wp\/v2\/posts\/66653\/revisions\/66656"}],"wp:attachment":[{"href":"https:\/\/edublog.educastur.es\/ixuxu\/wp-json\/wp\/v2\/media?parent=66653"}],"wp:term":[{"taxonomy":"category","embeddable":true,"href":"https:\/\/edublog.educastur.es\/ixuxu\/wp-json\/wp\/v2\/categories?post=66653"},{"taxonomy":"post_tag","embeddable":true,"href":"https:\/\/edublog.educastur.es\/ixuxu\/wp-json\/wp\/v2\/tags?post=66653"}],"curies":[{"name":"wp","href":"https:\/\/api.w.org\/{rel}","templated":true}]}}