{"id":66658,"date":"2026-01-24T20:34:09","date_gmt":"2026-01-24T18:34:09","guid":{"rendered":"https:\/\/edublog.educastur.es\/ixuxu\/?p=66658"},"modified":"2026-01-24T20:34:25","modified_gmt":"2026-01-24T18:34:25","slug":"el-xlix-festival-de-la-sidra-que-va-celebrar-en-naval-proximu-mes-de-xunetu","status":"publish","type":"post","link":"https:\/\/edublog.educastur.es\/ixuxu\/2026\/01\/el-xlix-festival-de-la-sidra-que-va-celebrar-en-naval-proximu-mes-de-xunetu\/","title":{"rendered":"El XLIX Festival de la Sidra, que va celebrar en Nava&#8217;l pr\u00f3ximu mes de xunetu"},"content":{"rendered":"<p>El dise\u00f1u premi\u00e1u, titul\u00e1u con \u00abS de sidra\u00bb, basar nel ritu del escanci\u00e1u, con una mazana a manera de cabeza del echador, ya incorpora los tonos verdes caracter\u00edsticos de la botella tradicional. Autor: <strong>Borja Tur Aguilar. <\/strong>Esta ye la obra ganadora del concursu. <strong>El XLIX Festival de la Sidra, que va celebrar en Nava&#8217;l pr\u00f3ximu mes de xunetu<\/strong>, y\u00e1 tien cartelu anunciador.<\/p>\n<p style=\"text-align: center\"><a href=\"https:\/\/estaticos-cdn.prensaiberica.es\/clip\/91664d27-a1ad-4cc6-aebd-53bdc5107d7a_source-aspect-ratio_640w_0_x567y541.webp\"><img loading=\"lazy\" decoding=\"async\" class=\"aligncenter size-large\" src=\"https:\/\/estaticos-cdn.prensaiberica.es\/clip\/91664d27-a1ad-4cc6-aebd-53bdc5107d7a_source-aspect-ratio_640w_0_x567y541.webp\" width=\"640\" height=\"916\" \/><\/a><\/p>\n<p><!--more--><\/p>\n<p>Tr\u00e1tase d&#8217;una obra del valencianu <strong>Borja Tur Aguilar<\/strong> que foi escoyida por un xur\u00e1u compuestu polos artistes locales Leocadio Redondo (cronista oficial del conceyu), Breza Cechini R\u00edu y Juan Giordano Winter. El conceyal Jairo Palacios Vigil actu\u00f3 como secretariu.<strong> El dise\u00f1u premi\u00e1u, titul\u00e1u con \u00abS de sidra\u00bb, b\u00e1sase nel ritu del escanci\u00e1u, con una mazana a manera de cabeza del echador, ya incorpora los tonos verdes caracter\u00edsticos de la botella tradicional.<\/strong><\/p>\n","protected":false},"excerpt":{"rendered":"<p>El dise\u00f1u premi\u00e1u, titul\u00e1u con \u00abS de sidra\u00bb, basar nel ritu del escanci\u00e1u, con una mazana a manera de cabeza del echador, ya incorpora los tonos verdes caracter\u00edsticos de la botella tradicional. Autor: Borja Tur Aguilar. Esta ye la obra ganadora del concursu. El XLIX Festival de la Sidra, que va celebrar en Nava&#8217;l pr\u00f3ximu [&hellip;]<\/p>\n","protected":false},"author":117,"featured_media":0,"comment_status":"closed","ping_status":"closed","sticky":false,"template":"","format":"standard","meta":{"footnotes":""},"categories":[214,204,156],"tags":[],"class_list":["post-66658","post","type-post","status-publish","format-standard","hentry","category-cartelos","category-festivales","category-sidre"],"_links":{"self":[{"href":"https:\/\/edublog.educastur.es\/ixuxu\/wp-json\/wp\/v2\/posts\/66658","targetHints":{"allow":["GET"]}}],"collection":[{"href":"https:\/\/edublog.educastur.es\/ixuxu\/wp-json\/wp\/v2\/posts"}],"about":[{"href":"https:\/\/edublog.educastur.es\/ixuxu\/wp-json\/wp\/v2\/types\/post"}],"author":[{"embeddable":true,"href":"https:\/\/edublog.educastur.es\/ixuxu\/wp-json\/wp\/v2\/users\/117"}],"replies":[{"embeddable":true,"href":"https:\/\/edublog.educastur.es\/ixuxu\/wp-json\/wp\/v2\/comments?post=66658"}],"version-history":[{"count":2,"href":"https:\/\/edublog.educastur.es\/ixuxu\/wp-json\/wp\/v2\/posts\/66658\/revisions"}],"predecessor-version":[{"id":66666,"href":"https:\/\/edublog.educastur.es\/ixuxu\/wp-json\/wp\/v2\/posts\/66658\/revisions\/66666"}],"wp:attachment":[{"href":"https:\/\/edublog.educastur.es\/ixuxu\/wp-json\/wp\/v2\/media?parent=66658"}],"wp:term":[{"taxonomy":"category","embeddable":true,"href":"https:\/\/edublog.educastur.es\/ixuxu\/wp-json\/wp\/v2\/categories?post=66658"},{"taxonomy":"post_tag","embeddable":true,"href":"https:\/\/edublog.educastur.es\/ixuxu\/wp-json\/wp\/v2\/tags?post=66658"}],"curies":[{"name":"wp","href":"https:\/\/api.w.org\/{rel}","templated":true}]}}