{"id":66667,"date":"2026-01-24T20:10:50","date_gmt":"2026-01-24T18:10:50","guid":{"rendered":"https:\/\/edublog.educastur.es\/ixuxu\/?p=66667"},"modified":"2026-01-26T21:20:00","modified_gmt":"2026-01-26T19:20:00","slug":"ye-esecial-recoyer-les-foques-cuando-lleguen-a-la-nuesa-marina","status":"publish","type":"post","link":"https:\/\/edublog.educastur.es\/ixuxu\/2026\/01\/ye-esecial-recoyer-les-foques-cuando-lleguen-a-la-nuesa-marina\/","title":{"rendered":"Apaecen cuatro foques, una na sablera de Cadavedo"},"content":{"rendered":"<div class=\"html-div xdj266r x14z9mp xat24cr x1lziwak xexx8yu xyri2b x18d9i69 x1c1uobl\">\n<div class=\"html-div xdj266r x14z9mp x1lziwak x18d9i69 x1cy8zhl x78zum5 x1q0g3np xod5an3 xz9dl7a x1g0dm76 xpdmqnj\">\n<div class=\"html-div xdj266r x14z9mp xat24cr x1lziwak xexx8yu xyri2b x18d9i69 x1c1uobl x1iyjqo2 xeuugli\">\n<div class=\"x78zum5 xdt5ytf xz62fqu x16ldp7u\">\n<div class=\"xu06os2 x1ok221b\">\n<div class=\"html-div xdj266r x14z9mp xat24cr x1lziwak xexx8yu xyri2b x18d9i69 x1c1uobl\" data-ad-rendering-role=\"profile_name\">\n<p>Apaecen cuatro foques, una na sablera de Cadavedo: la Cepesma alerta de la posible llegada de m\u00e1s exemplares.\u00a0 Los animales, \u00abbien nuevos\u00bb, lleguen a les sableres \u00abbien amenorgaos de fuerza y con grandes hipotermias\u00bb, detalla Luis Laria. <a href=\"https:\/\/www.lne.es\/occidente\/2026\/01\/24\/aparecen-cuatro-focas-playa-cadavedo-126042593.html\">LNE<\/a> \/ <a href=\"https:\/\/www.elcomercio.es\/asturias\/occidente\/cuatro-crias-foca-gris-llegan-costas-asturianas-20260124204949-nt.html\">El Comercio<\/a><\/p>\n<p style=\"text-align: center\"><a href=\"https:\/\/estaticos-cdn.prensaiberica.es\/clip\/f1d14948-b8e7-4169-a09e-60cf94a2f84f_16-9-discover-aspect-ratio_default_0_x1024y512.webp\"><img loading=\"lazy\" decoding=\"async\" class=\"aligncenter size-large\" src=\"https:\/\/estaticos-cdn.prensaiberica.es\/clip\/f1d14948-b8e7-4169-a09e-60cf94a2f84f_16-9-discover-aspect-ratio_default_0_x1024y512.webp\" width=\"1200\" height=\"675\" \/><\/a><\/p>\n<\/div>\n<\/div>\n<div class=\"xu06os2 x1ok221b\">\n<p>Al menos cuatro cr\u00edes de foca gris, de menos de tr\u00e9s meses d&#8217;ed\u00e1, at\u00f3pense angua\u00f1o na mari\u00f1a con problemes de sal\u00fa, una circunstancia que, seg\u00fan guarda una estrecha relaci\u00f3n coles dures condiciones del mar Cant\u00e1bricu.<\/p>\n<p><!--more--><\/p>\n<p>Asina lo esplic\u00f3 Luis Laria, responsable de la <strong>Coordinadora para l&#8217;Estudiu de les Especies Marines (Cepesma)<\/strong>, con see en Vald\u00e9s, quien detalla qu&#8217;estos mozos exemplares d&#8217;Halichoerus grypus (nun s&#8217;informa del llugar para evitar curiosos que puedan fadiales) lleguen a les sableres \u00abbien amenorgaos de fuerza y con grandes hipotermias\u00bb en realizando un llargu y esixente viaxe dende les isles Brit\u00e1niques.<\/p>\n<p style=\"text-align: center\">\n<!-- iframe plugin v.6.0 wordpress.org\/plugins\/iframe\/ -->\n<iframe loading=\"lazy\" src=\"https:\/\/www.facebook.com\/plugins\/post.php?href=https%3A%2F%2Fwww.facebook.com%2Fphoto.php%3Ffbid%3D1425425525925362%26set%3Da.136783288122932%26type%3D3&#038;show_text=false&#038;width=500\" width=\"500\" height=\"787\" style=\"border:none;overflow:hidden\" scrolling=\"no\" frameborder=\"0\" allowfullscreen=\"true\" allow=\"autoplay; clipboard-write; encrypted-media; picture-in-picture; web-share\" 0=\"\/iframe\" class=\"iframe-class\"><\/iframe>\n<\/p>\n<p>&nbsp;<\/p>\n<p>Un desplazamientu que, xun\u00edu a la envernada y a les baxes temperatures de l&#8217;agua, pon a la llende la capacid\u00e1 de supervivencia d&#8217;animales tan nuevos. L&#8217;\u00faltimo d&#8217;estos casos rexistr\u00f3se na sablera de Cadavedo, onde l&#8217;equipu de la coordinadora valdesana recoy\u00f3 apocay\u00e1 una d&#8217;estes cr\u00edes para la so atenci\u00f3n especializada. \u00abLes condiciones del Cant\u00e1bricu agora mesmu son bien dures y eso n\u00f3tase especialmente n&#8217;animales tan pequenos\u00bb, aportuna Laria.<\/p>\n<p style=\"text-align: center\"><a href=\"https:\/\/s1.ppllstatics.com\/elcomercio\/www\/multimedia\/2026\/01\/24\/foca2-kUtH-U20321639115DoB-1200x840@El%20Comercio.jpg\"><img loading=\"lazy\" decoding=\"async\" class=\"aligncenter size-large\" src=\"https:\/\/s1.ppllstatics.com\/elcomercio\/www\/multimedia\/2026\/01\/24\/foca2-kUtH-U20321639115DoB-1200x840@El%20Comercio.jpg\" width=\"1200\" height=\"840\" \/><\/a><\/p>\n<p><strong>Importante: nun tocala<\/strong> Dende&#8217;l colectivu conservacionista sorrayen la importancia de la collaboraci\u00f3n ciudadana \u00e9nte esti tipu d&#8217;afayos. Luis Laria recuerda que, si dalguna persona atopa una foca na sablera, nun tien d&#8217;intentar tocala nin devolvela al mar, y tien d&#8217;avisar de momentu al 112.<\/p>\n<p style=\"text-align: center\">\n<!-- iframe plugin v.6.0 wordpress.org\/plugins\/iframe\/ -->\n<iframe loading=\"lazy\" src=\"https:\/\/www.facebook.com\/plugins\/video.php?height=476&#038;href=https%3A%2F%2Fwww.facebook.com%2Freel%2F1389661213173749%2F&#038;show_text=false&#038;width=476&#038;t=0\" width=\"476\" height=\"476\" style=\"border:none;overflow:hidden\" scrolling=\"no\" frameborder=\"0\" allowfullscreen=\"true\" allow=\"autoplay; clipboard-write; encrypted-media; picture-in-picture; web-share\" 0=\"\/iframe\" class=\"iframe-class\"><\/iframe>\n<\/p>\n<p><span class=\"x78zum5 x1q0g3np\"><span class=\"x1lliihq x6ikm8r x10wlt62 x1n2onr6 xlyipyv xuxw1ft\"><span class=\"xt0psk2\"><a class=\"x1i10hfl xjbqb8w x1ejq31n x18oe1m7 x1sy0etr xstzfhl x972fbf x10w94by x1qhh985 x14e42zd x9f619 x1ypdohk xt0psk2 x3ct3a4 xdj266r x14z9mp xat24cr x1lziwak xexx8yu xyri2b x18d9i69 x1c1uobl x16tdsg8 x1hl2dhg xggy1nq x1a2a7pz xkrqix3 x1sur9pj xzsf02u x1s688f\" role=\"link\" href=\"https:\/\/www.facebook.com\/luis.laria.56?__cft__[0]=AZaCNStYUuH8e3S9AupM51Wymr4oQBL0prKtjh-NHatGOKjzz2WfIuVTlt7DnujWauhDoXmzUWmvMyEkjYK0pzCJkrmMLRxzQCU0V746hSqHpxE7pdCM3Cb0OZiQXuUZCWj7_ZwiegQx_BZVrj4WMOOwBOzUOq57oxel5XewfU89C_JZD_NiOBJN6oKP9nTex33c__DrCMEhfbTZNTy-2Knk&amp;__tn__=-UC%2CP-R\"><b class=\"html-b xdj266r x14z9mp xat24cr x1lziwak xexx8yu xyri2b x18d9i69 x1c1uobl x1hl2dhg x16tdsg8 x1vvkbs x1s688f\"><span class=\"html-span xdj266r x14z9mp xat24cr x1lziwak xexx8yu xyri2b x18d9i69 x1c1uobl x1hl2dhg x16tdsg8 x1vvkbs\">Luis Laria <\/span><\/b><\/a><\/span><\/span><\/span>Cuando un ser como esti llega a la mari\u00f1a cant\u00e1brica, la causa ye m\u00faltiple y munches muerren. Fai solo 2\/3 meses que nacieron, mamaron de les sos madres ente 15\/20 d\u00edes hasta que son abandonaes perdiendo la relaci\u00f3n maternu filial y tienen que valise por si mesmes.<\/p>\n<\/div>\n<\/div>\n<\/div>\n<div class=\"xqcrz7y x78zum5 x1qx5ct2 x1y1aw1k xf159sx xwib8y2 xmzvs34 xw4jnvo\">\n<div>Les que nos lleguen a la mari\u00f1a espa\u00f1ola proceden <strong>na so mayor\u00eda de les mari\u00f1es atl\u00e1ntiques d&#8217;Irlanda y enfusaes al oc\u00e9anu<\/strong>, perd\u00edes vense obligaes a nadar m\u00e1s de mil kil\u00f3metros o munchos m\u00e1s y coles vicisit\u00faes de les condiciones del mar, al llegar a n\u00f3s t\u00e1n exhaustes, bien delgaes, con infecciones de diversa \u00edndole y siempres con hipotermias. \u00c9nte eses penalidaes y con inmensos temporales como&#8217;l que tamos careciendo g\u00fcei (les previsiones d&#8217;\u00e9sta nueche son de foles de 10 metros n&#8217;Asturies) munches d&#8217;elles muerren.<\/div>\n<div><\/div>\n<div style=\"text-align: center\">\n<!-- iframe plugin v.6.0 wordpress.org\/plugins\/iframe\/ -->\n<iframe loading=\"lazy\" src=\"https:\/\/www.facebook.com\/plugins\/post.php?href=https%3A%2F%2Fwww.facebook.com%2Fphoto.php%3Ffbid%3D1425559939245254%26set%3Da.136783288122932%26type%3D3&#038;show_text=false&#038;width=500\" width=\"500\" height=\"805\" style=\"border:none;overflow:hidden\" scrolling=\"no\" frameborder=\"0\" allowfullscreen=\"true\" allow=\"autoplay; clipboard-write; encrypted-media; picture-in-picture; web-share\" 0=\"\/iframe\" class=\"iframe-class\"><\/iframe>\n<\/div>\n<div><\/div>\n<div><strong>Pa ello, lo que debemos de faer ye t\u00e1ndo mal, ensin dulda recoyeles.<\/strong> Dende fai 27 a\u00f1os n\u00f3s atendimos a munches d&#8217;elles que dempu\u00e9s d&#8217;un tiempu en recuperaci\u00f3n fueron puestes en llibert\u00e1 con \u00e9situ en tolos casos. Non solo atendimos foca gris ( Halichoerus grypus) na mayoria de los casos, tami\u00e9n foca groenlandia (Pagophilus groenlandicus) y foca de cascu (Cystophora cristata), tami\u00e9n foca com\u00fan ( Phoca vitulina), inclusive atendiendo la \u00fanica nacencia conocida d&#8217;\u00e9sta especie na pen\u00ednsula ib\u00e9rica.<\/div>\n<div><\/div>\n<div><strong>Si les vemos nuna sablera lo primero llamar al 112 y evitar perros o manexu ensin protecci\u00f3<\/strong>n, pueden xenerar mancadures importantes por mordedures, solo la esperiencia puede facilitanos la recoyida. Esencial al recoyeles ye embrivir los mieos, relaxales, el contactu humanu ensin relaxales pue ser aciagu, danse munchos casos d&#8217;infartacion por estr\u00e9s.<\/div>\n<div><\/div>\n<div style=\"text-align: center\">\n<!-- iframe plugin v.6.0 wordpress.org\/plugins\/iframe\/ -->\n<iframe loading=\"lazy\" src=\"https:\/\/www.facebook.com\/plugins\/video.php?height=316&#038;href=https%3A%2F%2Fwww.facebook.com%2Freel%2F779164971898508%2F&#038;show_text=false&#038;width=560&#038;t=0\" width=\"560\" height=\"316\" style=\"border:none;overflow:hidden\" scrolling=\"no\" frameborder=\"0\" allowfullscreen=\"true\" allow=\"autoplay; clipboard-write; encrypted-media; picture-in-picture; web-share\" 0=\"\/iframe\" class=\"iframe-class\"><\/iframe>\n<\/div>\n<div><\/div>\n<div style=\"text-align: center\">\n<!-- iframe plugin v.6.0 wordpress.org\/plugins\/iframe\/ -->\n<iframe loading=\"lazy\" src=\"https:\/\/www.facebook.com\/plugins\/post.php?href=https%3A%2F%2Fwww.facebook.com%2Fphoto.php%3Ffbid%3D1427038972430684%26set%3Da.136783288122932%26type%3D3&#038;show_text=false&#038;width=500\" width=\"500\" height=\"729\" style=\"border:none;overflow:hidden\" scrolling=\"no\" frameborder=\"0\" allowfullscreen=\"true\" allow=\"autoplay; clipboard-write; encrypted-media; picture-in-picture; web-share\" 0=\"\/iframe\" class=\"iframe-class\"><\/iframe>\n<\/div>\n<div style=\"text-align: center\">\n<!-- iframe plugin v.6.0 wordpress.org\/plugins\/iframe\/ -->\n<iframe loading=\"lazy\" src=\"https:\/\/www.facebook.com\/plugins\/video.php?height=315&#038;href=https%3A%2F%2Fwww.facebook.com%2Freel%2F1288826099733506%2F&#038;show_text=false&#038;width=560&#038;t=0\" width=\"560\" height=\"315\" style=\"border:none;overflow:hidden\" scrolling=\"no\" frameborder=\"0\" allowfullscreen=\"true\" allow=\"autoplay; clipboard-write; encrypted-media; picture-in-picture; web-share\" 0=\"\/iframe\" class=\"iframe-class\"><\/iframe>\n<\/div>\n<\/div>\n<\/div>\n<\/div>\n<p>&nbsp;<\/p>\n<p>&nbsp;<\/p>\n<div class=\"html-div xdj266r x14z9mp xat24cr x1lziwak xexx8yu xyri2b x18d9i69 x1c1uobl\">\n<div class=\"html-div xdj266r x14z9mp xat24cr x1lziwak xexx8yu xyri2b x18d9i69 x1c1uobl\" dir=\"auto\">\n<div class=\"html-div xdj266r x14z9mp xat24cr x1lziwak xexx8yu xyri2b x18d9i69 x1c1uobl\" data-ad-rendering-role=\"story_message\">\n<div class=\"x1l90r2v x1iorvi4 x1g0dm76 xpdmqnj\" data-ad-comet-preview=\"message\" data-ad-preview=\"message\">\n<div class=\"x78zum5 xdt5ytf xz62fqu x16ldp7u\">\n<div class=\"xu06os2 x1ok221b\">\n<div class=\"html-div xdj266r x14z9mp xat24cr x1lziwak xexx8yu xyri2b x18d9i69 x1c1uobl\">\n<div class=\"x14z9mp xat24cr x1lziwak x1vvkbs xtlvy1s x126k92a\">\n<div dir=\"auto\"><\/div>\n<\/div>\n<\/div>\n<\/div>\n<\/div>\n<\/div>\n<\/div>\n<\/div>\n<\/div>\n","protected":false},"excerpt":{"rendered":"<p>Apaecen cuatro foques, una na sablera de Cadavedo: la Cepesma alerta de la posible llegada de m\u00e1s exemplares.\u00a0 Los animales, \u00abbien nuevos\u00bb, lleguen a les sableres \u00abbien amenorgaos de fuerza y con grandes hipotermias\u00bb, detalla Luis Laria. LNE \/ El Comercio Al menos cuatro cr\u00edes de foca gris, de menos de tr\u00e9s meses d&#8217;ed\u00e1, at\u00f3pense [&hellip;]<\/p>\n","protected":false},"author":117,"featured_media":0,"comment_status":"closed","ping_status":"closed","sticky":false,"template":"","format":"standard","meta":{"footnotes":""},"categories":[93],"tags":[],"class_list":["post-66667","post","type-post","status-publish","format-standard","hentry","category-sableres"],"_links":{"self":[{"href":"https:\/\/edublog.educastur.es\/ixuxu\/wp-json\/wp\/v2\/posts\/66667","targetHints":{"allow":["GET"]}}],"collection":[{"href":"https:\/\/edublog.educastur.es\/ixuxu\/wp-json\/wp\/v2\/posts"}],"about":[{"href":"https:\/\/edublog.educastur.es\/ixuxu\/wp-json\/wp\/v2\/types\/post"}],"author":[{"embeddable":true,"href":"https:\/\/edublog.educastur.es\/ixuxu\/wp-json\/wp\/v2\/users\/117"}],"replies":[{"embeddable":true,"href":"https:\/\/edublog.educastur.es\/ixuxu\/wp-json\/wp\/v2\/comments?post=66667"}],"version-history":[{"count":12,"href":"https:\/\/edublog.educastur.es\/ixuxu\/wp-json\/wp\/v2\/posts\/66667\/revisions"}],"predecessor-version":[{"id":66826,"href":"https:\/\/edublog.educastur.es\/ixuxu\/wp-json\/wp\/v2\/posts\/66667\/revisions\/66826"}],"wp:attachment":[{"href":"https:\/\/edublog.educastur.es\/ixuxu\/wp-json\/wp\/v2\/media?parent=66667"}],"wp:term":[{"taxonomy":"category","embeddable":true,"href":"https:\/\/edublog.educastur.es\/ixuxu\/wp-json\/wp\/v2\/categories?post=66667"},{"taxonomy":"post_tag","embeddable":true,"href":"https:\/\/edublog.educastur.es\/ixuxu\/wp-json\/wp\/v2\/tags?post=66667"}],"curies":[{"name":"wp","href":"https:\/\/api.w.org\/{rel}","templated":true}]}}