{"id":66680,"date":"2026-01-25T16:53:05","date_gmt":"2026-01-25T14:53:05","guid":{"rendered":"https:\/\/edublog.educastur.es\/ixuxu\/?p=66680"},"modified":"2026-01-25T17:01:02","modified_gmt":"2026-01-25T15:01:02","slug":"66680","status":"publish","type":"post","link":"https:\/\/edublog.educastur.es\/ixuxu\/2026\/01\/66680\/","title":{"rendered":"\u00abLa bala de Corvera\u00bb\u00a0 de bobsleigh."},"content":{"rendered":"<p>\u00abLa bala de Corvera\u00bb\u00a0 esm\u00facese pol xelu y aspira al podiu mundial de bobsleigh en Suiza. <a href=\"https:\/\/www.lne.es\/corvera\/2026\/01\/25\/bala-corvera-desliza-hielo-aspira-125974913.html\">LNE<\/a><\/p>\n<p style=\"text-align: center\"><a href=\"https:\/\/estaticos-cdn.prensaiberica.es\/clip\/6da967ec-be8d-488a-b43b-5155466780aa_16-9-discover-aspect-ratio_default_0_x1024y455.webp\"><img loading=\"lazy\" decoding=\"async\" class=\"aligncenter size-large\" src=\"https:\/\/estaticos-cdn.prensaiberica.es\/clip\/6da967ec-be8d-488a-b43b-5155466780aa_16-9-discover-aspect-ratio_default_0_x1024y455.webp\" width=\"1200\" height=\"675\" \/><\/a><\/p>\n<p>Israel Blanco Amor\u00edn ta en Letonia, na ciud\u00e1 de Sigulda, onde compite na <strong>Copa del mundu del bobsleigh adapt\u00e1u o parabobsleigh<\/strong>, un deporte del que ye l&#8217;\u00fanicu representante \u00abcorveranu, asturianu y espa\u00f1ol\u00bb. El de Molleda lleva once a\u00f1os nesti mundu, esmuci\u00e9ndose con un trin\u00e9u por llargos toboganes de xelu a gran velocid\u00e1 per media Europa. El so amigu polesu Javier Piquero encament\u00f3-y que probara&#8217;l bobsleigh adapt\u00e1u y dende&#8217;l so primera deslizamiento n&#8217;una carrera apostada n&#8217;Austria nun par\u00f3.<\/p>\n<p><!--more--><\/p>\n<p>\u00abEngabit\u00f3me\u00bb, reconoz. L&#8217;amiestu d&#8217;adrenalina y concentraci\u00f3n que rique ese deporte tien en Blanco un ali\u00e1u qu&#8217;a partir del pr\u00f3ximu d\u00eda 27 va competir en Saint Moritz (Suiza) onde se va apostar el campeonatu del Mundu. \u00abAspiro a xubir al podiu\u00bb, comenta&#8217;l corveranu dende l&#8217;otru llau del tel\u00e9fonu. Nes pistes suices va superar los cien kil\u00f3metros per hora nos descensos.<\/p>\n<p style=\"text-align: center\"><a href=\"https:\/\/estaticos-cdn.prensaiberica.es\/clip\/757f303f-d0a3-4db0-a85b-9674d932c7ae_source-aspect-ratio_640w_0_x682y682.webp\"><img loading=\"lazy\" decoding=\"async\" class=\"aligncenter size-large\" src=\"https:\/\/estaticos-cdn.prensaiberica.es\/clip\/757f303f-d0a3-4db0-a85b-9674d932c7ae_source-aspect-ratio_640w_0_x682y682.webp\" width=\"640\" height=\"960\" \/><\/a><\/p>\n<p>Israel Blanco con una de les medayes llograes en Noruega.<\/p>\n<p>Angua\u00f1o, Blanco\u00a0 ye un referente nel mundu del bobsleigh. Cuenta col sofitu de la Federaci\u00f3n internacional de deportes de xelu para los sos desplazamientos. Compiti\u00f3 n&#8217;Italia, Suiza, Noruega, Letonia y dalg\u00fan qu&#8217;otru pa\u00eds m\u00e1s a lo llargo de la so trayectoria. A los sos 48 a\u00f1os at\u00f3pase con fuerces para competir. Prueba d&#8217;ello fueron les primeres carreres de la Copa del Mundu apostaes en Noruega, los dos primeres de los seis que conformen el circuitu. Na pista allugada al pie de la ciud\u00e1 noruega de Lillehammer, el corveranu llogr\u00f3 podiu.<\/p>\n<p>Primero llogr\u00f3 un segundu y dempu\u00e9s un primer premiu, respectivamente. Eso d\u00e1ba-y nales para algamar una gran resultancia final nos cuatro pruebes restantes y que s&#8217;apostar\u00eden d\u00edes dempu\u00e9s na ciud\u00e1 letona de Sigulda. Sicas\u00ed, en Letonia nun-y foi tan bien. N&#8217;unu de los primeros descensos, rellata, sufri\u00f3 magulladures nes costielles tres un mal movimientu en plenu descensu -\u00abel dolor ye llevaderu\u00bb, manifiesta- y eso enzanc\u00f3 considerablemente caltener les bones resultancies que tra\u00eda de Noruega nel c\u00f3mputu xeneral de la Copa del Mundu.<\/p>\n<p>Otru d\u00eda, ent\u00e1 con dolores, decidi\u00f3 participar y tuvo la mala suerte de quedase a un metro de la meta. \u00abSi nun crucies la meta, nun punt\u00faes\u00bb, llamenta&#8217;l corveranu, que decidi\u00f3 folgar delles xornaes y nun forzar la m\u00e1quina para tar lo meyor posible para&#8217;l Campeonatu del Mundu.<\/p>\n<p><strong>Blanco ye un deportista dende chaval.<\/strong> Foi xugador de balonmano nel so Corvera natal desque tien alcordances. Un accidente llaboral pas\u00f3-y factura a los sos 21 a\u00f1os. Caltuvo la cabeza fr\u00eda y les ganes por salir alantre y consiguiolo. Eso s\u00ed, nun pudo salvar la so pierna esquierda, sicas\u00ed eso nun lu torg\u00f3 desligarse del mundu del deporte. Por ello decidi\u00f3 animase a probar una disciplina deportiva que \u00abnada tien que ver\u00bb col balonmano y, nel so momentu, nueva para \u00e9l y para los espa\u00f1oles, y\u00e1 que <strong>nun esisten pistes para practicar esti deporte de xelu.<\/strong><\/p>\n<p style=\"text-align: center\"><a href=\"https:\/\/estaticos-cdn.prensaiberica.es\/clip\/9b6b5347-eb6c-41bb-81ca-53a68736a778_source-aspect-ratio_default_0_x1024y455.webp\"><img loading=\"lazy\" decoding=\"async\" class=\"aligncenter size-large\" src=\"https:\/\/estaticos-cdn.prensaiberica.es\/clip\/9b6b5347-eb6c-41bb-81ca-53a68736a778_source-aspect-ratio_default_0_x1024y455.webp\" width=\"2000\" height=\"1333\" \/><\/a><\/p>\n<p>L&#8217;\u00fanicu espa\u00f1ol que practica bobsleigh adapt\u00e1u ye am\u00e1s presidente del Club Veteranos Corvera Handball, que sustituy\u00f3 al y\u00e1 sum\u00edu Balonmano Corvera y entrenador del equipu d&#8217;esquiles. Tami\u00e9n foi convoc\u00e1u en delles ocasiones pola Selecci\u00f3n espa\u00f1ola de balonmano en siella de ruedes para concentraciones en Valladolid, pero eso ye otra hestoria.<\/p>\n<p>Blanco nun cuntaba con ese traspie que tuvo en Letonia. \u00abAngua\u00f1o ven\u00eda perbi\u00e9n, con fuerces para faer un bon papel pero, claro, pegu\u00e9 esi tortazu nes costielles&#8230;\u00bb, cavilga&#8217;l corveranu, que ye consciente de qu&#8217;eso non -y torgose competir al m\u00e1ximu nivel nel Campeonatu del Mundu de Suiza. \u00abLes costielles nun t\u00e1n nin rotes nin fisuraes, si nun xub\u00ed estos d\u00edes ye para tar bien en Suiza, para tar recuper\u00e1u\u00bb, a\u00f1ede.<\/p>\n<p>&nbsp;<\/p>\n","protected":false},"excerpt":{"rendered":"<p>\u00abLa bala de Corvera\u00bb\u00a0 esm\u00facese pol xelu y aspira al podiu mundial de bobsleigh en Suiza. LNE Israel Blanco Amor\u00edn ta en Letonia, na ciud\u00e1 de Sigulda, onde compite na Copa del mundu del bobsleigh adapt\u00e1u o parabobsleigh, un deporte del que ye l&#8217;\u00fanicu representante \u00abcorveranu, asturianu y espa\u00f1ol\u00bb. El de Molleda lleva once a\u00f1os [&hellip;]<\/p>\n","protected":false},"author":117,"featured_media":0,"comment_status":"closed","ping_status":"closed","sticky":false,"template":"","format":"standard","meta":{"footnotes":""},"categories":[133],"tags":[],"class_list":["post-66680","post","type-post","status-publish","format-standard","hentry","category-deportes"],"_links":{"self":[{"href":"https:\/\/edublog.educastur.es\/ixuxu\/wp-json\/wp\/v2\/posts\/66680","targetHints":{"allow":["GET"]}}],"collection":[{"href":"https:\/\/edublog.educastur.es\/ixuxu\/wp-json\/wp\/v2\/posts"}],"about":[{"href":"https:\/\/edublog.educastur.es\/ixuxu\/wp-json\/wp\/v2\/types\/post"}],"author":[{"embeddable":true,"href":"https:\/\/edublog.educastur.es\/ixuxu\/wp-json\/wp\/v2\/users\/117"}],"replies":[{"embeddable":true,"href":"https:\/\/edublog.educastur.es\/ixuxu\/wp-json\/wp\/v2\/comments?post=66680"}],"version-history":[{"count":5,"href":"https:\/\/edublog.educastur.es\/ixuxu\/wp-json\/wp\/v2\/posts\/66680\/revisions"}],"predecessor-version":[{"id":66685,"href":"https:\/\/edublog.educastur.es\/ixuxu\/wp-json\/wp\/v2\/posts\/66680\/revisions\/66685"}],"wp:attachment":[{"href":"https:\/\/edublog.educastur.es\/ixuxu\/wp-json\/wp\/v2\/media?parent=66680"}],"wp:term":[{"taxonomy":"category","embeddable":true,"href":"https:\/\/edublog.educastur.es\/ixuxu\/wp-json\/wp\/v2\/categories?post=66680"},{"taxonomy":"post_tag","embeddable":true,"href":"https:\/\/edublog.educastur.es\/ixuxu\/wp-json\/wp\/v2\/tags?post=66680"}],"curies":[{"name":"wp","href":"https:\/\/api.w.org\/{rel}","templated":true}]}}