{"id":66694,"date":"2026-01-24T22:07:39","date_gmt":"2026-01-24T20:07:39","guid":{"rendered":"https:\/\/edublog.educastur.es\/ixuxu\/?p=66694"},"modified":"2026-01-26T21:56:08","modified_gmt":"2026-01-26T19:56:08","slug":"iii-xixon-folk-2026","status":"publish","type":"post","link":"https:\/\/edublog.educastur.es\/ixuxu\/2026\/01\/iii-xixon-folk-2026\/","title":{"rendered":"III Xix\u00f3n Folk 2026"},"content":{"rendered":"<p style=\"text-align: center\">\n<p style=\"text-align: center\"><a href=\"https:\/\/musicasturiana.com\/wp-content\/uploads\/2026\/01\/xixon-folk-2026-1000x1333.jpg\"><img loading=\"lazy\" decoding=\"async\" class=\"aligncenter \" src=\"https:\/\/musicasturiana.com\/wp-content\/uploads\/2026\/01\/xixon-folk-2026-1000x1333.jpg\" width=\"664\" height=\"885\" \/><\/a><\/p>\n<p>\ud83d\udd35 \u00bfTen\u00e9is ganes de <a class=\"x1i10hfl xjbqb8w x1ejq31n x18oe1m7 x1sy0etr xstzfhl x972fbf x10w94by x1qhh985 x14e42zd x9f619 x1ypdohk xt0psk2 x3ct3a4 xdj266r x14z9mp xat24cr x1lziwak xexx8yu xyri2b x18d9i69 x1c1uobl x16tdsg8 x1hl2dhg xggy1nq x1a2a7pz _aa9_ _a6hd\" role=\"link\" href=\"https:\/\/www.instagram.com\/explore\/tags\/xix%C3%B3nfolk2026\/\">#Xix\u00f3nFolk2026<\/a>? \ud83e\udd41\u00a1Present\u00e1mosvos les feches de la tercera edici\u00f3n de Xix\u00f3n Folk! \u270d\ud83c\udffc Tom\u00e1i nota\u2026 <strong><span style=\"color: #008080\">ser\u00e1 los d\u00edes 5, 6 y 7 de xunu de 2026<\/span><\/strong>, <strong><span style=\"color: #008080\">na Explanada del Parque Fluvial de Viesques (Xix\u00f3n)<\/span><\/strong>. Tres d\u00edes pa esfrutar de <strong>m\u00fasica en direutu, merc\u00e1u tradicional, talleres artesanales, puestos pa fartucase\u2026<\/strong> Too ello n&#8217;un de los pulmones verdes colos que cuenta la ciud\u00e1. <a href=\"https:\/\/musicasturiana.com\/la-tercer-edicion-del-xixon-folk-va-ser-del-5-al-7-de-xunu\/\">Musicasturiana.com<\/a><\/p>\n<p><!--more--><\/p>\n<p>\ud83d\ude0dAsina que y\u00e1 sab\u00e9is\u2026 \u00a1Reserv\u00e1i les feches! \ud83d\udc9bPronto entamaremos a subir les actuaciones, actividaes y sorpreses d&#8217;esta edici\u00f3n. \ud83d\udcaa\ud83c\udffc<\/p>\n<p>Los festivales asturianos empiecen a dar pistes de lo que va ser la temporada 2026 no que cinca a la m\u00fasica. L\u2019\u00faltimu n\u2019anunciar les sos feches foi la Banda Gaites Saxum col so Xix\u00f3n Folk, que se va celebrar del 5 al 7 de xunu.<strong> L\u2019espaciu va siguir siendo\u2019l mesmu que nes dos ediciones anteriores, el Parque fluvial de Viesques.<\/strong><\/p>\n<p>La organizaci\u00f3n ent\u00e1 nun dio m\u00e1s pistes de los artistes que van pasar pel so escenariu, pero van dir, adulces, faci\u00e9ndolo. Nel a\u00f1u 2025, participaron L\u2019Andecha Turcipi\u00e9, Trebeyu y Soi Pandereta na nueche en danza, mientres que nos conciertos tocaron Felpeyu, La Tarrancha y Rollu Folk. Am\u00e1s, tami\u00e9n participaron delles bandes de gaites. Pela so parte, nel a\u00f1u 2024, los artistes fueron Pandereteros d\u2019ang\u00fca\u00f1o, Trebeyu, Soi panderetera, Aira da Pedra, Corqui\u00e9u y Rollu Folk.<\/p>\n<p>Eso s\u00ed, confirmen que \u00abnesta tercer edici\u00f3n, am\u00e1s de la programaci\u00f3n musical, presentamos la segunda edici\u00f3n de<strong> Saxum per Asturies, un proyectu singular pens\u00e1u pa disfrutar de la tradici\u00f3n de manera participativa con talleres artesanales, exhibiciones d\u2019oficios tradicionales, animaci\u00f3n mitol\u00f3xica y m\u00fasica pel merc\u00e1u tradicional<\/strong>, que va cuntar con unos 50 puestos de productos d\u2019artesan\u00eda y alimentaci\u00f3n. Pa n\u00f3s ye bien importante que tolo que se vienda seya 100% artesania polo qu\u2019intentamos curiar el merc\u00e1u\u00bb.<\/p>\n<p>&nbsp;<\/p>\n<p>&nbsp;<\/p>\n","protected":false},"excerpt":{"rendered":"<p>\ud83d\udd35 \u00bfTen\u00e9is ganes de #Xix\u00f3nFolk2026? \ud83e\udd41\u00a1Present\u00e1mosvos les feches de la tercera edici\u00f3n de Xix\u00f3n Folk! \u270d\ud83c\udffc Tom\u00e1i nota\u2026 ser\u00e1 los d\u00edes 5, 6 y 7 de xunu de 2026, na Explanada del Parque Fluvial de Viesques (Xix\u00f3n). Tres d\u00edes pa esfrutar de m\u00fasica en direutu, merc\u00e1u tradicional, talleres artesanales, puestos pa fartucase\u2026 Too ello n&#8217;un [&hellip;]<\/p>\n","protected":false},"author":117,"featured_media":0,"comment_status":"closed","ping_status":"closed","sticky":false,"template":"","format":"standard","meta":{"footnotes":""},"categories":[204,35,125],"tags":[],"class_list":["post-66694","post","type-post","status-publish","format-standard","hentry","category-festivales","category-musica","category-musicasturiana-com"],"_links":{"self":[{"href":"https:\/\/edublog.educastur.es\/ixuxu\/wp-json\/wp\/v2\/posts\/66694","targetHints":{"allow":["GET"]}}],"collection":[{"href":"https:\/\/edublog.educastur.es\/ixuxu\/wp-json\/wp\/v2\/posts"}],"about":[{"href":"https:\/\/edublog.educastur.es\/ixuxu\/wp-json\/wp\/v2\/types\/post"}],"author":[{"embeddable":true,"href":"https:\/\/edublog.educastur.es\/ixuxu\/wp-json\/wp\/v2\/users\/117"}],"replies":[{"embeddable":true,"href":"https:\/\/edublog.educastur.es\/ixuxu\/wp-json\/wp\/v2\/comments?post=66694"}],"version-history":[{"count":4,"href":"https:\/\/edublog.educastur.es\/ixuxu\/wp-json\/wp\/v2\/posts\/66694\/revisions"}],"predecessor-version":[{"id":66839,"href":"https:\/\/edublog.educastur.es\/ixuxu\/wp-json\/wp\/v2\/posts\/66694\/revisions\/66839"}],"wp:attachment":[{"href":"https:\/\/edublog.educastur.es\/ixuxu\/wp-json\/wp\/v2\/media?parent=66694"}],"wp:term":[{"taxonomy":"category","embeddable":true,"href":"https:\/\/edublog.educastur.es\/ixuxu\/wp-json\/wp\/v2\/categories?post=66694"},{"taxonomy":"post_tag","embeddable":true,"href":"https:\/\/edublog.educastur.es\/ixuxu\/wp-json\/wp\/v2\/tags?post=66694"}],"curies":[{"name":"wp","href":"https:\/\/api.w.org\/{rel}","templated":true}]}}