{"id":66697,"date":"2026-01-25T06:50:22","date_gmt":"2026-01-25T04:50:22","guid":{"rendered":"https:\/\/edublog.educastur.es\/ixuxu\/?p=66697"},"modified":"2026-01-25T17:22:00","modified_gmt":"2026-01-25T15:22:00","slug":"dos-puertos-zarraos-y-14-con-cadenes-na-rede-secundaria-de-carreteres-nasturies","status":"publish","type":"post","link":"https:\/\/edublog.educastur.es\/ixuxu\/2026\/01\/dos-puertos-zarraos-y-14-con-cadenes-na-rede-secundaria-de-carreteres-nasturies\/","title":{"rendered":"Dos puertos zarraos y 14 con cadenes"},"content":{"rendered":"<p style=\"text-align: center\"><a href=\"https:\/\/www.rtpa.es\/fotos\/\/26\/01\/20260124200636_RTPA7633023.webp\"><img loading=\"lazy\" decoding=\"async\" class=\"aligncenter size-large\" src=\"https:\/\/www.rtpa.es\/fotos\/\/26\/01\/20260124200636_RTPA7633023.webp\" width=\"853\" height=\"480\" \/><\/a><\/p>\n<p>La umbada Ingrid dexa&#8217;l so impactu nes carreteres asturianes. Polos principales accesos al pandu, l&#8217;autopista del G\u00fcerna y Payares circulase ensin restricciones. La nieve cayida nes \u00faltimes hores obliga al usu de cadenes en 14 puertos de monte de la rede auton\u00f3mica de carreteres na que s&#8217;atopa cerr\u00e1u&#8217;l pasu polos puertos del Cou\u00f1o y La Fo\u00edna, informa&#8217;l 112-Asturies.<\/p>\n<p><!--more--><\/p>\n<p>Tres una ma\u00f1ana sele, a les 13:30 la nieve fa\u00eda actu de presencia y cay\u00eda con cierta intensid\u00e1 nel altu del puertu Payares. El pasu de les quitanieves evitaba que cubriera la calzada y la borrina fa\u00edase protagonista. Non x\u00e9nero complicaciones a los conductores.<\/p>\n<p>Na rede secundaria, m\u00e1s d&#8217;una decena de puertos precisen de cadenes, como&#8217;l de Ventana. Anque la nieve nun lleg\u00f3 a algamar el pueblu de Pandorial, la previsi\u00f3n de la envernada amenorg\u00f3 l&#8217;arribaci\u00f3n de visitantes. Mantos blancos que dexen tami\u00e9n siguir esfrutando na nieve esti iviernu.<\/p>\n<p>La imaxe repitise en bona parte de la contorna suroccidental. Son dellos los altos y carreteres de monte que presenten dificultaes, y nos que ye necesariu l&#8217;usu de cadenes o neum\u00e1ticos d&#8217;iviernu. Ente ellos, los accesos al Bra\u00f1\u00e1s\/ L.leitariegos, en Cangas. Les m\u00e1quines quitanieves, trabayaron ensin fuelgu nuna xornada intensa.<\/p>\n<p>Nel conceyu de Cangas, permanez am\u00e1s cerr\u00e1u dende ayeri&#8217;l puertu d&#8217;El Conio, anque se trata d&#8217;una v\u00eda secundaria bien poco transitada, que nun se llimpia con tanto avezamientu y a media tarde de g\u00fcei.<\/p>\n<p>Les cadenes son necesaries n&#8217;otra decena de puertos de la contorna. Pel momento, la previsi\u00f3n ye que la situaci\u00f3n siga siendo complicada en cotes altes, con un avisu mariellu activu hasta esta medianueche, por riesgu de nevaes y posibles acumuladures d&#8217;hasta 10 cent\u00edmetros en 24 hores, percima de los 900 metros.<\/p>\n<p>&nbsp;<\/p>\n<p>&nbsp;<\/p>\n","protected":false},"excerpt":{"rendered":"<p>La umbada Ingrid dexa&#8217;l so impactu nes carreteres asturianes. Polos principales accesos al pandu, l&#8217;autopista del G\u00fcerna y Payares circulase ensin restricciones. La nieve cayida nes \u00faltimes hores obliga al usu de cadenes en 14 puertos de monte de la rede auton\u00f3mica de carreteres na que s&#8217;atopa cerr\u00e1u&#8217;l pasu polos puertos del Cou\u00f1o y La [&hellip;]<\/p>\n","protected":false},"author":117,"featured_media":0,"comment_status":"closed","ping_status":"closed","sticky":false,"template":"","format":"standard","meta":{"footnotes":""},"categories":[1],"tags":[],"class_list":["post-66697","post","type-post","status-publish","format-standard","hentry","category-sin-categoria"],"_links":{"self":[{"href":"https:\/\/edublog.educastur.es\/ixuxu\/wp-json\/wp\/v2\/posts\/66697","targetHints":{"allow":["GET"]}}],"collection":[{"href":"https:\/\/edublog.educastur.es\/ixuxu\/wp-json\/wp\/v2\/posts"}],"about":[{"href":"https:\/\/edublog.educastur.es\/ixuxu\/wp-json\/wp\/v2\/types\/post"}],"author":[{"embeddable":true,"href":"https:\/\/edublog.educastur.es\/ixuxu\/wp-json\/wp\/v2\/users\/117"}],"replies":[{"embeddable":true,"href":"https:\/\/edublog.educastur.es\/ixuxu\/wp-json\/wp\/v2\/comments?post=66697"}],"version-history":[{"count":4,"href":"https:\/\/edublog.educastur.es\/ixuxu\/wp-json\/wp\/v2\/posts\/66697\/revisions"}],"predecessor-version":[{"id":66704,"href":"https:\/\/edublog.educastur.es\/ixuxu\/wp-json\/wp\/v2\/posts\/66697\/revisions\/66704"}],"wp:attachment":[{"href":"https:\/\/edublog.educastur.es\/ixuxu\/wp-json\/wp\/v2\/media?parent=66697"}],"wp:term":[{"taxonomy":"category","embeddable":true,"href":"https:\/\/edublog.educastur.es\/ixuxu\/wp-json\/wp\/v2\/categories?post=66697"},{"taxonomy":"post_tag","embeddable":true,"href":"https:\/\/edublog.educastur.es\/ixuxu\/wp-json\/wp\/v2\/tags?post=66697"}],"curies":[{"name":"wp","href":"https:\/\/api.w.org\/{rel}","templated":true}]}}