{"id":6670,"date":"2021-06-03T09:00:19","date_gmt":"2021-06-03T07:00:19","guid":{"rendered":"https:\/\/edublog.educastur.es\/ixuxu\/?p=6670"},"modified":"2021-06-03T18:50:40","modified_gmt":"2021-06-03T16:50:40","slug":"dia-internacional-de-la-sidra-2","status":"publish","type":"post","link":"https:\/\/edublog.educastur.es\/ixuxu\/2021\/06\/dia-internacional-de-la-sidra-2\/","title":{"rendered":"D\u00eda Internacional de la sidra"},"content":{"rendered":"<p><a href=\"https:\/\/imgbox.es\/images\/2021\/06\/03\/WhatsApp-Image-2021-06-03-at-09.16.595b5d5aa7a3ca9858.jpg\"><img loading=\"lazy\" decoding=\"async\" class=\"alignnone\" src=\"https:\/\/imgbox.es\/images\/2021\/06\/03\/WhatsApp-Image-2021-06-03-at-09.16.595b5d5aa7a3ca9858.jpg\" alt=\"\" width=\"296\" height=\"370\" \/><\/a>\/<a href=\"https:\/\/imgbox.es\/images\/2021\/06\/03\/escancia82f59e457a6d1105.jpg\"><img loading=\"lazy\" decoding=\"async\" class=\"alignnone\" src=\"https:\/\/imgbox.es\/images\/2021\/06\/03\/escancia82f59e457a6d1105.jpg\" alt=\"\" width=\"252\" height=\"370\" \/><\/a><\/p>\n<ul>\n<li><a href=\"https:\/\/afondo.lne.es\/bc\/dia-internacional-de-la-sidra.html\">LNE: D\u00eda de la sidra<\/a><\/li>\n<\/ul>\n<p>G\u00fcei, 3 de xunu, cel\u00e9brase en tol mundu&#8217;l <strong><span style=\"color: #008080\">D\u00eda Internacional de la Sidra<\/span><\/strong>. \u00bfPor qu\u00e9 esta fecha? Porque \u201csimboliza l&#8217;empiezu de la temporada de la sidra de mazana en tol mundu\u201d. Presumimos de tener una b\u00e9bora \u00fanico, calidable y con un gran valor cultural, que xenera riqueza y empl\u00e9u n\u00b4Asturies.<\/p>\n<p><!--more--><\/p>\n<p style=\"text-align: center\"><a href=\"https:\/\/otea.es\/wp-content\/uploads\/2021\/02\/sidra-dop.jpg\"><img loading=\"lazy\" decoding=\"async\" class=\"alignnone\" src=\"https:\/\/otea.es\/wp-content\/uploads\/2021\/02\/sidra-dop.jpg\" alt=\"\" width=\"321\" height=\"241\" \/><\/a><\/p>\n<p style=\"text-align: center\"><a href=\"https:\/\/www.sidraturismoasturias.es\/calendario-sidrero\/\"><img loading=\"lazy\" decoding=\"async\" class=\"alignnone\" src=\"https:\/\/www.sidraturismoasturias.es\/wp-content\/uploads\/2020\/12\/Logo-SIDRATURISMO-Asturias-horizontal-color.png\" alt=\"\" width=\"364\" height=\"107\" \/>Calendariu<\/a><\/p>\n<hr \/>\n<section class=\"elementor-section elementor-top-section elementor-element elementor-element-1455028 elementor-section-full_width elementor-section-content-top elementor-section-stretched elementor-section-height-default elementor-section-height-default\" data-id=\"1455028\" data-element_type=\"section\" data-settings=\"{&quot;stretch_section&quot;:&quot;section-stretched&quot;}\">\n<div class=\"elementor-container elementor-column-gap-default\">\n<div class=\"elementor-row\">\n<div class=\"elementor-column elementor-col-100 elementor-top-column elementor-element elementor-element-31f5636\" data-id=\"31f5636\" data-element_type=\"column\">\n<div class=\"elementor-column-wrap elementor-element-populated\">\n<div class=\"elementor-widget-wrap\">\n<div class=\"elementor-element elementor-element-6ff1dcc elementor-widget elementor-widget-heading\" data-id=\"6ff1dcc\" data-element_type=\"widget\" data-widget_type=\"heading.default\">\n<div class=\"elementor-widget-container\">\n<section class=\"elementor-section elementor-top-section elementor-element elementor-element-933f7d6 elementor-section-full_width elementor-section-content-top elementor-section-stretched elementor-section-height-default elementor-section-height-default\" data-id=\"933f7d6\" data-element_type=\"section\" data-settings=\"{&quot;stretch_section&quot;:&quot;section-stretched&quot;}\">\n<div class=\"elementor-container elementor-column-gap-default\">\n<div class=\"elementor-row\">\n<div class=\"elementor-column elementor-col-33 elementor-top-column elementor-element elementor-element-e402b2b\" data-id=\"e402b2b\" data-element_type=\"column\">\n<div class=\"elementor-column-wrap elementor-element-populated\">\n<div class=\"elementor-widget-wrap\">\n<div class=\"elementor-element elementor-element-11866d9 elementor-widget elementor-widget-heading\" data-id=\"11866d9\" data-element_type=\"widget\" data-widget_type=\"heading.default\">\n<div class=\"elementor-widget-container\">\n<h3 class=\"elementor-heading-title elementor-size-default\"><span style=\"color: #339966\">XINERU<\/span><\/h3>\n<\/div>\n<\/div>\n<div class=\"elementor-element elementor-element-33fcd2f elementor-align-center elementor-icon-list--layout-traditional elementor-list-item-link-full_width elementor-widget elementor-widget-icon-list\" data-id=\"33fcd2f\" data-element_type=\"widget\" data-widget_type=\"icon-list.default\">\n<div class=\"elementor-widget-container\">\n<ul class=\"elementor-icon-list-items\">\n<li class=\"elementor-icon-list-item\"><span class=\"elementor-icon-list-text\">POR DETERMINAR<\/span><\/li>\n<\/ul>\n<\/div>\n<\/div>\n<\/div>\n<\/div>\n<\/div>\n<div class=\"elementor-column elementor-col-33 elementor-top-column elementor-element elementor-element-3f83a54\" data-id=\"3f83a54\" data-element_type=\"column\">\n<div class=\"elementor-column-wrap elementor-element-populated\">\n<div class=\"elementor-widget-wrap\">\n<div class=\"elementor-element elementor-element-2408c4c elementor-widget elementor-widget-heading\" data-id=\"2408c4c\" data-element_type=\"widget\" data-widget_type=\"heading.default\">\n<div class=\"elementor-widget-container\">\n<h3 class=\"elementor-heading-title elementor-size-default\"><span style=\"color: #339966\">FEBRERU<\/span><\/h3>\n<\/div>\n<\/div>\n<div class=\"elementor-element elementor-element-f684195 elementor-align-center elementor-icon-list--layout-traditional elementor-list-item-link-full_width elementor-widget elementor-widget-icon-list\" data-id=\"f684195\" data-element_type=\"widget\" data-widget_type=\"icon-list.default\">\n<div class=\"elementor-widget-container\">\n<ul class=\"elementor-icon-list-items\">\n<li class=\"elementor-icon-list-item\"><i class=\"fas fa-user-edit\" aria-hidden=\"true\"><\/i> <span class=\"elementor-icon-list-text\">Curso de Poda de Invierno (Villaviciosa)<\/span><\/li>\n<li class=\"elementor-icon-list-item\"><i class=\"fas fa-icons\" aria-hidden=\"true\"><\/i> <span class=\"elementor-icon-list-text\">Comadres (Siero) &#8211; Jueves previo a Carnaval<\/span><\/li>\n<\/ul>\n<\/div>\n<\/div>\n<\/div>\n<\/div>\n<\/div>\n<div class=\"elementor-column elementor-col-33 elementor-top-column elementor-element elementor-element-91bd6c0\" data-id=\"91bd6c0\" data-element_type=\"column\">\n<div class=\"elementor-column-wrap elementor-element-populated\">\n<div class=\"elementor-widget-wrap\">\n<div class=\"elementor-element elementor-element-b115712 elementor-widget elementor-widget-heading\" data-id=\"b115712\" data-element_type=\"widget\" data-widget_type=\"heading.default\">\n<div class=\"elementor-widget-container\">\n<h3 class=\"elementor-heading-title elementor-size-default\"><span style=\"color: #339966\">MARZU<\/span><\/h3>\n<\/div>\n<\/div>\n<div class=\"elementor-element elementor-element-b543f92 elementor-align-center elementor-icon-list--layout-traditional elementor-list-item-link-full_width elementor-widget elementor-widget-icon-list\" data-id=\"b543f92\" data-element_type=\"widget\" data-widget_type=\"icon-list.default\">\n<div class=\"elementor-widget-container\">\n<ul class=\"elementor-icon-list-items\">\n<li class=\"elementor-icon-list-item\"><i class=\"fas fa-wine-bottle\" aria-hidden=\"true\"><\/i> <span class=\"elementor-icon-list-text\">Axunt\u00e1bense de la Sidra (Nava) &#8211; 19 de Marzo<\/span><\/li>\n<li class=\"elementor-icon-list-item\"><i class=\"fas fa-wine-bottle\" aria-hidden=\"true\"><\/i> <span class=\"elementor-icon-list-text\">Espicha San Jos\u00e9 (Llagar Arbes\u00fa, Siero) <\/span><\/li>\n<\/ul>\n<\/div>\n<\/div>\n<\/div>\n<\/div>\n<\/div>\n<\/div>\n<\/div>\n<\/section>\n<h3 class=\"elementor-heading-title elementor-size-default\"><span style=\"color: #339966\">ABRIL<\/span><\/h3>\n<\/div>\n<\/div>\n<div class=\"elementor-element elementor-element-d6a7aa5 elementor-align-center elementor-icon-list--layout-traditional elementor-list-item-link-full_width elementor-widget elementor-widget-icon-list\" data-id=\"d6a7aa5\" data-element_type=\"widget\" data-widget_type=\"icon-list.default\">\n<div class=\"elementor-widget-container\">\n<ul class=\"elementor-icon-list-items\">\n<li class=\"elementor-icon-list-item\"><i class=\"fas fa-wine-bottle\" aria-hidden=\"true\"><\/i> <span class=\"elementor-icon-list-text\">Primer Sidre l&#8217;a\u00f1u (Gij\u00f3n)<\/span><\/li>\n<li class=\"elementor-icon-list-item\"><i class=\"fas fa-icons\" aria-hidden=\"true\"><\/i> <span class=\"elementor-icon-list-text\">Comida en la Calle (Avil\u00e9s) &#8211; Lunes de Pascua<\/span><\/li>\n<li class=\"elementor-icon-list-item\"><i class=\"fas fa-icons\" aria-hidden=\"true\"><\/i> <span class=\"elementor-icon-list-text\">G\u00fcevos Pintos (Siero) &#8211; Martes de Pascua<\/span><\/li>\n<li class=\"elementor-icon-list-item\"><i class=\"fas fa-wine-bottle\" aria-hidden=\"true\"><\/i> <span class=\"elementor-icon-list-text\">Jornadas de la Sidra Natural de La Felguera<\/span><\/li>\n<li class=\"elementor-icon-list-item\"><i class=\"fas fa-wine-bottle\" aria-hidden=\"true\"><\/i> <span class=\"elementor-icon-list-text\">Espalma la Sidra (Siero)<\/span><\/li>\n<\/ul>\n<\/div>\n<\/div>\n<\/div>\n<\/div>\n<\/div>\n<div class=\"elementor-column elementor-col-100 elementor-top-column elementor-element elementor-element-98822b0\" data-id=\"98822b0\" data-element_type=\"column\">\n<div class=\"elementor-column-wrap elementor-element-populated\">\n<div class=\"elementor-widget-wrap\">\n<div class=\"elementor-element elementor-element-dc13fdf elementor-widget elementor-widget-heading\" data-id=\"dc13fdf\" data-element_type=\"widget\" data-widget_type=\"heading.default\">\n<div class=\"elementor-widget-container\">\n<h3 class=\"elementor-heading-title elementor-size-default\"><span style=\"color: #339966\">MAYU<\/span><\/h3>\n<\/div>\n<\/div>\n<div class=\"elementor-element elementor-element-c094916 elementor-align-center elementor-icon-list--layout-traditional elementor-list-item-link-full_width elementor-widget elementor-widget-icon-list\" data-id=\"c094916\" data-element_type=\"widget\" data-widget_type=\"icon-list.default\">\n<div class=\"elementor-widget-container\">\n<ul class=\"elementor-icon-list-items\">\n<li class=\"elementor-icon-list-item\"><i class=\"fas fa-wine-bottle\" aria-hidden=\"true\"><\/i> <span class=\"elementor-icon-list-text\">Fiesta de la Sidra (Tapia de Casariego)<\/span><\/li>\n<li class=\"elementor-icon-list-item\"><i class=\"fas fa-wine-bottle\" aria-hidden=\"true\"><\/i> <span class=\"elementor-icon-list-text\">Semana de la Floraci\u00f3n (Comarca de la Sidra) &#8211; Fin de semana m\u00e1s cercano al puente de mayo<\/span><\/li>\n<li class=\"elementor-icon-list-item\"><i class=\"fas fa-wine-bottle\" aria-hidden=\"true\"><\/i> <span class=\"elementor-icon-list-text\">Jornadas Gastron\u00f3micas de platos a la Sidra (Nava)<\/span><\/li>\n<li class=\"elementor-icon-list-item\"><i class=\"fas fa-award\" aria-hidden=\"true\"><\/i> <span class=\"elementor-icon-list-text\">Preba de Gascona (Oviedo)<\/span><\/li>\n<li class=\"elementor-icon-list-item\"><i class=\"fas fa-wine-bottle\" aria-hidden=\"true\"><\/i> <span class=\"elementor-icon-list-text\">Certamen de la Sidra de Sotrondio<\/span><\/li>\n<li class=\"elementor-icon-list-item\"><i class=\"fas fa-wine-bottle\" aria-hidden=\"true\"><\/i> <span class=\"elementor-icon-list-text\">El descorche (El Entrego)<\/span><\/li>\n<li class=\"elementor-icon-list-item\"><i class=\"fas fa-wine-bottle\" aria-hidden=\"true\"><\/i> <span class=\"elementor-icon-list-text\">Valdesoto con la Sidra (Siero)<\/span><\/li>\n<li class=\"elementor-icon-list-item\"><i class=\"fas fa-icons\" aria-hidden=\"true\"><\/i> <span class=\"elementor-icon-list-text\">Martes de Campo (Oviedo)<\/span><\/li>\n<\/ul>\n<\/div>\n<\/div>\n<\/div>\n<\/div>\n<\/div>\n<div class=\"elementor-column elementor-col-100 elementor-top-column elementor-element elementor-element-5eac1ae\" data-id=\"5eac1ae\" data-element_type=\"column\">\n<div class=\"elementor-column-wrap elementor-element-populated\">\n<div class=\"elementor-widget-wrap\">\n<div class=\"elementor-element elementor-element-9ccd3c0 elementor-widget elementor-widget-heading\" data-id=\"9ccd3c0\" data-element_type=\"widget\" data-widget_type=\"heading.default\">\n<div class=\"elementor-widget-container\">\n<h3 class=\"elementor-heading-title elementor-size-default\"><span style=\"color: #339966\">XUNU<\/span><\/h3>\n<\/div>\n<\/div>\n<div class=\"elementor-element elementor-element-dd6899e elementor-align-center elementor-icon-list--layout-traditional elementor-list-item-link-full_width elementor-widget elementor-widget-icon-list\" data-id=\"dd6899e\" data-element_type=\"widget\" data-widget_type=\"icon-list.default\">\n<div class=\"elementor-widget-container\">\n<ul class=\"elementor-icon-list-items\">\n<li class=\"elementor-icon-list-item\"><i class=\"far fa-calendar-alt\" aria-hidden=\"true\"><\/i> <span class=\"elementor-icon-list-text\">D\u00eda internacional de la Sidra &#8211; d\u00eda 3<\/span><\/li>\n<li class=\"elementor-icon-list-item\"><i class=\"fas fa-wine-bottle\" aria-hidden=\"true\"><\/i> <span class=\"elementor-icon-list-text\">Festival de la Sidra de Laviana<\/span><\/li>\n<li class=\"elementor-icon-list-item\"><i class=\"fas fa-wine-bottle\" aria-hidden=\"true\"><\/i> <span class=\"elementor-icon-list-text\">Xornada de la Sidra de Carbay\u00edn (Siero)<\/span><\/li>\n<li class=\"elementor-icon-list-item\"><i class=\"fas fa-wine-bottle\" aria-hidden=\"true\"><\/i> <span class=\"elementor-icon-list-text\">Folixa la Sidre de Ribeseya<\/span><\/li>\n<li class=\"elementor-icon-list-item\"><i class=\"fas fa-award\" aria-hidden=\"true\"><\/i> <span class=\"elementor-icon-list-text\">Concurso sidra casero del concejo de Siero<\/span><\/li>\n<li class=\"elementor-icon-list-item\"><i class=\"fas fa-award\" aria-hidden=\"true\"><\/i> <span class=\"elementor-icon-list-text\">Sal\u00f3n Sidra de Asturias<\/span><\/li>\n<\/ul>\n<section class=\"elementor-section elementor-top-section elementor-element elementor-element-79764bc elementor-section-full_width elementor-section-content-top elementor-section-stretched elementor-section-height-default elementor-section-height-default\" data-id=\"79764bc\" data-element_type=\"section\" data-settings=\"{&quot;stretch_section&quot;:&quot;section-stretched&quot;}\">\n<div class=\"elementor-container elementor-column-gap-default\">\n<div class=\"elementor-row\">\n<div class=\"elementor-column elementor-col-33 elementor-top-column elementor-element elementor-element-05597cf\" data-id=\"05597cf\" data-element_type=\"column\">\n<div class=\"elementor-column-wrap elementor-element-populated\">\n<div class=\"elementor-widget-wrap\">\n<div class=\"elementor-element elementor-element-f4b0cb8 elementor-widget elementor-widget-heading\" data-id=\"f4b0cb8\" data-element_type=\"widget\" data-widget_type=\"heading.default\">\n<div class=\"elementor-widget-container\">\n<h3 class=\"elementor-heading-title elementor-size-default\"><span style=\"color: #339966\">XUNETU<\/span><\/h3>\n<\/div>\n<\/div>\n<div class=\"elementor-element elementor-element-c2ca04c elementor-align-center elementor-icon-list--layout-traditional elementor-list-item-link-full_width elementor-widget elementor-widget-icon-list\" data-id=\"c2ca04c\" data-element_type=\"widget\" data-widget_type=\"icon-list.default\">\n<div class=\"elementor-widget-container\">\n<ul class=\"elementor-icon-list-items\">\n<li class=\"elementor-icon-list-item\"><i class=\"fas fa-award\" aria-hidden=\"true\"><\/i> <span class=\"elementor-icon-list-text\">Festival de la Sidra de Nava<\/span><\/li>\n<li class=\"elementor-icon-list-item\"><i class=\"fas fa-award\" aria-hidden=\"true\"><\/i> <span class=\"elementor-icon-list-text\">Concurso de Sidra casero del concejo de Gij\u00f3n<\/span><\/li>\n<li class=\"elementor-icon-list-item\"><i class=\"fas fa-award\" aria-hidden=\"true\"><\/i> <span class=\"elementor-icon-list-text\">Concurso de Sidra casero de Sariego<\/span><\/li>\n<li class=\"elementor-icon-list-item\"><i class=\"fas fa-wine-bottle\" aria-hidden=\"true\"><\/i> <span class=\"elementor-icon-list-text\">Fiesta de la Sidra casera de Quintes y Quintueles (Villaviciosa)<\/span><\/li>\n<li class=\"elementor-icon-list-item\"><i class=\"fas fa-icons\" aria-hidden=\"true\"><\/i> <span class=\"elementor-icon-list-text\">El Carm\u00edn (Siero)<\/span><\/li>\n<\/ul>\n<\/div>\n<\/div>\n<\/div>\n<\/div>\n<\/div>\n<div class=\"elementor-column elementor-col-33 elementor-top-column elementor-element elementor-element-b53c77a\" data-id=\"b53c77a\" data-element_type=\"column\">\n<div class=\"elementor-column-wrap elementor-element-populated\">\n<div class=\"elementor-widget-wrap\">\n<div class=\"elementor-element elementor-element-77ea403 elementor-widget elementor-widget-heading\" data-id=\"77ea403\" data-element_type=\"widget\" data-widget_type=\"heading.default\">\n<div class=\"elementor-widget-container\">\n<h3 class=\"elementor-heading-title elementor-size-default\"><span style=\"color: #339966\">AGOSTU<\/span><\/h3>\n<\/div>\n<\/div>\n<div class=\"elementor-element elementor-element-78851f5 elementor-align-center elementor-icon-list--layout-traditional elementor-list-item-link-full_width elementor-widget elementor-widget-icon-list\" data-id=\"78851f5\" data-element_type=\"widget\" data-widget_type=\"icon-list.default\">\n<div class=\"elementor-widget-container\">\n<ul class=\"elementor-icon-list-items\">\n<li class=\"elementor-icon-list-item\"><i class=\"fas fa-wine-bottle\" aria-hidden=\"true\"><\/i> <span class=\"elementor-icon-list-text\">Rally de la Sidra (Cand\u00e1s) &#8211; 1\u00ba viernes<\/span><\/li>\n<li class=\"elementor-icon-list-item\"><i class=\"fas fa-icons\" aria-hidden=\"true\"><\/i> <span class=\"elementor-icon-list-text\">Descenso del Internacional del Sella (Ribadesella) &#8211; 1\u00ba s\u00e1bado<\/span><\/li>\n<li class=\"elementor-icon-list-item\"><i class=\"fas fa-wine-bottle\" aria-hidden=\"true\"><\/i> <span class=\"elementor-icon-list-text\">Degustaci\u00f3n de Sidra casero de Carre\u00f1o, en Perlora &#8211; 1\u00ba domingo<\/span><\/li>\n<li class=\"elementor-icon-list-item\"><i class=\"fas fa-icons\" aria-hidden=\"true\"><\/i> <span class=\"elementor-icon-list-text\">El Xiring\u00fcelu (Pravia) &#8211; 1\u00ba domingo<\/span><\/li>\n<li class=\"elementor-icon-list-item\"><i class=\"fas fa-wine-bottle\" aria-hidden=\"true\"><\/i> <span class=\"elementor-icon-list-text\">Fiesta de la Sidra en Navia<\/span><\/li>\n<li class=\"elementor-icon-list-item\"><i class=\"fas fa-award\" aria-hidden=\"true\"><\/i> <span class=\"elementor-icon-list-text\">Concurso de Sidra casero de Villaviciosa &#8211; 3\u00ba domingo<\/span><\/li>\n<li class=\"elementor-icon-list-item\"><i class=\"fas fa-icons\" aria-hidden=\"true\"><\/i> <span class=\"elementor-icon-list-text\">San Timoteo (Luarca) &#8211; d\u00eda 22<\/span><\/li>\n<li class=\"elementor-icon-list-item\"><i class=\"fas fa-wine-bottle\" aria-hidden=\"true\"><\/i> <span class=\"elementor-icon-list-text\">Fiesta de la Sidra natural de Gij\u00f3n &#8211; \u00daltima semana<\/span><\/li>\n<\/ul>\n<\/div>\n<\/div>\n<\/div>\n<\/div>\n<\/div>\n<div class=\"elementor-column elementor-col-33 elementor-top-column elementor-element elementor-element-b183711\" data-id=\"b183711\" data-element_type=\"column\">\n<div class=\"elementor-column-wrap elementor-element-populated\">\n<div class=\"elementor-widget-wrap\">\n<div class=\"elementor-element elementor-element-550ef40 elementor-widget elementor-widget-heading\" data-id=\"550ef40\" data-element_type=\"widget\" data-widget_type=\"heading.default\">\n<div class=\"elementor-widget-container\">\n<h3 class=\"elementor-heading-title elementor-size-default\"><span style=\"color: #339966\">SETIEMBRE<\/span><\/h3>\n<\/div>\n<\/div>\n<div class=\"elementor-element elementor-element-4a7eff2 elementor-align-center elementor-icon-list--layout-traditional elementor-list-item-link-full_width elementor-widget elementor-widget-icon-list\" data-id=\"4a7eff2\" data-element_type=\"widget\" data-widget_type=\"icon-list.default\">\n<div class=\"elementor-widget-container\">\n<ul class=\"elementor-icon-list-items\">\n<li class=\"elementor-icon-list-item\"><i class=\"fas fa-award\" aria-hidden=\"true\"><\/i> <span class=\"elementor-icon-list-text\">Fiesta de la Sidra de Villaviciosa &#8211; 1\u00ba s\u00e1bado<\/span><\/li>\n<li class=\"elementor-icon-list-item\"><i class=\"fas fa-award\" aria-hidden=\"true\"><\/i> <span class=\"elementor-icon-list-text\">Concurso de Sidra Casero de Pilo\u00f1a (Infiesto) &#8211; 1\u00ba domingo<\/span><\/li>\n<li class=\"elementor-icon-list-item\"><i class=\"far fa-calendar-alt\" aria-hidden=\"true\"><\/i> <span class=\"elementor-icon-list-text\">D\u00eda de Asturias &#8211; d\u00eda 8<\/span><\/li>\n<li class=\"elementor-icon-list-item\"><i class=\"fas fa-award\" aria-hidden=\"true\"><\/i> <span class=\"elementor-icon-list-text\">Concurso Auton\u00f3mico de Sidra de Asturias (Villaviciosa) &#8211; Lunes Fiestas del Portal<\/span><\/li>\n<li class=\"elementor-icon-list-item\"><i class=\"fas fa-award\" aria-hidden=\"true\"><\/i> <span class=\"elementor-icon-list-text\">Concurso Sidra casero del concejo de Mieres<\/span><\/li>\n<li class=\"elementor-icon-list-item\"><i class=\"fas fa-award\" aria-hidden=\"true\"><\/i> <span class=\"elementor-icon-list-text\">Concurso de Sidra casero del concejo de Salas &#8211; 3\u00ba s\u00e1bado<\/span><\/li>\n<li class=\"elementor-icon-list-item\"><i class=\"fas fa-calendar-alt\" aria-hidden=\"true\"><\/i> <span class=\"elementor-icon-list-text\">D\u00eda Mundial del Turismo &#8211; d\u00eda 27<\/span><\/li>\n<li class=\"elementor-icon-list-item\"><i class=\"fas fa-award\" aria-hidden=\"true\"><\/i> <span class=\"elementor-icon-list-text\">Sal\u00f3n Internacional de Sidras de Gala SISGA (Gij\u00f3n)<\/span><\/li>\n<\/ul>\n<section class=\"elementor-section elementor-top-section elementor-element elementor-element-0927b1e elementor-section-full_width elementor-section-content-top elementor-section-stretched elementor-section-height-default elementor-section-height-default\" data-id=\"0927b1e\" data-element_type=\"section\" data-settings=\"{&quot;stretch_section&quot;:&quot;section-stretched&quot;}\">\n<div class=\"elementor-container elementor-column-gap-default\">\n<div class=\"elementor-row\">\n<div class=\"elementor-column elementor-col-33 elementor-top-column elementor-element elementor-element-8ff9dc2\" data-id=\"8ff9dc2\" data-element_type=\"column\">\n<div class=\"elementor-column-wrap elementor-element-populated\">\n<div class=\"elementor-widget-wrap\">\n<div class=\"elementor-element elementor-element-365c9c5 elementor-widget elementor-widget-heading\" data-id=\"365c9c5\" data-element_type=\"widget\" data-widget_type=\"heading.default\">\n<div class=\"elementor-widget-container\">\n<h3 class=\"elementor-heading-title elementor-size-default\"><span style=\"color: #339966\">OCHOBRE<\/span><\/h3>\n<\/div>\n<\/div>\n<div class=\"elementor-element elementor-element-feacf6f elementor-align-center elementor-icon-list--layout-traditional elementor-list-item-link-full_width elementor-widget elementor-widget-icon-list\" data-id=\"feacf6f\" data-element_type=\"widget\" data-widget_type=\"icon-list.default\">\n<div class=\"elementor-widget-container\">\n<ul class=\"elementor-icon-list-items\">\n<li class=\"elementor-icon-list-item\"><i class=\"fas fa-wine-bottle\" aria-hidden=\"true\"><\/i> <span class=\"elementor-icon-list-text\">Gij\u00f3n de Sidra &#8211; 1\u00ba y 2\u00ba semana<\/span><\/li>\n<li class=\"elementor-icon-list-item\"><i class=\"fas fa-award\" aria-hidden=\"true\"><\/i> <span class=\"elementor-icon-list-text\">Festival de la manzana (Villaviciosa) &#8211; Fin de semana, cercano al d\u00eda 12 (a\u00f1os impares)<\/span><\/li>\n<li class=\"elementor-icon-list-item\"><i class=\"fas fa-award\" aria-hidden=\"true\"><\/i> <span class=\"elementor-icon-list-text\">Seleici\u00f3n de la Meyor Sidre Caseru d&#8217;Asturies (Villaviciosa)<\/span><\/li>\n<li class=\"elementor-icon-list-item\"><i class=\"far fa-calendar-alt\" aria-hidden=\"true\"><\/i> <span class=\"elementor-icon-list-text\">D\u00eda Internacional de la Manzana &#8211; d\u00eda 21<\/span><\/li>\n<\/ul>\n<\/div>\n<\/div>\n<\/div>\n<\/div>\n<\/div>\n<div class=\"elementor-column elementor-col-33 elementor-top-column elementor-element elementor-element-9a88ebd\" data-id=\"9a88ebd\" data-element_type=\"column\">\n<div class=\"elementor-column-wrap elementor-element-populated\">\n<div class=\"elementor-widget-wrap\">\n<div class=\"elementor-element elementor-element-0609cfb elementor-widget elementor-widget-heading\" data-id=\"0609cfb\" data-element_type=\"widget\" data-widget_type=\"heading.default\">\n<div class=\"elementor-widget-container\">\n<h3 class=\"elementor-heading-title elementor-size-default\">PAYARES<\/h3>\n<\/div>\n<\/div>\n<div class=\"elementor-element elementor-element-daf5577 elementor-align-center elementor-icon-list--layout-traditional elementor-list-item-link-full_width elementor-widget elementor-widget-icon-list\" data-id=\"daf5577\" data-element_type=\"widget\" data-widget_type=\"icon-list.default\">\n<div class=\"elementor-widget-container\">\n<ul class=\"elementor-icon-list-items\">\n<li class=\"elementor-icon-list-item\"><i class=\"fas fa-wine-bottle\" aria-hidden=\"true\"><\/i> <span class=\"elementor-icon-list-text\">Fiesta de la Mayada y Sidra Dulce (Nore\u00f1a) &#8211; 1\u00ba domingo<\/span><\/li>\n<li class=\"elementor-icon-list-item\"><i class=\"fas fa-wine-bottle\" aria-hidden=\"true\"><\/i> <span class=\"elementor-icon-list-text\">Brindis con Sidra Natural Espumosa DOP (Parque Principado, Siero)<\/span><\/li>\n<\/ul>\n<\/div>\n<\/div>\n<\/div>\n<\/div>\n<\/div>\n<div class=\"elementor-column elementor-col-33 elementor-top-column elementor-element elementor-element-d0ccdf2\" data-id=\"d0ccdf2\" data-element_type=\"column\">\n<div class=\"elementor-column-wrap elementor-element-populated\">\n<div class=\"elementor-widget-wrap\">\n<div class=\"elementor-element elementor-element-c3aa797 elementor-widget elementor-widget-heading\" data-id=\"c3aa797\" data-element_type=\"widget\" data-widget_type=\"heading.default\">\n<div class=\"elementor-widget-container\">\n<h3 class=\"elementor-heading-title elementor-size-default\"><span style=\"color: #339966\">AVIENTU<\/span><\/h3>\n<\/div>\n<\/div>\n<div class=\"elementor-element elementor-element-322af07 elementor-align-center elementor-icon-list--layout-traditional elementor-list-item-link-full_width elementor-widget elementor-widget-icon-list\" data-id=\"322af07\" data-element_type=\"widget\" data-widget_type=\"icon-list.default\">\n<div class=\"elementor-widget-container\">\n<ul class=\"elementor-icon-list-items\">\n<li class=\"elementor-icon-list-item\"><i class=\"fas fa-wine-bottle\" aria-hidden=\"true\"><\/i> <span class=\"elementor-icon-list-text\">Campa\u00f1a de Navidad &#8211; Sidra de Asturias Espumosa<\/span><\/li>\n<\/ul>\n<\/div>\n<\/div>\n<\/div>\n<\/div>\n<\/div>\n<\/div>\n<\/div>\n<\/section>\n<hr \/>\n<\/div>\n<\/div>\n<\/div>\n<\/div>\n<\/div>\n<\/div>\n<\/div>\n<\/section>\n<\/div>\n<\/div>\n<\/div>\n<\/div>\n<\/div>\n<\/div>\n<\/div>\n<\/section>\n<div dir=\"auto\" style=\"text-align: center\">Impresionante colleici\u00f3n de corchos de sidre asturiano. Toos ellos de <a class=\"oajrlxb2 g5ia77u1 qu0x051f esr5mh6w e9989ue4 r7d6kgcz rq0escxv nhd2j8a9 nc684nl6 p7hjln8o kvgmc6g5 cxmmr5t8 oygrvhab hcukyx3x jb3vyjys rz4wbd8a qt6c0cv9 a8nywdso i1ao9s8h esuyzwwr f1sip0of lzcic4wl q66pz984 gpro0wi8 b1v8xokw\" role=\"link\" href=\"https:\/\/www.facebook.com\/Coem-Astur-1758779174355319\/?__cft__[0]=AZWRsrtBrs2qt-mRbJLLKnaGbQp56g_YK6HM1BjCdNet1-0JLcYzIUJClCFEq1q1db-y6APAoYa06qIR9ZG5mWGKi5ePLo8_3AtjJTGOVPPRoaDjkQfyeI1HsgnS9EqO4Xo7jDf0LDYmBAPfVk7j8i6jUZPEC2MEkWAKH4PgBs1XWpMEozoAKhCaGW7DJv8dgmQ&amp;__tn__=kK-R\"><span class=\"nc684nl6\">Coem Astur<\/span><\/a><\/div>\n<div dir=\"auto\" style=\"text-align: center\"><\/div>\n<div dir=\"auto\" style=\"text-align: center\"><a href=\"https:\/\/imgbox.es\/images\/2021\/06\/03\/corchuada4a2a5894012ef.jpg\"><img loading=\"lazy\" decoding=\"async\" class=\"alignnone\" src=\"https:\/\/imgbox.es\/images\/2021\/06\/03\/corchuada4a2a5894012ef.jpg\" alt=\"\" width=\"676\" height=\"902\" \/><\/a><\/div>\n","protected":false},"excerpt":{"rendered":"<p>\/ LNE: D\u00eda de la sidra G\u00fcei, 3 de xunu, cel\u00e9brase en tol mundu&#8217;l D\u00eda Internacional de la Sidra. \u00bfPor qu\u00e9 esta fecha? Porque \u201csimboliza l&#8217;empiezu de la temporada de la sidra de mazana en tol mundu\u201d. Presumimos de tener una b\u00e9bora \u00fanico, calidable y con un gran valor cultural, que xenera riqueza y empl\u00e9u [&hellip;]<\/p>\n","protected":false},"author":117,"featured_media":0,"comment_status":"open","ping_status":"open","sticky":false,"template":"","format":"standard","meta":{"footnotes":""},"categories":[6],"tags":[],"class_list":["post-6670","post","type-post","status-publish","format-standard","hentry","category-dia-de"],"_links":{"self":[{"href":"https:\/\/edublog.educastur.es\/ixuxu\/wp-json\/wp\/v2\/posts\/6670","targetHints":{"allow":["GET"]}}],"collection":[{"href":"https:\/\/edublog.educastur.es\/ixuxu\/wp-json\/wp\/v2\/posts"}],"about":[{"href":"https:\/\/edublog.educastur.es\/ixuxu\/wp-json\/wp\/v2\/types\/post"}],"author":[{"embeddable":true,"href":"https:\/\/edublog.educastur.es\/ixuxu\/wp-json\/wp\/v2\/users\/117"}],"replies":[{"embeddable":true,"href":"https:\/\/edublog.educastur.es\/ixuxu\/wp-json\/wp\/v2\/comments?post=6670"}],"version-history":[{"count":8,"href":"https:\/\/edublog.educastur.es\/ixuxu\/wp-json\/wp\/v2\/posts\/6670\/revisions"}],"predecessor-version":[{"id":6721,"href":"https:\/\/edublog.educastur.es\/ixuxu\/wp-json\/wp\/v2\/posts\/6670\/revisions\/6721"}],"wp:attachment":[{"href":"https:\/\/edublog.educastur.es\/ixuxu\/wp-json\/wp\/v2\/media?parent=6670"}],"wp:term":[{"taxonomy":"category","embeddable":true,"href":"https:\/\/edublog.educastur.es\/ixuxu\/wp-json\/wp\/v2\/categories?post=6670"},{"taxonomy":"post_tag","embeddable":true,"href":"https:\/\/edublog.educastur.es\/ixuxu\/wp-json\/wp\/v2\/tags?post=6670"}],"curies":[{"name":"wp","href":"https:\/\/api.w.org\/{rel}","templated":true}]}}