{"id":66700,"date":"2026-01-25T08:30:50","date_gmt":"2026-01-25T06:30:50","guid":{"rendered":"https:\/\/edublog.educastur.es\/ixuxu\/?p=66700"},"modified":"2026-01-25T17:19:56","modified_gmt":"2026-01-25T15:19:56","slug":"el-tiempu-el-comercio-244","status":"publish","type":"post","link":"https:\/\/edublog.educastur.es\/ixuxu\/2026\/01\/el-tiempu-el-comercio-244\/","title":{"rendered":"El tiempu (El Comercio)"},"content":{"rendered":"<p style=\"text-align: center\"><a href=\"https:\/\/s3.ppllstatics.com\/elcomercio\/www\/multimedia\/2026\/01\/24\/prevision-tiempo-asturias-kx0E-U2302588077118HVD-1200x870@El%20Comercio.jpg\"><img loading=\"lazy\" decoding=\"async\" class=\"aligncenter size-large\" src=\"https:\/\/s3.ppllstatics.com\/elcomercio\/www\/multimedia\/2026\/01\/24\/prevision-tiempo-asturias-kx0E-U2302588077118HVD-1200x870@El%20Comercio.jpg\" width=\"1200\" height=\"870\" \/><\/a><\/p>\n<p>esperamos una d\u00eda meteorol\u00f3Xicamente bien activu. Tol Princip\u00e1u va tar baxu avisu por vientos y por foles nel casu de la mari\u00f1a. Lo m\u00e1s destacao va ser l&#8217;aguaxe que va consiguir activar l&#8217;avisu color\u00e1u n&#8217;Asturies. Hasta&#8217;l mediud\u00eda va tar activ\u00e1u l&#8217;avisu naranxa por foles que podr\u00eden algamar los 5-7 metros d&#8217;altor. A partir de les 12:00 hores l&#8217;avisu va pasar a nivel color\u00e1u tantu na mari\u00f1a occidental como na oriental por foles d&#8217;hasta 8-10 metros d&#8217;altor. Esti avisu color\u00e1u va enllargase hasta les 22 hores pudiendo ser el peor momentu ente les 15 y les 18 hores de la tarde.<\/p>\n<p><!--more--><\/p>\n<p>A partir de les 10 de la nueche l&#8217;avisu volver\u00e1 ser de nivel naranxa por foles d&#8217;hasta 7 metros. Am\u00e1s, toa Asturies va tar con avisu mariellu por vientos d&#8217;oeste fuertes que podr\u00eden algamar los 90 km\/h. Asina tou, ye importante destacar que dellos modelos meteorol\u00f3xicos preven que puedan llegase a algamar los 110 o 115 km\/h en dellos puntos de la mari\u00f1a como nel Cabu Pe\u00f1es. Tami\u00e9n en zones altes de Picos d&#8217;Europa podr\u00eden superar los 100 km\/h.<\/p>\n<p>Tocantes a les temperatures, les m\u00e1ximes van xubir de forma xeneralizada ente 2 y 3 \u00baC, ente que les m\u00ednimes van facelo de forma m\u00e1s significativa pudiendo xubir hasta 4 \u00baC m\u00e1s que&#8217;l s\u00e1badu. Los cielos polo xeneral van tar nublos con posibilid\u00e1 de bastios mientres el d\u00eda que van tender a unviar a la fin.<\/p>\n","protected":false},"excerpt":{"rendered":"<p>esperamos una d\u00eda meteorol\u00f3Xicamente bien activu. Tol Princip\u00e1u va tar baxu avisu por vientos y por foles nel casu de la mari\u00f1a. Lo m\u00e1s destacao va ser l&#8217;aguaxe que va consiguir activar l&#8217;avisu color\u00e1u n&#8217;Asturies. Hasta&#8217;l mediud\u00eda va tar activ\u00e1u l&#8217;avisu naranxa por foles que podr\u00eden algamar los 5-7 metros d&#8217;altor. A partir de les [&hellip;]<\/p>\n","protected":false},"author":117,"featured_media":0,"comment_status":"closed","ping_status":"closed","sticky":false,"template":"","format":"standard","meta":{"footnotes":""},"categories":[5],"tags":[],"class_list":["post-66700","post","type-post","status-publish","format-standard","hentry","category-tiempu"],"_links":{"self":[{"href":"https:\/\/edublog.educastur.es\/ixuxu\/wp-json\/wp\/v2\/posts\/66700","targetHints":{"allow":["GET"]}}],"collection":[{"href":"https:\/\/edublog.educastur.es\/ixuxu\/wp-json\/wp\/v2\/posts"}],"about":[{"href":"https:\/\/edublog.educastur.es\/ixuxu\/wp-json\/wp\/v2\/types\/post"}],"author":[{"embeddable":true,"href":"https:\/\/edublog.educastur.es\/ixuxu\/wp-json\/wp\/v2\/users\/117"}],"replies":[{"embeddable":true,"href":"https:\/\/edublog.educastur.es\/ixuxu\/wp-json\/wp\/v2\/comments?post=66700"}],"version-history":[{"count":1,"href":"https:\/\/edublog.educastur.es\/ixuxu\/wp-json\/wp\/v2\/posts\/66700\/revisions"}],"predecessor-version":[{"id":66701,"href":"https:\/\/edublog.educastur.es\/ixuxu\/wp-json\/wp\/v2\/posts\/66700\/revisions\/66701"}],"wp:attachment":[{"href":"https:\/\/edublog.educastur.es\/ixuxu\/wp-json\/wp\/v2\/media?parent=66700"}],"wp:term":[{"taxonomy":"category","embeddable":true,"href":"https:\/\/edublog.educastur.es\/ixuxu\/wp-json\/wp\/v2\/categories?post=66700"},{"taxonomy":"post_tag","embeddable":true,"href":"https:\/\/edublog.educastur.es\/ixuxu\/wp-json\/wp\/v2\/tags?post=66700"}],"curies":[{"name":"wp","href":"https:\/\/api.w.org\/{rel}","templated":true}]}}