{"id":66714,"date":"2026-01-25T17:55:21","date_gmt":"2026-01-25T15:55:21","guid":{"rendered":"https:\/\/edublog.educastur.es\/ixuxu\/?p=66714"},"modified":"2026-01-25T22:16:39","modified_gmt":"2026-01-25T20:16:39","slug":"asturies-va-protagonizar-nel-2027-el-showcase-scotland-del-festival-celtic-connections","status":"publish","type":"post","link":"https:\/\/edublog.educastur.es\/ixuxu\/2026\/01\/asturies-va-protagonizar-nel-2027-el-showcase-scotland-del-festival-celtic-connections\/","title":{"rendered":"Asturies va protagonizar nel 2027 el Showcase Scotland del festival Celtic Connections"},"content":{"rendered":"<p>La Conseyer\u00eda de Cultura va esplegar programaci\u00f3n propia, un estand institucional y una delegaci\u00f3n art\u00edstica en collaboraci\u00f3n cola direcci\u00f3n del festival. La conseyera anunci\u00f3 la participaci\u00f3n institucional dende Glasgow, <strong>nun actu acompa\u00f1\u00e1u pola actuaci\u00f3n de los m\u00fasicos Rub\u00e9n Bada y Pep\u00edn de Mu\u00f1al\u00e9n.<\/strong> La iniciativa afita l\u2019apuesta del Gobiernu d\u2019Asturies pola industria musical, la profesionalizaci\u00f3n del sector y la protecci\u00f3n del patrimoniu cultural compart\u00edu. <a href=\"https:\/\/actualidad.asturias.es\/-\/asturias-protagonizar%C3%A1-en-2027-el-showcase-scotland-del-festival-celtic-connections-el-principal-encuentro-profesional-de-m%C3%BAsica-folk?redirect=%2F\">Actualid\u00e1<\/a><\/p>\n<p style=\"text-align: center\"><a href=\"https:\/\/actualidad.asturias.es\/documents\/537115\/3042045\/2026_01_25+Consejera+Cultura+festival+Glasgow+2.jpeg\/c113b1bb-93cc-e1c9-c269-647369bb5cc3?t=1769356870881\"><img loading=\"lazy\" decoding=\"async\" class=\"aligncenter \" src=\"https:\/\/actualidad.asturias.es\/documents\/537115\/3042045\/2026_01_25+Consejera+Cultura+festival+Glasgow+2.jpeg\/c113b1bb-93cc-e1c9-c269-647369bb5cc3?t=1769356870881\" width=\"440\" height=\"330\" \/><\/a><\/p>\n<p><!--more--><\/p>\n<p>La conseyera de Cultura, Pol\u00edtica Lling\u00fc\u00edstica y Deporte, Vanessa Guti\u00e9rrez, anunci\u00f3 g\u00fcei en Glasgow que&#8217;l <strong>Princip\u00e1u d&#8217;Asturies va ser el pa\u00eds convid\u00e1u<\/strong> na edici\u00f3n del 2027 del Showcase Scotland, <strong>el principal alcuentru profesional de m\u00fasica folk y de ra\u00edz que se celebra a\u00f1almente na ciud\u00e1 escocesa<\/strong> dientro del prestixosu festival Celtic Connections, una de les grandes cites internacionales de la m\u00fasica celta.<\/p>\n<p style=\"text-align: center\"><a href=\"https:\/\/actualidad.asturias.es\/documents\/537115\/3042045\/2026_01_25+Consejera+Cultura+festival+Glasgow+1.jpeg\/1b8e8ec5-e72d-df61-b883-bd48759fc64c?t=1769356870705\"><img loading=\"lazy\" decoding=\"async\" class=\"aligncenter \" src=\"https:\/\/actualidad.asturias.es\/documents\/537115\/3042045\/2026_01_25+Consejera+Cultura+festival+Glasgow+1.jpeg\/1b8e8ec5-e72d-df61-b883-bd48759fc64c?t=1769356870705\" width=\"429\" height=\"312\" \/><\/a><\/p>\n<p>L&#8217;asistencia d&#8217;Asturies como pa\u00eds invit\u00e1u va suponer una presencia institucional reforciada, con estand propiu, la participaci\u00f3n de seis grupos nel Showcase del festival y la presentaci\u00f3n de les promotores musicales asturianes na muestra profesional, am\u00e1s d&#8217;una presencia destacada dientro de l&#8217;amplia programaci\u00f3n que dinamiza la vida cultural escocesa con cientos de conciertos mientres la celebraci\u00f3n del alcuentru. La conseyer\u00eda va proponer les formaciones que van integrar esta delegaci\u00f3n art\u00edstica, correspondiendo la selecci\u00f3n final a la direcci\u00f3n del Celtic Connections, acordies colos criterios art\u00edsticos y de programaci\u00f3n del festival.<\/p>\n<p>Vanessa Guti\u00e9rrez recoy\u00f3 esti mediud\u00eda&#8217;l testigu de Quebec, la naci\u00f3n convidada na edici\u00f3n actual, nun actu institucional que cunt\u00f3 cola actuaci\u00f3n de los m\u00fasicos asturianos Rub\u00e9n Bada y Pep\u00edn de Mu\u00f1al\u00e9n. Mientres la so intervenci\u00f3n, la conseyera sorray\u00f3&#8217;l valor de les lling\u00fces propies, la creaci\u00f3n cultural como espresi\u00f3n de comunid\u00e1 y la necesid\u00e1 de protexer el patrimoniu inmaterial y los derechos lling\u00fc\u00edsticos, en coherencia colos principios qu&#8217;inspiren el festival: \u201cXeneraci\u00f3n a xeneraci\u00f3n, a lo llargo de los sieglos, fuimos escribiendo la nuestra propia historia, espres\u00e1ndonos nesta vieya llingua milenaria, angua\u00f1o minorizada, na que-yos toi falando agora. Con ella, y colos meyores recursos que nos dio la nuestra tierra, los sos habitantes, fuimos texendo comunitariamente una gran cultura d&#8217;enorme riqueza\u201d.<\/p>\n<p>Guti\u00e9rrez, qu&#8217;estos d\u00edes tami\u00e9n tuvo alcuentros con responsables d&#8217;instituciones encargaes del espardimientu de lling\u00fces minorizadas como&#8217;l ga\u00e9licu escoc\u00e9s y el gal\u00e9s, punxo l&#8217;acentu nes ra\u00edces celtes compart\u00edes polos pa\u00edses que participen nel Celtic Connections, un leg\u00e1u com\u00fan que s&#8217;espresa al travi\u00e9s de la m\u00fasica, la oralid\u00e1, les lling\u00fces minorizaes y una concepci\u00f3n abierta y dialogante de la cultura: \u201cTradici\u00f3n, diversid\u00e1 y di\u00e1logu cultural danse la mano nesti alcuentru, que comparte con n\u00f3s el raiga\u00f1u d\u2019una identid\u00e1 marcada y una vocaci\u00f3n d\u2019apertura qu&#8217;ampl\u00eda ensin ll\u00edmites los nuestros horizontes\u201d.<\/p>\n<p>La conseyera record\u00f3 coles mesmes la llarga trayectoria d&#8217;artistes asturianos nesti festival, una presencia sostenida mientres d\u00e9cades qu&#8217;agora recibe&#8217;l respaldu institucional del Gobiernu d&#8217;Asturies: \u201cLos y les artistes asturianes lleven munchos a\u00f1os apostando la vida, el bagaxe y el talentu pol espardimientu de la nuestra cultura, compartiendo l\u2019alma del nuestru pueblu con dalgunos de los meyores artistes del mundu\u201d.<\/p>\n<p>La Conseyer\u00eda de Cultura, Pol\u00edtica Lling\u00fc\u00edstica y Deporte avanz\u00f3 qu&#8217;a lo llargo d&#8217;esti a\u00f1u va iguase la propuesta art\u00edstica y la programaci\u00f3n concreta que se va esplegar na edici\u00f3n del 2027, en coordinaci\u00f3n cola organizaci\u00f3n del festival y col sector musical asturianu, coles mires d&#8217;ufiertar una muestra representativa de la diversid\u00e1, calid\u00e1 y vitalid\u00e1 de la creaci\u00f3n contempor\u00e1nea vinculada a la tradici\u00f3n.<\/p>\n<p>Nel marcu d&#8217;esta participaci\u00f3n, surdida frutu de les rellaciones trabaes na muestra profesional M\u00fasica en Rede que dende 2024 organiza la Conseyer\u00eda la Cultura, la marca d&#8217;Asturies va apaecer en tol material promocional oficial del Showcase Scotland. La programaci\u00f3n como pa\u00eds invit\u00e1u fai posible tami\u00e9n la distribuci\u00f3n de material informativo y promocional sobre&#8217;l trabayu de los promotores, festivales y artistes asturianos na presentaci\u00f3n principal del eventu, un espaciu d&#8217;especial relevancia pal espardimientu de proyectos, circuitos y pol\u00edtiques culturales \u00e9nte profesionales del sector de tol mundu. Am\u00e1s de la cultura tradicional, el Princip\u00e1u va promocionar nesta cita la gastronom\u00eda y la cultura sidrera asturiana, declarada patrimoniu cultural inmaterial de la humanid\u00e1.<\/p>\n<p>&nbsp;<\/p>\n<p><strong>Festival Celtic Connections en Glasgow<\/strong><\/p>\n<p>El festival cel\u00e9brase en Glasgow, reconocida pola UNESCO como Ciud\u00e1 de la M\u00fasica, un distintivu que respuende al so compromisu cola creaci\u00f3n, la diversid\u00e1 cultural y la protecci\u00f3n del patrimoniu musical como elementu central de progresu y dinamismu. El Celtic Connections axunta cada a\u00f1u a m\u00e1s de 1.000 artistes nuna programaci\u00f3n que s&#8217;estiende a lo llargo de cientos d&#8217;actividaes y qu&#8217;atr\u00e1i de forma sostenida a m\u00e1s de 100.000 espectadores.<\/p>\n<p>La participaci\u00f3n institucional del Princip\u00e1u nel Celtic Connections enm\u00e1rcase na estratexa d\u2019apoyu a la industria musical asturiana y a la so profesionalizaci\u00f3n y internacionalizaci\u00f3n, con especial atenci\u00f3n a la m\u00fasica folk y tradicional, y s\u00famase a otres pol\u00edtiques impulsaes pola conseyer\u00eda, como les ayudes a empreses culturales, les llinies espec\u00edfiques nueves pa la cultura tradicional y les escueles de m\u00fasica tradicional, el sofitu a festivales y eventos singulares nel mediu rural o la collaboraci\u00f3n con grandes cites internacionales como&#8217;l Festival Interc\u00e9lticu de Lorient.<\/p>\n<p style=\"text-align: center\"><a href=\"https:\/\/actualidad.asturias.es\/documents\/537115\/3042045\/2026_01_25+Consejera+Cultura+festival+Glasgow+7.jpeg\/88aaccaa-6e8a-5a82-e300-60bc8c58a97f?t=1769366073388\"><img loading=\"lazy\" decoding=\"async\" class=\"aligncenter size-large\" src=\"https:\/\/actualidad.asturias.es\/documents\/537115\/3042045\/2026_01_25+Consejera+Cultura+festival+Glasgow+7.jpeg\/88aaccaa-6e8a-5a82-e300-60bc8c58a97f?t=1769366073388\" width=\"3024\" height=\"4032\" \/><\/a><\/p>\n<p>&nbsp;<\/p>\n","protected":false},"excerpt":{"rendered":"<p>La Conseyer\u00eda de Cultura va esplegar programaci\u00f3n propia, un estand institucional y una delegaci\u00f3n art\u00edstica en collaboraci\u00f3n cola direcci\u00f3n del festival. La conseyera anunci\u00f3 la participaci\u00f3n institucional dende Glasgow, nun actu acompa\u00f1\u00e1u pola actuaci\u00f3n de los m\u00fasicos Rub\u00e9n Bada y Pep\u00edn de Mu\u00f1al\u00e9n. La iniciativa afita l\u2019apuesta del Gobiernu d\u2019Asturies pola industria musical, la profesionalizaci\u00f3n [&hellip;]<\/p>\n","protected":false},"author":117,"featured_media":0,"comment_status":"closed","ping_status":"closed","sticky":false,"template":"","format":"standard","meta":{"footnotes":""},"categories":[204,35],"tags":[],"class_list":["post-66714","post","type-post","status-publish","format-standard","hentry","category-festivales","category-musica"],"_links":{"self":[{"href":"https:\/\/edublog.educastur.es\/ixuxu\/wp-json\/wp\/v2\/posts\/66714","targetHints":{"allow":["GET"]}}],"collection":[{"href":"https:\/\/edublog.educastur.es\/ixuxu\/wp-json\/wp\/v2\/posts"}],"about":[{"href":"https:\/\/edublog.educastur.es\/ixuxu\/wp-json\/wp\/v2\/types\/post"}],"author":[{"embeddable":true,"href":"https:\/\/edublog.educastur.es\/ixuxu\/wp-json\/wp\/v2\/users\/117"}],"replies":[{"embeddable":true,"href":"https:\/\/edublog.educastur.es\/ixuxu\/wp-json\/wp\/v2\/comments?post=66714"}],"version-history":[{"count":2,"href":"https:\/\/edublog.educastur.es\/ixuxu\/wp-json\/wp\/v2\/posts\/66714\/revisions"}],"predecessor-version":[{"id":66716,"href":"https:\/\/edublog.educastur.es\/ixuxu\/wp-json\/wp\/v2\/posts\/66714\/revisions\/66716"}],"wp:attachment":[{"href":"https:\/\/edublog.educastur.es\/ixuxu\/wp-json\/wp\/v2\/media?parent=66714"}],"wp:term":[{"taxonomy":"category","embeddable":true,"href":"https:\/\/edublog.educastur.es\/ixuxu\/wp-json\/wp\/v2\/categories?post=66714"},{"taxonomy":"post_tag","embeddable":true,"href":"https:\/\/edublog.educastur.es\/ixuxu\/wp-json\/wp\/v2\/tags?post=66714"}],"curies":[{"name":"wp","href":"https:\/\/api.w.org\/{rel}","templated":true}]}}