{"id":66719,"date":"2026-01-26T08:30:04","date_gmt":"2026-01-26T06:30:04","guid":{"rendered":"https:\/\/edublog.educastur.es\/ixuxu\/?p=66719"},"modified":"2026-01-26T09:58:36","modified_gmt":"2026-01-26T07:58:36","slug":"el-tiempu-el-comercio-245","status":"publish","type":"post","link":"https:\/\/edublog.educastur.es\/ixuxu\/2026\/01\/el-tiempu-el-comercio-245\/","title":{"rendered":"El tiempu (El Comercio)"},"content":{"rendered":"<p style=\"text-align: center\"><a href=\"https:\/\/s1.ppllstatics.com\/elcomercio\/www\/multimedia\/2026\/01\/25\/prevision-tiempo-asturias-kD7-U2302588077118HVD-1200x870@El%20Comercio.jpg\"><img loading=\"lazy\" decoding=\"async\" class=\"aligncenter size-large\" src=\"https:\/\/s1.ppllstatics.com\/elcomercio\/www\/multimedia\/2026\/01\/25\/prevision-tiempo-asturias-kD7-U2302588077118HVD-1200x870@El%20Comercio.jpg\" width=\"1200\" height=\"870\" \/><\/a><\/p>\n<p>Vamos empezar la selmana con una xornada na que los vientos de suroeste van consiguir xubir les temperatures. <strong>Les m\u00e1ximes<\/strong> van xubir hasta 8 \u00baC nel occidente, y hasta 5 o 6 \u00baC nel restu de la rex\u00f3n. <strong>Les m\u00ednimes<\/strong> van xubir nam\u00e1 nos estremos del Princip\u00e1u, calteni\u00e9ndose ensin cambeos importantes nel restu d&#8217;Asturies. <strong>Los vientos<\/strong> van soplar de suroeste con raches moderaes y con posibilid\u00e1 de que puedan ser fuertes sobremanera mientres la segunda parte del d\u00eda. va activase l&#8217;avisu mariellu nel cordal a partir de les 18:00 hores por raches que podr\u00eden llegar a los 90 km\/h.<\/p>\n<p><!--more--><\/p>\n<p><strong>Na madrugada del llunes al martes<\/strong> los modelos meteorol\u00f3xiques indiquen la posibilid\u00e1 de que puedan rexistrase raches d&#8217;hasta 130 o 140 km\/h en Picos d&#8217;Europa. Tami\u00e9n el llunes quepe destacar l&#8217;avisu mariellu na mar por foles d&#8217;hasta 5 metros d&#8217;altor. En cuanto al <strong>est\u00e1u de los cielos<\/strong>, va predominar la nubosidad con precipitaciones pela ma\u00f1ana que van tender a unviar salvu nel occidente y nel sur asturianu onde podr\u00eden ser probables a lo llargo del llunes.<\/p>\n<p><strong>El martes<\/strong> tami\u00e9n s&#8217;espera cierta nubosidad acompa\u00f1ada de fuertes vientos de suroeste-oeste y unes temperatures similares sacantes les m\u00ednimes que van xubir.<\/p>\n","protected":false},"excerpt":{"rendered":"<p>Vamos empezar la selmana con una xornada na que los vientos de suroeste van consiguir xubir les temperatures. Les m\u00e1ximes van xubir hasta 8 \u00baC nel occidente, y hasta 5 o 6 \u00baC nel restu de la rex\u00f3n. Les m\u00ednimes van xubir nam\u00e1 nos estremos del Princip\u00e1u, calteni\u00e9ndose ensin cambeos importantes nel restu d&#8217;Asturies. Los [&hellip;]<\/p>\n","protected":false},"author":117,"featured_media":0,"comment_status":"closed","ping_status":"closed","sticky":false,"template":"","format":"standard","meta":{"footnotes":""},"categories":[5],"tags":[],"class_list":["post-66719","post","type-post","status-publish","format-standard","hentry","category-tiempu"],"_links":{"self":[{"href":"https:\/\/edublog.educastur.es\/ixuxu\/wp-json\/wp\/v2\/posts\/66719","targetHints":{"allow":["GET"]}}],"collection":[{"href":"https:\/\/edublog.educastur.es\/ixuxu\/wp-json\/wp\/v2\/posts"}],"about":[{"href":"https:\/\/edublog.educastur.es\/ixuxu\/wp-json\/wp\/v2\/types\/post"}],"author":[{"embeddable":true,"href":"https:\/\/edublog.educastur.es\/ixuxu\/wp-json\/wp\/v2\/users\/117"}],"replies":[{"embeddable":true,"href":"https:\/\/edublog.educastur.es\/ixuxu\/wp-json\/wp\/v2\/comments?post=66719"}],"version-history":[{"count":2,"href":"https:\/\/edublog.educastur.es\/ixuxu\/wp-json\/wp\/v2\/posts\/66719\/revisions"}],"predecessor-version":[{"id":66721,"href":"https:\/\/edublog.educastur.es\/ixuxu\/wp-json\/wp\/v2\/posts\/66719\/revisions\/66721"}],"wp:attachment":[{"href":"https:\/\/edublog.educastur.es\/ixuxu\/wp-json\/wp\/v2\/media?parent=66719"}],"wp:term":[{"taxonomy":"category","embeddable":true,"href":"https:\/\/edublog.educastur.es\/ixuxu\/wp-json\/wp\/v2\/categories?post=66719"},{"taxonomy":"post_tag","embeddable":true,"href":"https:\/\/edublog.educastur.es\/ixuxu\/wp-json\/wp\/v2\/tags?post=66719"}],"curies":[{"name":"wp","href":"https:\/\/api.w.org\/{rel}","templated":true}]}}