{"id":66728,"date":"2026-01-26T09:00:00","date_gmt":"2026-01-26T07:00:00","guid":{"rendered":"https:\/\/edublog.educastur.es\/ixuxu\/?p=66728"},"modified":"2026-01-26T20:01:14","modified_gmt":"2026-01-26T18:01:14","slug":"dia-mundial-de-la-educacion-ambiental-5","status":"publish","type":"post","link":"https:\/\/edublog.educastur.es\/ixuxu\/2026\/01\/dia-mundial-de-la-educacion-ambiental-5\/","title":{"rendered":"D\u00eda Mundial de la Educaci\u00f3n Ambiental"},"content":{"rendered":"<p style=\"text-align: center\"><span class=\"x193iq5w xeuugli x13faqbe x1vvkbs xt0psk2 x1i0vuye xvs91rp xo1l8bm x5n08af x10wh9bi xpm28yp x8viiok x1o7cslx x126k92a\"><span class=\"html-span xexx8yu x4uap5 x18d9i69 xkhd6sd x1hl2dhg x16tdsg8 x1vvkbs x3nfvp2 x1j61x8r x1fcty0u xdj266r xat24cr xgzva0m xhhsvwb xxymvpz xlup9mm x1kky2od\">\n<!-- iframe plugin v.6.0 wordpress.org\/plugins\/iframe\/ -->\n<iframe loading=\"lazy\" src=\"https:\/\/www.instagram.com\/reel\/DT99lcZDNkl\/embed\" width=\"460\" height=\"655\" 0=\"\/iframe\" scrolling=\"yes\" class=\"iframe-class\" frameborder=\"0\"><\/iframe>\n<\/span><\/span><\/p>\n<p>La educaci\u00f3n ambiental marca&#8217;l cam\u00edn escontra una socied\u00e1 m\u00e1s consciente y comprometida. \ud83c\udf31 L&#8217;aprendizaxe impulsa decisiones responsables para protexer la redolada. \ud83c\udf0d Construyir el futuru empieza g\u00fcei. Conmem\u00f3rase a\u00f1almente&#8217;l 26 de xineru buscando \u00abespertar la conciencia de les persones sobro los problemes ambientales, lo que-yos dexa ser identificaos tantu a nivel mundial como local\u00bb.\u200b\u200b .<a class=\"x1i10hfl xjbqb8w x1ejq31n x18oe1m7 x1sy0etr xstzfhl x972fbf x10w94by x1qhh985 x14e42zd x9f619 x1ypdohk xt0psk2 x3ct3a4 xdj266r x14z9mp xat24cr x1lziwak xexx8yu xyri2b x18d9i69 x1c1uobl x16tdsg8 x1hl2dhg xggy1nq x1a2a7pz _aa9_ _a6hd\" role=\"link\" href=\"https:\/\/www.instagram.com\/explore\/tags\/d%C3%ADamundialdelaeducaci%C3%B3nambiental\/\">#D\u00edaMundialdelaEducaci\u00f3nAmbiental<\/a><\/p>\n<p style=\"text-align: center\"><!--more--><\/p>\n<p style=\"text-align: center\"><a href=\"https:\/\/medambiental.uca.es\/wp-content\/uploads\/2020\/01\/dia_mund_ed_amb.jpeg\"><img loading=\"lazy\" decoding=\"async\" class=\"aligncenter \" src=\"https:\/\/medambiental.uca.es\/wp-content\/uploads\/2020\/01\/dia_mund_ed_amb.jpeg\" width=\"696\" height=\"696\" \/><\/a><\/p>\n<p style=\"text-align: left\">Tien el so orixe en 1975, a\u00f1u en que se celebr\u00f3 en Belgrado, el Seminariu Internacional d&#8217;Educaci\u00f3n Ambiental. En dichu eventu establecieron<strong> los principios de la educaci\u00f3n ambiental<\/strong> nel marcu de los programes de les Naciones Xun\u00edes. Am\u00e1s, public\u00f3se la Carta de Belgrado, na cual afig\u00farense los oxetivos fundamentales de la educaci\u00f3n ambiental a nivel mundial.<\/p>\n<p><span style=\"text-decoration: underline\"><span style=\"color: #008080;text-decoration: underline\"><strong>Principios fundamentales de la Educaci\u00f3n Ambiental:<\/strong><\/span><\/span><\/p>\n<ul>\n<li><span style=\"color: #008080\"><em><strong>Enfoque hol\u00edstico ya interdisciplinariu<\/strong>: Considerar el mediu ambiente na so totalid\u00e1, tomando aspeutos sociales, pol\u00edticos, econ\u00f3micos y ecol\u00f3xicos.<\/em><\/span><\/li>\n<li><span style=\"color: #008080\"><em><strong>Conciencia y sensibilid\u00e1<\/strong>: Fomentar la sensibilid\u00e1 \u00e9nte les problem\u00e1tiques ambientales globales y locales.<\/em><\/span><\/li>\n<li><span style=\"color: #008080\"><em><strong>Visi\u00f3n al llargu plazu<\/strong>: Enfocase na sostenibilid\u00e1 y el cuidu de los recursos pa les futures xeneraciones.<\/em><\/span><\/li>\n<li><span style=\"color: #008080\"><em><strong>Participaci\u00f3n y acci\u00f3n<\/strong>: Motivar a los individuos a comprometese viviegamente na busca de soluciones.<\/em><\/span><\/li>\n<li><span style=\"color: #008080\"><em><strong>Valores y \u00e9tica<\/strong>: Promover nuevos valores pro-ambientales que camuden la relaci\u00f3n humana cola naturaleza.<\/em><\/span><\/li>\n<li><span style=\"color: #008080\"><em><strong>Conocencia cr\u00edtica:<\/strong> Analizar los conflictos socioambientales y promover la conocencia de los sistemes naturales.<\/em><\/span><\/li>\n<li><span style=\"color: #008080\"><em>Esta celebraci\u00f3n<strong> busca convertir la educaci\u00f3n nuna pilastra del desenvolvimientu sostenible.<\/strong><\/em><\/span><\/li>\n<\/ul>\n<p style=\"text-align: center\">\n<!-- iframe plugin v.6.0 wordpress.org\/plugins\/iframe\/ -->\n<iframe loading=\"lazy\" src=\"https:\/\/www.facebook.com\/plugins\/video.php?height=476&#038;href=https%3A%2F%2Fwww.facebook.com%2Freel%2F902137252176862%2F&#038;show_text=false&#038;width=476&#038;t=0\" width=\"476\" height=\"476\" style=\"border:none;overflow:hidden\" scrolling=\"no\" frameborder=\"0\" allowfullscreen=\"true\" allow=\"autoplay; clipboard-write; encrypted-media; picture-in-picture; web-share\" 0=\"\/iframe\" class=\"iframe-class\"><\/iframe>\n<\/p>\n<p>La Educaci\u00f3n Ambiental, am\u00e1s de xenerar una conciencia y soluciones pertinentes a los problemes ambientales actuales causaos por actividaes humanes y los efectos de la relaci\u00f3n ente l&#8217;home y el mediu ambiente, ye un mecanismu pedag\u00f3xicu qu&#8217;am\u00e1s infunde la interacci\u00f3n qu&#8217;esiste dientro de los ecosistemes. Los procesos y factores f\u00edsicos, qu\u00edmicos garr\u00e9 mesmu biol\u00f3xicos, como estos reaccionen, rellaci\u00f3nense ya intervienen ente s\u00ed dientro del mediu ambiente, tou esto col fin d&#8217;entender la nuesa redolada y formar una cultura conservacionista onde l&#8217;home aplique en tolos sos procesos granibles, t\u00e9cniques llimpies (d\u00e1ndo-y soluci\u00f3n a los problemes ambientales), dexando d&#8217;esta forma&#8217;l desenvolvimientu sostenible.<\/p>\n<p style=\"text-align: center\">\n<!-- iframe plugin v.6.0 wordpress.org\/plugins\/iframe\/ -->\n<iframe loading=\"lazy\" src=\"https:\/\/www.facebook.com\/plugins\/post.php?href=https%3A%2F%2Fwww.facebook.com%2Fmanosverdes.gt%2Fposts%2Fpfbid024vkg3U1EMHGCDpmw7AQEyFDCGgr7Gt4nq3dEcMTA94MbD3tSaYPQ2fsERf8MhszCl&#038;show_text=false&#038;width=500\" width=\"500\" height=\"498\" style=\"border:none;overflow:hidden\" scrolling=\"no\" frameborder=\"0\" allowfullscreen=\"true\" allow=\"autoplay; clipboard-write; encrypted-media; picture-in-picture; web-share\" 0=\"\/iframe\" class=\"iframe-class\"><\/iframe>\n<\/p>\n<div class=\"html-div xdj266r x14z9mp xat24cr x1lziwak xexx8yu x1a8lsjc xf7dkkf xv54qhq\">\n<div class=\"html-div xdj266r x14z9mp xat24cr x1lziwak xexx8yu xyri2b x18d9i69 x1c1uobl x1jx94hy x78zum5 x1q0g3np\">\n<div class=\"x78zum5 xdt5ytf xz62fqu x16ldp7u\">\n<div class=\"xu06os2 x1ok221b\">\n<div class=\"html-div xdj266r x14z9mp xat24cr x1lziwak xexx8yu xyri2b x18d9i69 x1c1uobl\" data-ad-rendering-role=\"profile_name\">\n<h3 class=\"html-h3 x14z9mp xat24cr x1lziwak xexx8yu xyri2b x18d9i69 x1c1uobl x1vvkbs x1heor9g x1qlqyl8 x1pd3egz x1a2a7pz x1gslohp x1yc453h\"><span class=\"x1lliihq x6ikm8r x10wlt62 x1n2onr6\"><span class=\"xt0psk2\"><a class=\"x1i10hfl xjbqb8w x1ejq31n x18oe1m7 x1sy0etr xstzfhl x972fbf x10w94by x1qhh985 x14e42zd x9f619 x1ypdohk xt0psk2 x3ct3a4 xdj266r x14z9mp xat24cr x1lziwak xexx8yu xyri2b x18d9i69 x1c1uobl x16tdsg8 x1hl2dhg xggy1nq x1a2a7pz xkrqix3 x1sur9pj xzsf02u x1s688f\" role=\"link\" href=\"https:\/\/www.facebook.com\/IGNSpain?__cft__[0]=AZZFP4Ri-rm7-mX08C6b9P0Eh61mIkD_rlWn-Q9S80Eam0dj5JOQFmJW5WGOHIaC7xbBv3mW4QrmrtH2I8Fir1X_pgL0_xQgJ26tq1xOHq5esuLV9CMypbLVrhsqChZB3USE6chhIF43-iQzCxnKe7f03tJO7veqKV8hbWXhQMD7kjh7OqhHHwYXEgiX6OiDcyRkz4lhP-3VFY0_EXrGk5k8&amp;__tn__=-UC%2CP-y-R\"><b class=\"html-b xdj266r x14z9mp xat24cr x1lziwak xexx8yu xyri2b x18d9i69 x1c1uobl x1hl2dhg x16tdsg8 x1vvkbs x1s688f\"><span class=\"html-span xdj266r x14z9mp xat24cr x1lziwak xexx8yu xyri2b x18d9i69 x1c1uobl x1hl2dhg x16tdsg8 x1vvkbs\">Instituto Geogr\u00e1fico Nacional de Espa\u00f1a y CNIG<\/span><\/b><\/a><\/span><span class=\"html-span xdj266r x14z9mp xat24cr x1lziwak xexx8yu xyri2b x18d9i69 x1c1uobl x1hl2dhg x16tdsg8 x1vvkbs x1dor1uw x1n2onr6 xxymvpz\">\u00a0<\/span><\/span><\/h3>\n<\/div>\n<\/div>\n<div class=\"xu06os2 x1ok221b\">\n<div class=\"html-div xdj266r x14z9mp xat24cr x1lziwak xexx8yu xyri2b x18d9i69 x1c1uobl x6s0dn4 x17zd0t2 x78zum5 x1q0g3np x1a02dak\"><\/div>\n<\/div>\n<\/div>\n<\/div>\n<\/div>\n<div class=\"html-div xdj266r x14z9mp xat24cr x1lziwak xexx8yu xyri2b x18d9i69 x1c1uobl\" dir=\"auto\">\n<div class=\"html-div xdj266r x14z9mp xat24cr x1lziwak xexx8yu xyri2b x18d9i69 x1c1uobl\" dir=\"auto\">\n<div class=\"html-div xdj266r x14z9mp xat24cr x1lziwak xexx8yu xyri2b x18d9i69 x1c1uobl\" data-ad-rendering-role=\"story_message\">\n<div class=\"x1l90r2v x1iorvi4 x1g0dm76 xpdmqnj\" data-ad-comet-preview=\"message\" data-ad-preview=\"message\">\n<div class=\"x78zum5 xdt5ytf xz62fqu x16ldp7u\">\n<div class=\"xu06os2 x1ok221b\">\n<div class=\"html-div xdj266r x14z9mp xat24cr x1lziwak xexx8yu xyri2b x18d9i69 x1c1uobl\">\n<div class=\"xdj266r x14z9mp xat24cr x1lziwak x1vvkbs x126k92a\">\n<div dir=\"auto\"><span class=\"html-span xexx8yu xyri2b x18d9i69 x1c1uobl x1hl2dhg x16tdsg8 x1vvkbs x3nfvp2 x1j61x8r x1fcty0u xdj266r xat24cr xm2jcoa x1mpyi22 xxymvpz xlup9mm x1kky2od\"><img loading=\"lazy\" decoding=\"async\" class=\"xz74otr x15mokao x1ga7v0g x16uus16 xbiv7yw\" src=\"https:\/\/static.xx.fbcdn.net\/images\/emoji.php\/v9\/tde\/2\/16\/1f30d.png\" alt=\"\ud83c\udf0d\" width=\"16\" height=\"16\" \/><\/span> G\u00fcei celebramos una ocasi\u00f3n perfecta para conocer meyor la riqueza natural d&#8217;Espa\u00f1a. El nuesu pa\u00eds pertenez al reinu Hol\u00e1rtico y estr\u00e9mase en<strong> tr\u00e9s rexones biogeogr\u00e1ficas<\/strong> llenes de vida:<br \/>\nEurosiberiana, Mediterr\u00e1nea y Macaron\u00e9sica. \u00bfQuies ver c\u00f3mo se distrib\u00fain? Nel\u00a0<span class=\"html-span xdj266r x14z9mp xat24cr x1lziwak xexx8yu xyri2b x18d9i69 x1c1uobl x1hl2dhg x16tdsg8 x1vvkbs\"><a class=\"x1i10hfl xjbqb8w x1ejq31n x18oe1m7 x1sy0etr xstzfhl x972fbf x10w94by x1qhh985 x14e42zd x9f619 x1ypdohk xt0psk2 x3ct3a4 xdj266r x14z9mp xat24cr x1lziwak xexx8yu xyri2b x18d9i69 x1c1uobl x16tdsg8 x1hl2dhg xggy1nq x1a2a7pz xkrqix3 x1sur9pj x1fey0fg x1s688f\" role=\"link\" href=\"https:\/\/www.facebook.com\/hashtag\/atlasnacionaldeespa%C3%B1a?__eep__=6&amp;__cft__[0]=AZZFP4Ri-rm7-mX08C6b9P0Eh61mIkD_rlWn-Q9S80Eam0dj5JOQFmJW5WGOHIaC7xbBv3mW4QrmrtH2I8Fir1X_pgL0_xQgJ26tq1xOHq5esuLV9CMypbLVrhsqChZB3USE6chhIF43-iQzCxnKe7f03tJO7veqKV8hbWXhQMD7kjh7OqhHHwYXEgiX6OiDcyRkz4lhP-3VFY0_EXrGk5k8&amp;__tn__=*NK-y-R\">#AtlasNacionaldeEspa\u00f1a<\/a><\/span> alcontrar\u00e1s el mapa \u201cRegiones biogeogr\u00e1ficas\u201d y un an\u00e1lisis completu nel subtema de <span class=\"html-span xdj266r x14z9mp xat24cr x1lziwak xexx8yu xyri2b x18d9i69 x1c1uobl x1hl2dhg x16tdsg8 x1vvkbs\"><a class=\"x1i10hfl xjbqb8w x1ejq31n x18oe1m7 x1sy0etr xstzfhl x972fbf x10w94by x1qhh985 x14e42zd x9f619 x1ypdohk xt0psk2 x3ct3a4 xdj266r x14z9mp xat24cr x1lziwak xexx8yu xyri2b x18d9i69 x1c1uobl x16tdsg8 x1hl2dhg xggy1nq x1a2a7pz xkrqix3 x1sur9pj x1fey0fg x1s688f\" role=\"link\" href=\"https:\/\/www.facebook.com\/hashtag\/biogeograf%C3%ADa?__eep__=6&amp;__cft__[0]=AZZFP4Ri-rm7-mX08C6b9P0Eh61mIkD_rlWn-Q9S80Eam0dj5JOQFmJW5WGOHIaC7xbBv3mW4QrmrtH2I8Fir1X_pgL0_xQgJ26tq1xOHq5esuLV9CMypbLVrhsqChZB3USE6chhIF43-iQzCxnKe7f03tJO7veqKV8hbWXhQMD7kjh7OqhHHwYXEgiX6OiDcyRkz4lhP-3VFY0_EXrGk5k8&amp;__tn__=*NK-y-R\">#Biogeograf\u00eda<\/a><\/span>.<span class=\"html-span xexx8yu xyri2b x18d9i69 x1c1uobl x1hl2dhg x16tdsg8 x1vvkbs x3nfvp2 x1j61x8r x1fcty0u xdj266r xat24cr xm2jcoa x1mpyi22 xxymvpz xlup9mm x1kky2od\"><img loading=\"lazy\" decoding=\"async\" class=\"xz74otr x15mokao x1ga7v0g x16uus16 xbiv7yw\" src=\"https:\/\/static.xx.fbcdn.net\/images\/emoji.php\/v9\/tec\/2\/16\/1f449_1f3fc.png\" alt=\"\ud83d\udc49\ud83c\udffc\" width=\"16\" height=\"16\" \/><\/span> <span class=\"html-span xdj266r x14z9mp xat24cr x1lziwak xexx8yu xyri2b x18d9i69 x1c1uobl x1hl2dhg x16tdsg8 x1vvkbs\"><a class=\"x1i10hfl xjbqb8w x1ejq31n x18oe1m7 x1sy0etr xstzfhl x972fbf x10w94by x1qhh985 x14e42zd x9f619 x1ypdohk xt0psk2 x3ct3a4 xdj266r x14z9mp xat24cr x1lziwak xexx8yu xyri2b x18d9i69 x1c1uobl x16tdsg8 x1hl2dhg xggy1nq x1a2a7pz xkrqix3 x1sur9pj x1fey0fg x1s688f\" role=\"link\" href=\"https:\/\/l.facebook.com\/l.php?u=https%3A%2F%2Fatlasnacional.ign.es%2Fwane%2FBiogeograf%25C3%25ADa%3Ffbclid%3DIwZXh0bgNhZW0CMTAAYnJpZBEwSEVlTHZHTFBxM1h2SG9VZ3NydGMGYXBwX2lkEDIyMjAzOTE3ODgyMDA4OTIAAR6DTC7Ses39JIYuerVUYmT3cuHRWEpzHd8hIB0soJ9KusTNQ40o63d8XZLsNQ_aem_cLCHXprKSY7UzwkWga_lkg&amp;h=AT0OChfsosEVAdqmtkQCagEjXm4rP8y3iBXmuVFN468YXFFXLhrErV6Apm2Jsl_N4SIJ-8SW7pdVJLYynH4zUILqKgUVw2x8SNLuL8DWmpEC4q2l3iWT0ASuMOwJsr1a-lxkwMJ4yZoQDYYJp9U-_ngkQeUqcw&amp;__tn__=-UK-y-R&amp;c[0]=AT3vN82kUrsZZoaS7ExEOE-vrszm4iio_TJp_zoEFJZFYoeCn_iaX93Gpko82kWOPq2VZFt3VPHz9qNZ8tnN-nK9RkvtoARakPdKo7EUDQcVwcwye2eFdtStv3NNECHO48gY3GB4OBP7wD616wApfdwsvzeuRLq6hZn2EnpKpU8R8OFLb0tyai31UNVYUI89CSh2JK4_pfU6Vr1SHqLsZpn7NN89Us0CFQUiCFDtY3xT3NlU\" target=\"_blank\" rel=\"nofollow noopener noreferrer\">https:\/\/atlasnacional.ign.es\/wane\/Biogeograf%C3%ADa<\/a><\/span><\/div>\n<div dir=\"auto\" style=\"text-align: center\"><a href=\"http:\/\/atlasnacional.ign.es\/images\/8\/86\/Espana_Regiones-biogeograficas_2024_mapa_19246_spa.jpg\"><img loading=\"lazy\" decoding=\"async\" class=\"aligncenter size-large\" src=\"http:\/\/atlasnacional.ign.es\/images\/8\/86\/Espana_Regiones-biogeograficas_2024_mapa_19246_spa.jpg\" width=\"1388\" height=\"1016\" \/><\/a><\/div>\n<div dir=\"auto\" style=\"text-align: center\"><span style=\"color: #008080\"><strong>Tipos bioclim\u00e1ticos <a href=\"https:\/\/atlasnacional.ign.es\/wane\/Biogeograf%C3%ADa?fbclid=IwY2xjawPkdWVleHRuA2FlbQIxMABicmlkETBIRWVMdkdMUHEzWHZIb1Vnc3J0YwZhcHBfaWQQMjIyMDM5MTc4ODIwMDg5MgABHoNMLtJ6zf0khi56tVRiZPdy4dFYSnMd3yEgHSygn0q6xM1DjSjrd3xdkuw1_aem_cLCHXprKSY7UzwkWga_lkg\">INFO<\/a><\/strong><\/span><br \/>\n<a href=\"http:\/\/atlasnacional.ign.es\/images\/8\/8d\/Espana_Tipos-bioclimaticos_2020_mapa_19220_spa.jpg\"><img loading=\"lazy\" decoding=\"async\" class=\"aligncenter size-large\" src=\"http:\/\/atlasnacional.ign.es\/images\/8\/8d\/Espana_Tipos-bioclimaticos_2020_mapa_19220_spa.jpg\" width=\"1388\" height=\"1016\" \/><\/a><\/div>\n<\/div>\n<\/div>\n<\/div>\n<\/div>\n<\/div>\n<\/div>\n<\/div>\n<\/div>\n","protected":false},"excerpt":{"rendered":"<p>La educaci\u00f3n ambiental marca&#8217;l cam\u00edn escontra una socied\u00e1 m\u00e1s consciente y comprometida. \ud83c\udf31 L&#8217;aprendizaxe impulsa decisiones responsables para protexer la redolada. \ud83c\udf0d Construyir el futuru empieza g\u00fcei. Conmem\u00f3rase a\u00f1almente&#8217;l 26 de xineru buscando \u00abespertar la conciencia de les persones sobro los problemes ambientales, lo que-yos dexa ser identificaos tantu a nivel mundial como local\u00bb.\u200b\u200b .#D\u00edaMundialdelaEducaci\u00f3nAmbiental<\/p>\n","protected":false},"author":117,"featured_media":0,"comment_status":"closed","ping_status":"closed","sticky":false,"template":"","format":"standard","meta":{"footnotes":""},"categories":[6],"tags":[],"class_list":["post-66728","post","type-post","status-publish","format-standard","hentry","category-dia-de"],"_links":{"self":[{"href":"https:\/\/edublog.educastur.es\/ixuxu\/wp-json\/wp\/v2\/posts\/66728","targetHints":{"allow":["GET"]}}],"collection":[{"href":"https:\/\/edublog.educastur.es\/ixuxu\/wp-json\/wp\/v2\/posts"}],"about":[{"href":"https:\/\/edublog.educastur.es\/ixuxu\/wp-json\/wp\/v2\/types\/post"}],"author":[{"embeddable":true,"href":"https:\/\/edublog.educastur.es\/ixuxu\/wp-json\/wp\/v2\/users\/117"}],"replies":[{"embeddable":true,"href":"https:\/\/edublog.educastur.es\/ixuxu\/wp-json\/wp\/v2\/comments?post=66728"}],"version-history":[{"count":14,"href":"https:\/\/edublog.educastur.es\/ixuxu\/wp-json\/wp\/v2\/posts\/66728\/revisions"}],"predecessor-version":[{"id":66789,"href":"https:\/\/edublog.educastur.es\/ixuxu\/wp-json\/wp\/v2\/posts\/66728\/revisions\/66789"}],"wp:attachment":[{"href":"https:\/\/edublog.educastur.es\/ixuxu\/wp-json\/wp\/v2\/media?parent=66728"}],"wp:term":[{"taxonomy":"category","embeddable":true,"href":"https:\/\/edublog.educastur.es\/ixuxu\/wp-json\/wp\/v2\/categories?post=66728"},{"taxonomy":"post_tag","embeddable":true,"href":"https:\/\/edublog.educastur.es\/ixuxu\/wp-json\/wp\/v2\/tags?post=66728"}],"curies":[{"name":"wp","href":"https:\/\/api.w.org\/{rel}","templated":true}]}}