{"id":66737,"date":"2026-01-28T11:00:19","date_gmt":"2026-01-28T09:00:19","guid":{"rendered":"https:\/\/edublog.educastur.es\/ixuxu\/?p=66737"},"modified":"2026-01-28T13:26:45","modified_gmt":"2026-01-28T11:26:45","slug":"en-tapia-tierra-del-maiz-maixeira","status":"publish","type":"post","link":"https:\/\/edublog.educastur.es\/ixuxu\/2026\/01\/en-tapia-tierra-del-maiz-maixeira\/","title":{"rendered":"Naz &#8216;Maixeira&#8217;, un festival para conocer la hestoria del ma\u00edz"},"content":{"rendered":"<p><strong>Naz &#8216;Maixeira&#8217;, un festival para conocer la hestoria del ma\u00edz<\/strong> nel Parque Hist\u00f3ricu del Navia Tapia acueye esta fin de selmana la primer edici\u00f3n d&#8217;esta cita rellacionada cola hestoria y tradiciones d&#8217;esti cultivu na contorna. <a href=\"https:\/\/s1.ppllstatics.com\/elcomercio\/www\/multimedia\/2026\/01\/27\/maixeira-cartel.jpg\">Cartelu <\/a>Un merc\u00e1u artesanu con talleres d&#8217;oficios tradicionales, rutes empuestes, meses redondes, m\u00fasica en directu y hasta una comida popular. Un festival vencey\u00e1u a la hestoria y tradiciones del ma\u00edz que se va celebrar<strong> del 30 de xineru al 1 de febreru<\/strong> en Tapia de Casariego. <span class=\"html-span xdj266r x14z9mp xat24cr x1lziwak xexx8yu xyri2b x18d9i69 x1c1uobl x1hl2dhg x16tdsg8 x1vvkbs\"><a class=\"x1i10hfl xjbqb8w x1ejq31n x18oe1m7 x1sy0etr xstzfhl x972fbf x10w94by x1qhh985 x14e42zd x9f619 x1ypdohk xt0psk2 x3ct3a4 xdj266r x14z9mp xat24cr x1lziwak xexx8yu xyri2b x18d9i69 x1c1uobl x16tdsg8 x1hl2dhg xggy1nq x1a2a7pz xkrqix3 x1sur9pj x1fey0fg x1s688f\" role=\"link\" href=\"https:\/\/www.facebook.com\/profile.php?id=61585635158405&amp;__cft__[0]=AZbAOAMjPxuphCfiKJkIse42nppbQYZot4ijlvzmP0D2K5rNHmPaEDj2GkWSJ6GyfYHtxnmkBEQ20xoHKUqPMyWkGJvlvJ8yYJrHjRPKExNUlo_iS6Gr_3FQxKO9BMJlx4VQ4VVglNJmRxzYZpzO8dMlVQPlzIdgYZq17IE5p50Y2-kTSaSQy1LcsQSSkN-a6sA&amp;__tn__=-]K-y-R\"><span class=\"xt0psk2\"><span class=\"xjp7ctv\">Tierra del Ma\u00edz &#8211; Maixeira<\/span><\/span><\/a><\/span><\/p>\n<p style=\"text-align: center\">\n<!-- iframe plugin v.6.0 wordpress.org\/plugins\/iframe\/ -->\n<iframe loading=\"lazy\" src=\"https:\/\/www.facebook.com\/plugins\/post.php?href=https%3A%2F%2Fwww.facebook.com%2Ftarucuasociacion%2Fposts%2Fpfbid02NrS6udSabBgtquYCbM82CtN1tMN5i4bgmZbkzdg24tsW3or4aHTr1gM9XYDooHPZl&#038;show_text=false&#038;width=500\" width=\"500\" height=\"497\" style=\"border:none;overflow:hidden\" scrolling=\"no\" frameborder=\"0\" allowfullscreen=\"true\" allow=\"autoplay; clipboard-write; encrypted-media; picture-in-picture; web-share\" 0=\"\/iframe\" class=\"iframe-class\"><\/iframe>\n<\/p>\n<p>Esti festival rural naz con vocaci\u00f3n d&#8217;itinerancia y ta previstu que cada a\u00f1u se cellebre nun conceyu del Valle del Navia para dar a conocer el patrimoniu hist\u00f3ricu, cultural y agroalimentario vencey\u00e1u al ma\u00edz.<\/p>\n","protected":false},"excerpt":{"rendered":"<p>Naz &#8216;Maixeira&#8217;, un festival para conocer la hestoria del ma\u00edz nel Parque Hist\u00f3ricu del Navia Tapia acueye esta fin de selmana la primer edici\u00f3n d&#8217;esta cita rellacionada cola hestoria y tradiciones d&#8217;esti cultivu na contorna. Cartelu Un merc\u00e1u artesanu con talleres d&#8217;oficios tradicionales, rutes empuestes, meses redondes, m\u00fasica en directu y hasta una comida popular. [&hellip;]<\/p>\n","protected":false},"author":117,"featured_media":0,"comment_status":"closed","ping_status":"closed","sticky":false,"template":"","format":"standard","meta":{"footnotes":""},"categories":[175,204,495],"tags":[],"class_list":["post-66737","post","type-post","status-publish","format-standard","hentry","category-festival-gastronomicu","category-festivales","category-maixeira-maiz"],"_links":{"self":[{"href":"https:\/\/edublog.educastur.es\/ixuxu\/wp-json\/wp\/v2\/posts\/66737","targetHints":{"allow":["GET"]}}],"collection":[{"href":"https:\/\/edublog.educastur.es\/ixuxu\/wp-json\/wp\/v2\/posts"}],"about":[{"href":"https:\/\/edublog.educastur.es\/ixuxu\/wp-json\/wp\/v2\/types\/post"}],"author":[{"embeddable":true,"href":"https:\/\/edublog.educastur.es\/ixuxu\/wp-json\/wp\/v2\/users\/117"}],"replies":[{"embeddable":true,"href":"https:\/\/edublog.educastur.es\/ixuxu\/wp-json\/wp\/v2\/comments?post=66737"}],"version-history":[{"count":8,"href":"https:\/\/edublog.educastur.es\/ixuxu\/wp-json\/wp\/v2\/posts\/66737\/revisions"}],"predecessor-version":[{"id":66965,"href":"https:\/\/edublog.educastur.es\/ixuxu\/wp-json\/wp\/v2\/posts\/66737\/revisions\/66965"}],"wp:attachment":[{"href":"https:\/\/edublog.educastur.es\/ixuxu\/wp-json\/wp\/v2\/media?parent=66737"}],"wp:term":[{"taxonomy":"category","embeddable":true,"href":"https:\/\/edublog.educastur.es\/ixuxu\/wp-json\/wp\/v2\/categories?post=66737"},{"taxonomy":"post_tag","embeddable":true,"href":"https:\/\/edublog.educastur.es\/ixuxu\/wp-json\/wp\/v2\/tags?post=66737"}],"curies":[{"name":"wp","href":"https:\/\/api.w.org\/{rel}","templated":true}]}}