{"id":6675,"date":"2021-06-03T17:18:30","date_gmt":"2021-06-03T15:18:30","guid":{"rendered":"https:\/\/edublog.educastur.es\/ixuxu\/?p=6675"},"modified":"2021-06-03T17:38:37","modified_gmt":"2021-06-03T15:38:37","slug":"reparen-per-primer-vegada-nespana-la-rapaz-mas-pequena-deuropa","status":"publish","type":"post","link":"https:\/\/edublog.educastur.es\/ixuxu\/2021\/06\/reparen-per-primer-vegada-nespana-la-rapaz-mas-pequena-deuropa\/","title":{"rendered":"Reparen per primer vegada n&#8217;Espa\u00f1a la rapaz m\u00e1s pequena d&#8217;Europa"},"content":{"rendered":"<p style=\"text-align: center\"><a href=\"https:\/\/verdeyazul.diarioinformacion.com\/wp-content\/uploads\/2021\/05\/Eurasian_Pygmy_Owl_Glaucidium_passerinum_in_the_drizzle_21.06.2015_18403237513-1200x824.jpg\"><img loading=\"lazy\" decoding=\"async\" class=\"alignnone\" src=\"https:\/\/verdeyazul.diarioinformacion.com\/wp-content\/uploads\/2021\/05\/Eurasian_Pygmy_Owl_Glaucidium_passerinum_in_the_drizzle_21.06.2015_18403237513-1200x824.jpg\" alt=\"\" width=\"542\" height=\"372\" \/><\/a><\/p>\n<p>&nbsp;<\/p>\n<ul>\n<li><a href=\"https:\/\/verdeyazul.diarioinformacion.com\/observan-por-primera-vez-en-espana-la-rapaz-mas-pequena-de-europa.html\">Fonte noticia: Verde y azul<\/a><\/li>\n<li>\u00a0<a href=\"https:\/\/edublog.educastur.es\/ixuxu\/2021\/05\/lornitologu-asturianu-daniel-lopez-afaya-una-nueva-especie-dave-nespana\/\">IXUXU: L\u2019ornit\u00f3logu asturianu Daniel L\u00f3pez afaya una nueva especie d\u2019ave n\u2019Espa\u00f1a<\/a><\/li>\n<\/ul>\n<p><strong><em><span style=\"color: #008080\">\u201cFoi un momentu inolvidable, una sensaci\u00f3n incre\u00edble, un chute d&#8217;adrenalina. Pens\u00e9 que taba sua\u00f1ando\u201d<\/span><\/em><\/strong>.<\/p>\n<p style=\"text-align: center\"><a href=\"https:\/\/verdeyazul.diarioinformacion.com\/wp-content\/uploads\/2021\/05\/Daniel-Lo%CC%81pez-Velasco-1200x794.jpg\"><img loading=\"lazy\" decoding=\"async\" class=\"alignnone\" src=\"https:\/\/verdeyazul.diarioinformacion.com\/wp-content\/uploads\/2021\/05\/Daniel-Lo%CC%81pez-Velasco-1200x794.jpg\" alt=\"\" width=\"290\" height=\"192\" \/><\/a><\/p>\n<p>Asina describi\u00f3 l&#8217;ornit\u00f3logu asturianu <span style=\"color: #008080\">Daniel L\u00f3pez Velasco<\/span> (Salinas, 1987) la emoci\u00f3n que sinti\u00f3 al afayar nos Pirineos la presencia, per primer vegada n&#8217;Espa\u00f1a, del <strong><span style=\"color: #008080\">mochuelu alp\u00edn o mochuelu chicu<\/span> <\/strong>(<strong><a href=\"https:\/\/es.wikipedia.org\/wiki\/Glaucidium_passerinum\">Galucidium passerinum<\/a><\/strong>),<span style=\"color: #008080\"> l&#8217;ave rapazu m\u00e1s pequena d&#8217;Europa.<\/span><\/p>\n<p><!--more--><\/p>\n<p>Nun ye una an\u00e9cdota: fa\u00eda 34 a\u00f1os que nun s&#8217;identific\u00f3 n&#8217;Espa\u00f1a un ave desconocida. Y el descubrimientu obliga a camudar el mapa de distribuci\u00f3n de la especie.<\/p>\n<p><span style=\"color: #008080\"><em>\u201cNun ten\u00edamos neng\u00fan barruntu, nin informaci\u00f3n, nin rumor, nin nada. T\u00e1bamos ell\u00ed estudiando otres dos especies. Foi cientu per cientu casual. De s\u00f3pitu escuch\u00e9 un son\u00edu y supi que yera un miag\u00f3n alp\u00edn\u201d,<\/em><\/span> remembra L\u00f3pez Velasco, capaz de reconocer \u201cd&#8217;oy\u00edu\u201d los son\u00edos de toles aves d&#8217;Europa.<\/p>\n<p>Asegura que nesti casu nun foi dif\u00edcil, porque&#8217;l son\u00edu del mochuelu alp\u00edn ye \u201cdistintu\u201d. Am\u00e1s, nun monte de los Pirineos, a 1.800 metros d&#8217;altit\u00fa, <span style=\"color: #008080\"><em>\u201canque incre\u00edble, pod\u00eda pasar\u201d<\/em><\/span>. De fechu mientres munchos a\u00f1os espec\u00falose, \u201csua\u00f1arase cola so presencia nos Pirineos, porque comparte h\u00e1bitat y distribuci\u00f3n nel continente con otres especies eurosiberianas que s\u00ed t\u00e1n presentes nel macizu que dixebra Espa\u00f1a de Francia. Pero nunca hasta agora hab\u00edase documentado la so presencia.<\/p>\n<p style=\"text-align: center\"><a href=\"https:\/\/verdeyazul.diarioinformacion.com\/wp-content\/uploads\/2021\/05\/RECORTADA1-1200x800.jpg\"><img loading=\"lazy\" decoding=\"async\" class=\"alignleft\" src=\"https:\/\/verdeyazul.diarioinformacion.com\/wp-content\/uploads\/2021\/05\/RECORTADA1-1200x800.jpg\" alt=\"\" width=\"485\" height=\"323\" \/><\/a><\/p>\n<p>&nbsp;<\/p>\n<p>&nbsp;<\/p>\n<p>&nbsp;<\/p>\n<p>&nbsp;<\/p>\n<p>&nbsp;<\/p>\n<p>&nbsp;<\/p>\n<p>&nbsp;<\/p>\n<p>&nbsp;<\/p>\n<p>Recuerda perfectamente&#8217;l momentu: grab\u00f3&#8217;l son\u00edu de l&#8217;ave col m\u00f3vil, pero quer\u00eda vela colos sos propios g\u00fceyos. Reproduci\u00f3&#8217;l rexistru sonoru cola grabadora, hubo unos segundos de silenciu y, de s\u00f3pitu, el mochuelu\/miag\u00f3n alp\u00edn, que <strong><span style=\"color: #008080\">tien el tama\u00f1u d&#8217;un gorri\u00f3n<\/span><\/strong>, pas\u00f3 volando xusto percima d&#8217;\u00e9l, <span style=\"color: #008080\"><em>\u201csigu\u00edu d&#8217;un mont\u00f3n de paxarucos. Foi incre\u00edble, totalmente inesper\u00e1u. De xuru nunca m\u00e1s me pasar\u00e1 na vida\u201d<\/em><\/span>, rellata.<\/p>\n<p>El naturalista nun acababa de creer lo que lu pasara. <em><span style=\"color: #008080\">\u201cFoi un momentu d&#8217;incredulid\u00e1. Esi d\u00eda pens\u00e9 delles vegaes que taba sua\u00f1ando. Hasta pellizqu\u00e9me para comprobar que yera real\u201d<\/span><\/em>, comenta. Pocu dempu\u00e9s repar\u00f3 otra pequena ave que podr\u00eda ser tami\u00e9n de la mesma especie, anque non pudo constatar fehacientemente.<\/p>\n<p>L&#8217;asturianu aventura qu&#8217;el so descubrimientu puede ser solo \u201cla punta del iceberg\u201d. <em><span style=\"color: #008080\">\u201cSer\u00eda muncha casualid\u00e1 qu&#8217;estos fueren los \u00fanicos exemplares presentes nel Pirin\u00e9u esta primavera. Tou indica qu&#8217;hai m\u00e1s. Que se ta asitiando o que se va a asitiar como especie nidificante n&#8217;Espa\u00f1a\u201d<\/span><\/em>, se\u00f1ala.<\/p>\n<p><span style=\"color: #008080\"><em>\u201cVa Haber que tar sollertes nos pr\u00f3ximos meses a ver si otros observadores confirmen la presencia de m\u00e1s exemplares. Pel momento, les autoridaes y\u00e1 t\u00e1n avisaes y va intentase realizar un control refechu de la zona. Lo que s\u00ed ye seguro ye que va haber que camudar el mapa de la especie\u201d<\/em><\/span>, a\u00f1ede.<\/p>\n<p>L\u00f3pez Velasco, que taba nos Pirineos en compa\u00f1\u00eda de Roberto Men\u00e9ndez, solo viera enantes un miag\u00f3n alp\u00edn n&#8217;una ocasi\u00f3n, en Finlandia, nel a\u00f1u 2007, pero \u201cnun foi una observaci\u00f3n \u2018guapa\u2019, porque apenes hab\u00eda lluz\u201d, asina que la de los Pirineos foi \u201ccasi como la primer vegada\u201d.<\/p>\n<p><strong>Medrana a una avalancha d&#8217;observadores<\/strong><\/p>\n<p>La so mayor medrana ye que&#8217;l descubrimientu provoque unu \u00e1banu d&#8217;observadores nos Pirineos. Porque la zona del afayu ye bien sensible, con presencia tami\u00e9n d&#8217;otres especies amenaciaes, como&#8217;l urogallo, y tarrez que la presencia humana, y la reproducci\u00f3n del so propiu rexistru sonoru para atraelo, provoque xustu lo contrario, qu&#8217;estorne a los exemplares presentes y que \u201censin querer xen\u00e9rese un problema grave\u201d. Porque <em><span style=\"color: #008080\">\u201cagora lo que prima ye que la especie asentiase nos Pirineos\u00bb<\/span><\/em>, a\u00f1ede.<\/p>\n<p><strong><span style=\"color: #008080\">Dani L\u00f3pez Velasco, m\u00e9dicu, empez\u00f3 a reparar aves con solu cinco a\u00f1os d&#8217;ed\u00e1.<\/span><\/strong> Bien llueu empez\u00f3 a tomar notes de campu sobro les especies que v\u00eda dende la so casa. Con solu 10 a\u00f1os atop\u00f3, debaxo de la so casa, el tercer rexistru de Collalba des\u00e9rtica (Oenanthe deserti) n&#8217;Espa\u00f1a, y dende ent\u00f3s arrey\u00f3se na identificaci\u00f3n avanzada d&#8217;aves rares. A los 12 a\u00f1os realiz\u00f3&#8217;l so primer viaxe d&#8217;observaci\u00f3n d&#8217;aves fora d&#8217;Europa, a Mari\u00f1a Rica.<\/p>\n<p><a href=\"https:\/\/seo.org\/rarezas\/\"><img loading=\"lazy\" decoding=\"async\" class=\"alignnone\" src=\"https:\/\/seo.org\/wp-content\/uploads\/2019\/12\/COMITE_RAREZAS_H.jpg\" alt=\"\" width=\"202\" height=\"151\" \/><\/a>\/<a href=\"https:\/\/es-es.facebook.com\/cr.seo2016\/\">Facebook<\/a><\/p>\n<p>Dende fai 15 a\u00f1os ye miembru del <a href=\"https:\/\/seo.org\/rarezas\/\"><span style=\"text-decoration: underline\"><span style=\"color: #008080;text-decoration: underline\"><strong>Comit\u00e9 Espa\u00f1ol de Rareces<\/strong><\/span><\/span><\/a>, y top\u00f3 primicias tantu n&#8217;Espa\u00f1a como n&#8217;otros pa\u00edses. Public\u00f3 documentos d&#8217;identificaci\u00f3n en numberoses revistes ornitol\u00f3xiques y los sos viaxes pa identificar aves y como gu\u00eda dex\u00e1ron-y visitar m\u00e1s de 50 pa\u00edses.<\/p>\n<p>A los 19 a\u00f1os form\u00f3 parte del equipu que gan\u00f3&#8217;l <span style=\"text-decoration: underline\"><strong><span style=\"color: #008080;text-decoration: underline\">premiu Oryx pa mozos naturalistes<\/span><\/strong><\/span>, lo que-y dex\u00f3 esfrutar d&#8217;un llargu viaxe d&#8217;investigaci\u00f3n polos llugares m\u00e1s rec\u00f3nditos de Marruecos. Na actualid\u00e1 prepara xuna gu\u00eda avanzada d&#8217;identificaci\u00f3n fotogr\u00e1fica n&#8217;espa\u00f1ol y trabaya como gu\u00eda profesional en visites d&#8217;observaci\u00f3n d&#8217;aves per Europa, \u00c1frica, Am\u00e9rica, Asia y Ocean\u00eda na prestixosa axencia brit\u00e1nica de viaxes ornitol\u00f3xicos \u2018Birdquest\u2019.<\/p>\n<p style=\"text-align: center\"><strong><a href=\"https:\/\/verdeyazul.diarioinformacion.com\/wp-content\/uploads\/2021\/05\/pinterest-3.jpg\"><img loading=\"lazy\" decoding=\"async\" class=\"aligncenter\" src=\"https:\/\/verdeyazul.diarioinformacion.com\/wp-content\/uploads\/2021\/05\/pinterest-3.jpg\" alt=\"\" width=\"900\" height=\"600\" \/><\/a><span style=\"color: #008080\"><em>Asina ye&#8217;l miag\u00f3n alp\u00edn<\/em><\/span><\/strong><\/p>\n<p>El Glaucidium passerinum <span style=\"color: #008080\"><strong>ye l&#8217;ave de rampi\u00f1a m\u00e1s pequena d&#8217;Europa, con un llargor de 16-17 cent\u00edmetros<\/strong><\/span>, xuna valumbu de 29-38 cms y un pesu que difier ente los machos (50-72 gramos) y les femes (65-83 gramos). Ta incluyida nel anexu I de la Directiva sobro aves (especies suxetes a protecci\u00f3n). La so \u00e1rea de distribuci\u00f3n cubre casi toa Eurasia y el<strong><span style=\"color: #008080\"> so h\u00e1bitat ye&#8217;l monte de con\u00edferes.<\/span><\/strong><\/p>\n<p>El cuerpu ye robustu y los adultos presenten un plumaxe cimeru marr\u00f3n con llurdios claros ya inferior ablancaz\u00e1u con rayes llonxitudinales escures. Nos mozos ye m\u00e1s escuru y ensin puntos de lluz cimeru.<\/p>\n<p>El picu ye pequenu y agabit\u00e1u, de color claru y base gris. La cabeza ye pequena y arrondada y los g\u00fceyos t\u00e1n asitiaos enantes, con un iris mariellu. Les nales son anches y curties, la cola ye curtia, barrada, que s&#8217;alza r\u00edtmicamente. Tien pates robustes, curties y emplumaes, con u\u00f1es agabitaes.<\/p>\n<p><span style=\"color: #008080\"><strong>Reproduzse de mayu a xunetu y suel a\u00f1erar nos buecos de los grandes \u00e1rboles<\/strong><\/span>, principalmente los escavaos enantes por picatueros. Pon ente 3 y 9 g\u00fcevos de color blancu, qu\u00b4eclosionan en 28-29 d\u00edes. La descendencia echa a volar a les 4-5 selmanes. La especie solo reproduzse una vegada al a\u00f1u y la so esperanza de vida ye de 10 a\u00f1os en llibert\u00e1 y 20 en cautivid\u00e1.<\/p>\n<p>Ye una ave activa principalmente pela nueche, pero tami\u00e9n ye posible vela a l&#8217;amanecida y al anochecer, ya inclusive a otres hores del d\u00eda parada na parte cimera de los \u00e1rboles (especialmente exemplares de con\u00edferes).<\/p>\n<p><span style=\"color: #008080\"><strong>Ta afecha a la vida nel monte<\/strong><\/span> y ye capaz de prindar aves casi tan grandes como ella. Tami\u00e9n s&#8217;alimenta de peque\u00f1os rucadores\/roedores, reptiles ya insectos. Ye depredado por rapazos m\u00e1s grandes. El principal peligru pa esta ave ye&#8217;l tresformamientu, fragmentaci\u00f3n y destrucci\u00f3n del h\u00e1bitat d\u00b4anidaci\u00f3n pol ser humanu.<\/p>\n<p style=\"text-align: center\"><span style=\"text-decoration: underline\">Llugares onde puede reparase el mochuelu alp\u00edn n&#8217;Europa:<\/span><\/p>\n<p style=\"text-align: center\"><a href=\"https:\/\/www.birdingplaces.eu\/es\/birds\/4714\">https:\/\/www.birdingplaces.eu\/es\/birds\/4714<\/a><\/p>\n<p style=\"text-align: center\">Dos v\u00eddeos del mochuelo alpinu grabaos por Dani L\u00f3pez Velasco:<\/p>\n<p style=\"text-align: center\"><a href=\"https:\/\/www.facebook.com\/daniel.lopezvelasco.1\/videos\/3665857600305578\">https:\/\/www.facebook.com\/daniel.lopezvelasco.1\/videos\/3665857600305578<\/a><\/p>\n<p style=\"text-align: center\"><a href=\"https:\/\/www.facebook.com\/daniel.lopezvelasco.1\/videos\/3665857293638942\">https:\/\/www.facebook.com\/daniel.lopezvelasco.1\/videos\/3665857293638942<\/a><\/p>\n<p style=\"text-align: center\"><a href=\"https:\/\/upload.wikimedia.org\/wikipedia\/commons\/c\/c8\/Glaucidium_passerinum_20110413.jpg\"><img loading=\"lazy\" decoding=\"async\" class=\"alignnone\" src=\"https:\/\/upload.wikimedia.org\/wikipedia\/commons\/c\/c8\/Glaucidium_passerinum_20110413.jpg\" alt=\"\" width=\"241\" height=\"362\" \/><\/a><\/p>\n","protected":false},"excerpt":{"rendered":"<p>&nbsp; Fonte noticia: Verde y azul \u00a0IXUXU: L\u2019ornit\u00f3logu asturianu Daniel L\u00f3pez afaya una nueva especie d\u2019ave n\u2019Espa\u00f1a \u201cFoi un momentu inolvidable, una sensaci\u00f3n incre\u00edble, un chute d&#8217;adrenalina. Pens\u00e9 que taba sua\u00f1ando\u201d. Asina describi\u00f3 l&#8217;ornit\u00f3logu asturianu Daniel L\u00f3pez Velasco (Salinas, 1987) la emoci\u00f3n que sinti\u00f3 al afayar nos Pirineos la presencia, per primer vegada n&#8217;Espa\u00f1a, del [&hellip;]<\/p>\n","protected":false},"author":117,"featured_media":0,"comment_status":"open","ping_status":"open","sticky":false,"template":"","format":"standard","meta":{"footnotes":""},"categories":[4],"tags":[],"class_list":["post-6675","post","type-post","status-publish","format-standard","hentry","category-natura"],"_links":{"self":[{"href":"https:\/\/edublog.educastur.es\/ixuxu\/wp-json\/wp\/v2\/posts\/6675","targetHints":{"allow":["GET"]}}],"collection":[{"href":"https:\/\/edublog.educastur.es\/ixuxu\/wp-json\/wp\/v2\/posts"}],"about":[{"href":"https:\/\/edublog.educastur.es\/ixuxu\/wp-json\/wp\/v2\/types\/post"}],"author":[{"embeddable":true,"href":"https:\/\/edublog.educastur.es\/ixuxu\/wp-json\/wp\/v2\/users\/117"}],"replies":[{"embeddable":true,"href":"https:\/\/edublog.educastur.es\/ixuxu\/wp-json\/wp\/v2\/comments?post=6675"}],"version-history":[{"count":4,"href":"https:\/\/edublog.educastur.es\/ixuxu\/wp-json\/wp\/v2\/posts\/6675\/revisions"}],"predecessor-version":[{"id":6679,"href":"https:\/\/edublog.educastur.es\/ixuxu\/wp-json\/wp\/v2\/posts\/6675\/revisions\/6679"}],"wp:attachment":[{"href":"https:\/\/edublog.educastur.es\/ixuxu\/wp-json\/wp\/v2\/media?parent=6675"}],"wp:term":[{"taxonomy":"category","embeddable":true,"href":"https:\/\/edublog.educastur.es\/ixuxu\/wp-json\/wp\/v2\/categories?post=6675"},{"taxonomy":"post_tag","embeddable":true,"href":"https:\/\/edublog.educastur.es\/ixuxu\/wp-json\/wp\/v2\/tags?post=6675"}],"curies":[{"name":"wp","href":"https:\/\/api.w.org\/{rel}","templated":true}]}}