{"id":66766,"date":"2026-01-26T08:58:19","date_gmt":"2026-01-26T06:58:19","guid":{"rendered":"https:\/\/edublog.educastur.es\/ixuxu\/?p=66766"},"modified":"2026-01-26T19:02:50","modified_gmt":"2026-01-26T17:02:50","slug":"les-umbaes-van-llegar-a-toa-velocida-con-agues-y-nevaes-intenses","status":"publish","type":"post","link":"https:\/\/edublog.educastur.es\/ixuxu\/2026\/01\/les-umbaes-van-llegar-a-toa-velocida-con-agues-y-nevaes-intenses\/","title":{"rendered":"Les umbaes van llegar a toa velocid\u00e1 con ag\u00fces y nevaes intenses"},"content":{"rendered":"<p style=\"text-align: center\"><a href=\"https:\/\/services.meteored.com\/img\/article\/el-tiempo-de-la-proxima-semana-en-espana-las-borrascas-llegaran-a-toda-velocidad-con-lluvias-y-nevadas-intensas-1769330218137_1024.jpg\"><img loading=\"lazy\" decoding=\"async\" class=\"aligncenter size-large\" src=\"https:\/\/services.meteored.com\/img\/article\/el-tiempo-de-la-proxima-semana-en-espana-las-borrascas-llegaran-a-toda-velocidad-con-lluvias-y-nevadas-intensas-1769330218137_1024.jpg\" width=\"1024\" height=\"720\" \/><br \/>\n<\/a><\/p>\n<p>&nbsp;<\/p>\n<p style=\"text-align: left\">Arrinca una nueva selmana caracterizada pola din\u00e1mica atl\u00e1ntica, col remexu polar baxu de llatit\u00fa y un carrusel d&#8217;umbaes afectando a Espa\u00f1a. La NAO va cayer a valores negativos y el tiempu va ser lluviosu y airosu polo xeneral.<\/p>\n<p><!--more--><a href=\"https:\/\/services.meteored.com\/img\/article\/el-tiempo-de-la-proxima-semana-en-espana-las-borrascas-llegaran-a-toda-velocidad-con-lluvias-y-nevadas-intensas-1769331392994_1024.png\"><img loading=\"lazy\" decoding=\"async\" class=\"aligncenter size-large\" src=\"https:\/\/services.meteored.com\/img\/article\/el-tiempo-de-la-proxima-semana-en-espana-las-borrascas-llegaran-a-toda-velocidad-con-lluvias-y-nevadas-intensas-1769331392994_1024.png\" width=\"1024\" height=\"731\" \/><\/a><\/p>\n<p><a href=\"https:\/\/services.meteored.com\/img\/article\/el-tiempo-de-la-proxima-semana-en-espana-las-borrascas-llegaran-a-toda-velocidad-con-lluvias-y-nevadas-intensas-1769329918348_1024.png\"><img loading=\"lazy\" decoding=\"async\" class=\"aligncenter size-large\" src=\"https:\/\/services.meteored.com\/img\/article\/el-tiempo-de-la-proxima-semana-en-espana-las-borrascas-llegaran-a-toda-velocidad-con-lluvias-y-nevadas-intensas-1769329918348_1024.png\" width=\"1024\" height=\"720\" \/><\/a><\/p>\n<p>&nbsp;<\/p>\n<p style=\"text-align: center\"><a href=\"https:\/\/services.meteored.com\/img\/article\/el-tiempo-de-la-proxima-semana-en-espana-las-borrascas-llegaran-a-toda-velocidad-con-lluvias-y-nevadas-intensas-1769330042302_1024.png\"><img loading=\"lazy\" decoding=\"async\" class=\"aligncenter size-large\" src=\"https:\/\/services.meteored.com\/img\/article\/el-tiempo-de-la-proxima-semana-en-espana-las-borrascas-llegaran-a-toda-velocidad-con-lluvias-y-nevadas-intensas-1769330042302_1024.png\" width=\"1024\" height=\"720\" \/><\/a><\/p>\n","protected":false},"excerpt":{"rendered":"<p>&nbsp; Arrinca una nueva selmana caracterizada pola din\u00e1mica atl\u00e1ntica, col remexu polar baxu de llatit\u00fa y un carrusel d&#8217;umbaes afectando a Espa\u00f1a. La NAO va cayer a valores negativos y el tiempu va ser lluviosu y airosu polo xeneral.<\/p>\n","protected":false},"author":117,"featured_media":0,"comment_status":"closed","ping_status":"closed","sticky":false,"template":"","format":"standard","meta":{"footnotes":""},"categories":[5],"tags":[],"class_list":["post-66766","post","type-post","status-publish","format-standard","hentry","category-tiempu"],"_links":{"self":[{"href":"https:\/\/edublog.educastur.es\/ixuxu\/wp-json\/wp\/v2\/posts\/66766","targetHints":{"allow":["GET"]}}],"collection":[{"href":"https:\/\/edublog.educastur.es\/ixuxu\/wp-json\/wp\/v2\/posts"}],"about":[{"href":"https:\/\/edublog.educastur.es\/ixuxu\/wp-json\/wp\/v2\/types\/post"}],"author":[{"embeddable":true,"href":"https:\/\/edublog.educastur.es\/ixuxu\/wp-json\/wp\/v2\/users\/117"}],"replies":[{"embeddable":true,"href":"https:\/\/edublog.educastur.es\/ixuxu\/wp-json\/wp\/v2\/comments?post=66766"}],"version-history":[{"count":3,"href":"https:\/\/edublog.educastur.es\/ixuxu\/wp-json\/wp\/v2\/posts\/66766\/revisions"}],"predecessor-version":[{"id":66769,"href":"https:\/\/edublog.educastur.es\/ixuxu\/wp-json\/wp\/v2\/posts\/66766\/revisions\/66769"}],"wp:attachment":[{"href":"https:\/\/edublog.educastur.es\/ixuxu\/wp-json\/wp\/v2\/media?parent=66766"}],"wp:term":[{"taxonomy":"category","embeddable":true,"href":"https:\/\/edublog.educastur.es\/ixuxu\/wp-json\/wp\/v2\/categories?post=66766"},{"taxonomy":"post_tag","embeddable":true,"href":"https:\/\/edublog.educastur.es\/ixuxu\/wp-json\/wp\/v2\/tags?post=66766"}],"curies":[{"name":"wp","href":"https:\/\/api.w.org\/{rel}","templated":true}]}}