{"id":66779,"date":"2026-01-23T09:00:31","date_gmt":"2026-01-23T07:00:31","guid":{"rendered":"https:\/\/edublog.educastur.es\/ixuxu\/?p=66779"},"modified":"2026-01-26T19:53:47","modified_gmt":"2026-01-26T17:53:47","slug":"dia-mundial-de-la-escritura-a-mano","status":"publish","type":"post","link":"https:\/\/edublog.educastur.es\/ixuxu\/2026\/01\/dia-mundial-de-la-escritura-a-mano\/","title":{"rendered":"D\u00eda Mundial de la escritura a mano"},"content":{"rendered":"<p>La imaxe ye del llibru \u00abBoy, relatos de la infancia\u00bb, de Roald Dahl. N\u00e9l c\u00fantanos la so vida desque naci\u00f3, an\u00e9cdotes, ense\u00f1a munches fotograf\u00edes personales y fragmentos de les cartes qu&#8217;escribi\u00f3 a mano. Porque&#8230; \u00a1Roald Dahl escribi\u00f3 a la so madre una carta a la selmana mientres cuarenta a\u00f1os!<\/p>\n<p style=\"text-align: center\">\n<!-- iframe plugin v.6.0 wordpress.org\/plugins\/iframe\/ -->\n<iframe loading=\"lazy\" src=\"https:\/\/www.facebook.com\/plugins\/post.php?href=https%3A%2F%2Fwww.facebook.com%2Floqueleosantillanaspain%2Fposts%2Fpfbid04prfQWWTouFbp3Sq6aDq3y7H74CaH8ny7GeEQMbNSosZHPSso6uk94c6HbckUR7Yl&#038;show_text=false&#038;width=500\" width=\"500\" height=\"281\" style=\"border:none;overflow:hidden\" scrolling=\"no\" frameborder=\"0\" allowfullscreen=\"true\" allow=\"autoplay; clipboard-write; encrypted-media; picture-in-picture; web-share\" 0=\"\/iframe\" class=\"iframe-class\"><\/iframe>\n<\/p>\n<p>Una xornada para cavilgar sobro les razones poles que ye bonu siguir escribiendo a mano y qu\u00e9 podemos perder si dexamos de faelo: Ameyora l&#8217;aprendizaxe, activa la memoria, fai ser un meyor escritor, d\u00e9xate pensar m\u00e1s, evita distracciones, ameyora la capacid\u00e1 de concentraci\u00f3n, favorez l&#8217;asociaci\u00f3n d&#8217;idees y la creativid\u00e1, ameyora&#8217;l llinguaxe, relaxa, evita l&#8217;ansied\u00e1 y combate el estr\u00e9s, caltien el celebru activu, combate&#8217;l deterioru cognitivu y muncho m\u00e1s&#8230;<\/p>\n<p><!--more--><\/p>\n<p>Esta fecha busca resaltar el valor humanu del escribir manuscritu, promoviendo actividaes que reconecten cola tradici\u00f3n metanes una redolada dixitalizao. Nun mundu nel que la escritura al travi\u00e9s de dispositivos dixitales predomina sobro la escritura a mano tradicional, nun paez nenguna tontura que <strong>la caligraf\u00eda<\/strong> tenga un d\u00eda especial nel que se recuerde y reivind\u00edquese la importancia y la guapura d&#8217;esta activid\u00e1.<\/p>\n<p>&nbsp;<\/p>\n<p>Non solo quepe destacar la guapura de la faceta est\u00e9tica de la caligraf\u00eda \u2013que tami\u00e9n\u2013, y\u00e1 que reci\u00e9n investigaciones demuestren que <strong>la ense\u00f1anza de les habilidaes d&#8217;escritura a mano beneficia&#8217;l desenvolvimientu cognitivu y les habilidaes motores, y puede conducir a una meyora de les habilidaes d&#8217;escritura y comprensi\u00f3n de llectura.<\/strong><\/p>\n<p>La caligraf\u00eda (del griegu \u03ba\u03b1\u03bb\u03bb\u03b9\u03b3\u03c1\u03b1\u03c6\u03af\u03b1 [kaligraf\u00eda]) ye l&#8217;arte d&#8217;escribir con lletra bella\u00bb, art\u00edstica y correchamente formada, siguiendo distintos estilos; pero tami\u00e9n puede entendese como&#8217;l conxuntu de traces que caractericen la escritura d&#8217;una persona o d&#8217;un documentu.\u00a0Una perspectiva cl\u00e1sica definir\u00eda a la <strong>caligraf\u00eda como&#8217;l conxuntu de lletres escrites que dependen del fluxu y ritmu de la pluma, pincel o pres\u00e9u de cantu planu que s&#8217;utiliza para&#8217;l so traz\u00e1u.<\/strong><\/p>\n<p style=\"text-align: center\"><a href=\"https:\/\/www.noticiasneo.com\/sites\/default\/files\/2022-01\/Escritura%20a%20mano%202.png\"><img loading=\"lazy\" decoding=\"async\" class=\"aligncenter size-large\" src=\"https:\/\/www.noticiasneo.com\/sites\/default\/files\/2022-01\/Escritura%20a%20mano%202.png\" width=\"600\" height=\"400\" \/><\/a><\/p>\n<p>Ye por ello polo que, ensin dulda, tamos \u00e9nte una activid\u00e1 especialmente beneficiosa pal ser humanu que nun tendr\u00eda de perder se nel tiempu. Asina que, si nun lu has fechu y\u00e1, x\u00fanite a la celebraci\u00f3n, faite con un l\u00e1piz, tiza, bol\u00edgrafu o pluma y \u00a1escribe! Vas Poder compartir la resultancia col mundu en redes sociales so los hashtags <strong>#HandWritingDay<\/strong>\u00a0y\u00a0<strong>#NationalHandWritingDay<\/strong>.<\/p>\n","protected":false},"excerpt":{"rendered":"<p>La imaxe ye del llibru \u00abBoy, relatos de la infancia\u00bb, de Roald Dahl. N\u00e9l c\u00fantanos la so vida desque naci\u00f3, an\u00e9cdotes, ense\u00f1a munches fotograf\u00edes personales y fragmentos de les cartes qu&#8217;escribi\u00f3 a mano. Porque&#8230; \u00a1Roald Dahl escribi\u00f3 a la so madre una carta a la selmana mientres cuarenta a\u00f1os! Una xornada para cavilgar sobro les [&hellip;]<\/p>\n","protected":false},"author":117,"featured_media":0,"comment_status":"closed","ping_status":"closed","sticky":false,"template":"","format":"standard","meta":{"footnotes":""},"categories":[6],"tags":[],"class_list":["post-66779","post","type-post","status-publish","format-standard","hentry","category-dia-de"],"_links":{"self":[{"href":"https:\/\/edublog.educastur.es\/ixuxu\/wp-json\/wp\/v2\/posts\/66779","targetHints":{"allow":["GET"]}}],"collection":[{"href":"https:\/\/edublog.educastur.es\/ixuxu\/wp-json\/wp\/v2\/posts"}],"about":[{"href":"https:\/\/edublog.educastur.es\/ixuxu\/wp-json\/wp\/v2\/types\/post"}],"author":[{"embeddable":true,"href":"https:\/\/edublog.educastur.es\/ixuxu\/wp-json\/wp\/v2\/users\/117"}],"replies":[{"embeddable":true,"href":"https:\/\/edublog.educastur.es\/ixuxu\/wp-json\/wp\/v2\/comments?post=66779"}],"version-history":[{"count":7,"href":"https:\/\/edublog.educastur.es\/ixuxu\/wp-json\/wp\/v2\/posts\/66779\/revisions"}],"predecessor-version":[{"id":66786,"href":"https:\/\/edublog.educastur.es\/ixuxu\/wp-json\/wp\/v2\/posts\/66779\/revisions\/66786"}],"wp:attachment":[{"href":"https:\/\/edublog.educastur.es\/ixuxu\/wp-json\/wp\/v2\/media?parent=66779"}],"wp:term":[{"taxonomy":"category","embeddable":true,"href":"https:\/\/edublog.educastur.es\/ixuxu\/wp-json\/wp\/v2\/categories?post=66779"},{"taxonomy":"post_tag","embeddable":true,"href":"https:\/\/edublog.educastur.es\/ixuxu\/wp-json\/wp\/v2\/tags?post=66779"}],"curies":[{"name":"wp","href":"https:\/\/api.w.org\/{rel}","templated":true}]}}