{"id":6680,"date":"2021-06-03T17:41:25","date_gmt":"2021-06-03T15:41:25","guid":{"rendered":"https:\/\/edublog.educastur.es\/ixuxu\/?p=6680"},"modified":"2021-06-03T18:34:57","modified_gmt":"2021-06-03T16:34:57","slug":"premiu-2021-a-los-llibros-meyor-editaos-en-2020","status":"publish","type":"post","link":"https:\/\/edublog.educastur.es\/ixuxu\/2021\/06\/premiu-2021-a-los-llibros-meyor-editaos-en-2020\/","title":{"rendered":"Opta al \u00abPremiu 2021 a los Llibros Meyor Editaos en 2020\u00bb."},"content":{"rendered":"<div class=\"kvgmc6g5 cxmmr5t8 oygrvhab hcukyx3x c1et5uql ii04i59q\">\n<div dir=\"auto\" style=\"text-align: center\"><a href=\"https:\/\/cdn.palbincdn.com\/users\/11282\/images\/cubierta-web-1593155239.jpg\"><img loading=\"lazy\" decoding=\"async\" class=\"alignnone\" src=\"https:\/\/cdn.palbincdn.com\/users\/11282\/images\/cubierta-web-1593155239.jpg\" alt=\"\" width=\"474\" height=\"474\" \/><\/a><\/div>\n<div dir=\"auto\"><\/div>\n<div dir=\"auto\">Per primer vegada, una obra editada n\u2019asturianu aspira al <span style=\"text-decoration: underline\"><strong>Premiu a los Llibros Meyor Editaos en 2020<\/strong><\/span> qu\u2019entama\u2019l Ministeriu de Cultura y Deporte.<span style=\"color: #008080\"><strong> FICHA: <a href=\"https:\/\/www.pintar-pintar.com\/p7693853-xosefa-de-xovellanos.html\">\u00abXosefa de Xovellanos. La Esbelta. La dama ilustrada de les Lletres Asturianes\u00bb<\/a><\/strong><\/span> de <a class=\"oajrlxb2 g5ia77u1 qu0x051f esr5mh6w e9989ue4 r7d6kgcz rq0escxv nhd2j8a9 nc684nl6 p7hjln8o kvgmc6g5 cxmmr5t8 oygrvhab hcukyx3x jb3vyjys rz4wbd8a qt6c0cv9 a8nywdso i1ao9s8h esuyzwwr f1sip0of lzcic4wl q66pz984 gpro0wi8 b1v8xokw\" role=\"link\" href=\"https:\/\/www.facebook.com\/vicente.garciaoliva?__cft__[0]=AZXXnvzZtip7BHhkv9DqlsnQcNdnqCPobFo3Q2XGw-TYTaYKTQQTdm5LyTdXJI9ey0FTXAnwqpdYi1llefY5RvKn_CLyImXp9vgvd4DVcm1IpXdHut6xk4611NK3XsnO2s9zEnBstXyCTSsqhsOncMWjmmizFnkt1RXt8_XXdyWmHipAEb0ejJJH1vZFzTWezlc&amp;__tn__=-]K-R\"><span class=\"nc684nl6\">Vicente Garc\u00eda Oliva<\/span><\/a> e <a class=\"oajrlxb2 g5ia77u1 qu0x051f esr5mh6w e9989ue4 r7d6kgcz rq0escxv nhd2j8a9 nc684nl6 p7hjln8o kvgmc6g5 cxmmr5t8 oygrvhab hcukyx3x jb3vyjys rz4wbd8a qt6c0cv9 a8nywdso i1ao9s8h esuyzwwr f1sip0of lzcic4wl q66pz984 gpro0wi8 b1v8xokw\" role=\"link\" href=\"https:\/\/www.facebook.com\/ilemi.cuestamier?__cft__[0]=AZXXnvzZtip7BHhkv9DqlsnQcNdnqCPobFo3Q2XGw-TYTaYKTQQTdm5LyTdXJI9ey0FTXAnwqpdYi1llefY5RvKn_CLyImXp9vgvd4DVcm1IpXdHut6xk4611NK3XsnO2s9zEnBstXyCTSsqhsOncMWjmmizFnkt1RXt8_XXdyWmHipAEb0ejJJH1vZFzTWezlc&amp;__tn__=-]K-R\"><span class=\"nc684nl6\">Ilemi Cuesta Mier<\/span><\/a> <span style=\"color: #008080\"><strong><br \/>\n<\/strong><\/span><\/div>\n<div dir=\"auto\"><!--more--><\/div>\n<blockquote>\n<div dir=\"auto\">\n<h1 class=\"title page-title\"><span style=\"font-size: 20px;color: #008080\"><em>\u201cEl fechu de poder presentar un llibru n\u2019asturianu y\u00e1 ye un \u00e9situ\u201d<\/em><\/span><em><span style=\"font-size: 16px\">, apunta Ester S\u00e1nchez<\/span><\/em><\/h1>\n<\/div>\n<\/blockquote>\n<div dir=\"auto\"><\/div>\n<ul>\n<li><a href=\"https:\/\/cultura.sede.gob.es\/procedimientos\/portada\/idp\/909\/ida\/3153\/\">Info premiu<\/a><\/li>\n<li><a href=\"https:\/\/asturies.com\/noticies\/el-fechu-de-poder-presentar-un-llibru-nasturianu-ya-ye-un-esitu-apunta-ester-sanchez?fbclid=IwAR23E-J5nNvxV0dXbHdGtbmKXAaWLL7kmWncBn5C-EkBnziowoxZN0DIefI\">Noticia: Asturies.com<\/a><\/li>\n<\/ul>\n<\/div>\n<div class=\"o9v6fnle cxmmr5t8 oygrvhab hcukyx3x c1et5uql ii04i59q\">\n<div dir=\"auto\">Ye la primer vegada que podemos faer esto, la primer vegada qu&#8217;un llibru edit\u00e1u n&#8217;asturianu puede entrar nesta convocatoria. Y eso, y\u00e1 ye tou un premiu.<\/div>\n<\/div>\n<div class=\"o9v6fnle cxmmr5t8 oygrvhab hcukyx3x c1et5uql ii04i59q\">\n<div dir=\"auto\">Gracies por abrir caminos <a class=\"oajrlxb2 g5ia77u1 qu0x051f esr5mh6w e9989ue4 r7d6kgcz rq0escxv nhd2j8a9 nc684nl6 p7hjln8o kvgmc6g5 cxmmr5t8 oygrvhab hcukyx3x jb3vyjys rz4wbd8a qt6c0cv9 a8nywdso i1ao9s8h esuyzwwr f1sip0of lzcic4wl q66pz984 gpro0wi8 b1v8xokw\" role=\"link\" href=\"https:\/\/www.facebook.com\/selmana.lletresasturianes?__cft__[0]=AZXXnvzZtip7BHhkv9DqlsnQcNdnqCPobFo3Q2XGw-TYTaYKTQQTdm5LyTdXJI9ey0FTXAnwqpdYi1llefY5RvKn_CLyImXp9vgvd4DVcm1IpXdHut6xk4611NK3XsnO2s9zEnBstXyCTSsqhsOncMWjmmizFnkt1RXt8_XXdyWmHipAEb0ejJJH1vZFzTWezlc&amp;__tn__=-]K-R\"><span class=\"nc684nl6\">Pol\u00edtica Lling\u00fc\u00edstica Princip\u00e1u d&#8217;Asturies<\/span><\/a><\/div>\n<div dir=\"auto\">\n<div class=\"field field-name-body field-type-text-with-summary field-label-hidden\">\n<div class=\"field-items\">\n<div class=\"field-item even\">\n<p>\u201cEl fechu de poder presentar un llibru n\u2019asturianu y\u00e1 ye un \u00e9situ, sobre manera a futures\u201d, apunta la editora Ester S\u00e1nchez. \u201cEn convocatories pasaes, al nun ser oficial l\u2019idioma, nun te ten\u00eden en cuenta, yera como si lo que s\u2019editaba equ\u00ed n\u2019asturianu nun esistiera fuera, pero esti a\u00f1u cambi\u00f3 la cosa depu\u00e9s de les conversaciones de Berta Pi\u00f1\u00e1n y Ant\u00f3n Garc\u00eda col ministeriu\u201d, a\u00f1ade.<\/p>\n<p>Con tr\u00e9s Premios Nacional de Edici\u00f3n, nel 2007, 2012 y 2014, dende Pintar-Pintar llamenten los munchos trabayos \u201cque nun pudimos presentar\u201d estos a\u00f1os por ser n\u2019asturianu. Agora aspirar per primer vegada con un llibru nesti idioma al honor\u00edficu Premiu a los Llibros Meyor Editaos, correspondiente a los t\u00edtulos espublizaos nel 2020, con \u2018Xosefa de Xovellanos. La Esbelta. La dama ilustrada de les Lletres Asturianes&#8217;, tres tar na llista d&#8217;almit\u00edos, \u201cun pas\u00edn m\u00e1s pal asturianu que nos fai tar mui contentos\u201d.<\/p>\n<p>Escritu por Garc\u00eda Oliva, con guapes ilustraciones d\u2019Ilemi Cuesta, <span style=\"color: #008080\"><strong>\u201cye un llibru fundamental que mira pa la cultura y pa les muyeres al travi\u00e9s de la figura de Xosefa, desconocida pa munches persones\u201d<\/strong><\/span>. Empleg\u00e1u por maestres y maestros pa trabayar en clase, ye\u2019l primer llibru d\u2019una coleici\u00f3n que busca dar a conocer biograf\u00edes de muyeres y tendr\u00e1 continuid\u00e1 cola d&#8217;Urraca l&#8217;Asturiana, colos mesmos autores y con salida prevista, si nun hai noved\u00e1, pal a\u00f1u qu\u2019entra.<\/p>\n<table class=\"sticky-enabled tableheader-processed sticky-table\">\n<thead>\n<tr>\n<th>Adxuntu<\/th>\n<th>Tama\u00f1u<\/th>\n<\/tr>\n<\/thead>\n<tbody>\n<tr class=\"odd\">\n<td><span class=\"file\"><img decoding=\"async\" class=\"file-icon\" title=\"application\/pdf\" src=\"https:\/\/asturies.com\/modules\/file\/icons\/application-pdf.png\" alt=\"PDF icon\" \/> <a title=\"boe_bases_del_premiu_2021_a_los_llibros_meyor_editaos_2020.pdf\" href=\"https:\/\/asturies.com\/sites\/default\/files\/boe_bases_del_premiu_2021_a_los_llibros_meyor_editaos_2020.pdf\">BOE Bases del Premiu 2021 a los Llibros Meyor Editaos 2020<\/a><\/span><\/td>\n<td>269.78 KB<\/td>\n<\/tr>\n<tr class=\"even\">\n<td><span class=\"file\"><img decoding=\"async\" class=\"file-icon\" title=\"application\/pdf\" src=\"https:\/\/asturies.com\/modules\/file\/icons\/application-pdf.png\" alt=\"PDF icon\" \/> <a title=\"titulos_almitios_al_premiu_2021_a_los_llibros_meyor_editaos_2020.pdf\" href=\"https:\/\/asturies.com\/sites\/default\/files\/titulos_almitios_al_premiu_2021_a_los_llibros_meyor_editaos_2020.pdf\">T\u00edtulos almit\u00edos al Premiu 2021 a los Llibros Meyor Editaos 2020<\/a><\/span><\/td>\n<td>582.63 KB<\/td>\n<\/tr>\n<\/tbody>\n<\/table>\n<\/div>\n<\/div>\n<\/div>\n<\/div>\n<\/div>\n","protected":false},"excerpt":{"rendered":"<p>Per primer vegada, una obra editada n\u2019asturianu aspira al Premiu a los Llibros Meyor Editaos en 2020 qu\u2019entama\u2019l Ministeriu de Cultura y Deporte. FICHA: \u00abXosefa de Xovellanos. La Esbelta. La dama ilustrada de les Lletres Asturianes\u00bb de Vicente Garc\u00eda Oliva e Ilemi Cuesta Mier<\/p>\n","protected":false},"author":117,"featured_media":0,"comment_status":"open","ping_status":"open","sticky":false,"template":"","format":"standard","meta":{"footnotes":""},"categories":[10,40,58],"tags":[],"class_list":["post-6680","post","type-post","status-publish","format-standard","hentry","category-llibros-reciella","category-pintar-pintar","category-premios"],"_links":{"self":[{"href":"https:\/\/edublog.educastur.es\/ixuxu\/wp-json\/wp\/v2\/posts\/6680","targetHints":{"allow":["GET"]}}],"collection":[{"href":"https:\/\/edublog.educastur.es\/ixuxu\/wp-json\/wp\/v2\/posts"}],"about":[{"href":"https:\/\/edublog.educastur.es\/ixuxu\/wp-json\/wp\/v2\/types\/post"}],"author":[{"embeddable":true,"href":"https:\/\/edublog.educastur.es\/ixuxu\/wp-json\/wp\/v2\/users\/117"}],"replies":[{"embeddable":true,"href":"https:\/\/edublog.educastur.es\/ixuxu\/wp-json\/wp\/v2\/comments?post=6680"}],"version-history":[{"count":5,"href":"https:\/\/edublog.educastur.es\/ixuxu\/wp-json\/wp\/v2\/posts\/6680\/revisions"}],"predecessor-version":[{"id":6711,"href":"https:\/\/edublog.educastur.es\/ixuxu\/wp-json\/wp\/v2\/posts\/6680\/revisions\/6711"}],"wp:attachment":[{"href":"https:\/\/edublog.educastur.es\/ixuxu\/wp-json\/wp\/v2\/media?parent=6680"}],"wp:term":[{"taxonomy":"category","embeddable":true,"href":"https:\/\/edublog.educastur.es\/ixuxu\/wp-json\/wp\/v2\/categories?post=6680"},{"taxonomy":"post_tag","embeddable":true,"href":"https:\/\/edublog.educastur.es\/ixuxu\/wp-json\/wp\/v2\/tags?post=6680"}],"curies":[{"name":"wp","href":"https:\/\/api.w.org\/{rel}","templated":true}]}}