{"id":66809,"date":"2026-01-27T10:00:23","date_gmt":"2026-01-27T08:00:23","guid":{"rendered":"https:\/\/edublog.educastur.es\/ixuxu\/?p=66809"},"modified":"2026-01-26T20:59:13","modified_gmt":"2026-01-26T18:59:13","slug":"i-edicion-de-fanmedia-con-un-festival-de-cultura-fan","status":"publish","type":"post","link":"https:\/\/edublog.educastur.es\/ixuxu\/2026\/01\/i-edicion-de-fanmedia-con-un-festival-de-cultura-fan\/","title":{"rendered":"I edici\u00f3n de FanMedia Con, un festival de cultura fan, n&#8217;Uvi\u00e9u"},"content":{"rendered":"<p style=\"text-align: center\"><a href=\"https:\/\/spainaudiovisualhub.digital.gob.es\/content\/dam\/seteleco-hub-audiovisual\/resources\/images\/press-releases\/fanmedia\/Fanmedia.png\"><img loading=\"lazy\" decoding=\"async\" class=\"aligncenter \" src=\"https:\/\/spainaudiovisualhub.digital.gob.es\/content\/dam\/seteleco-hub-audiovisual\/resources\/images\/press-releases\/fanmedia\/Fanmedia.png\" width=\"628\" height=\"353\" \/><\/a><\/p>\n<p>Asina va ser el gran festival d&#8217;Uvi\u00e9u que preve superar los 20.000 asistentes: 50 \u00abinfluencers\u00bb confirmen la so presencia. L&#8217;eventu, que va incluyir talleres, esposiciones y emisiones en directu aspira a llegar a m\u00e1s de 100 millones d&#8217;espectadores poles redes sociales. <a href=\"https:\/\/www.lne.es\/oviedo\/2026\/01\/23\/sera-gran-festival-oviedo-preve-125998954.html?fbclid=IwY2xjawPkljVleHRuA2FlbQIxMABicmlkETF5TGRqdE5HaTN6SGEycExhc3J0YwZhcHBfaWQQMjIyMDM5MTc4ODIwMDg5MgABHjj7cyrr7-4rU4kgHtw_KUd_Mg5Cdf1mYUGhYZbuHlebTRqED6lYbd-YNTYc_aem_A31qTgaXt6VSUhHbb2MaFg&amp;utm_campaign=mrf-facebook-lneoviedo&amp;mrfcid=20260123697017026707341e4e92fd15\">LNE<\/a> \/ El Palaciu d&#8217;Esposiciones y Congresos Ciudad d&#8217;Uvi\u00e9u va convertise<strong> del 20 al 22 de marzu de 2026<\/strong> n&#8217;epicentru de la cultura dixital y fan cola <strong>primer edici\u00f3n de FanMedia Con, un festival de cultura fan que busca treslladar al espaciu f\u00edsicu comunidaes nac\u00edes n&#8217;internet<\/strong>.<a href=\"https:\/\/fanmediacon.fanmedia.es\"> Inscripci\u00f3n nel eventu<\/a> \/ <a href=\"https:\/\/www.instagram.com\/fanmedia_es?igsh=cHo4NXZ6NTRhNDB4\">Instagram<\/a> \/\u00a0 <strong><a href=\"https:\/\/spainaudiovisualhub.digital.gob.es\/es\/actualidad\/fanmedia-con\">WEB\u00a0<\/a><\/strong><\/p>\n<p><!--more--><\/p>\n<p>Creativid\u00e1, tecnolox\u00eda, gastronom\u00eda, Geek y cultura Pop nun eventu \u00fanicu n&#8217;Espa\u00f1a.<\/p>\n<p>La cita, sofitada pola conceyal\u00eda d&#8217;Hosteler\u00eda, Turismu y Congresos, que dirixe Alfredo Garc\u00eda Quintana, preve axuntar ente 17.000 y 20.000 visites mientres tr\u00e9s xornaes nel complexu dise\u00f1\u00e1u por Santiago Calatrava.<\/p>\n<p style=\"text-align: center\"><span class=\"x193iq5w xeuugli x13faqbe x1vvkbs xt0psk2 x1i0vuye xvs91rp xo1l8bm x5n08af x10wh9bi xpm28yp x8viiok x1o7cslx x126k92a\"><span class=\"html-span xexx8yu x4uap5 x18d9i69 xkhd6sd x1hl2dhg x16tdsg8 x1vvkbs x3nfvp2 x1j61x8r x1fcty0u xdj266r xat24cr xgzva0m xhhsvwb xxymvpz xlup9mm x1kky2od\">\n<!-- iframe plugin v.6.0 wordpress.org\/plugins\/iframe\/ -->\n<iframe loading=\"lazy\" src=\"https:\/\/www.instagram.com\/reel\/DTlZgbAjHGs\/embed\" width=\"500\" height=\"645\" 0=\"\/iframe\" scrolling=\"yes\" class=\"iframe-class\" frameborder=\"0\"><\/iframe>\n<\/span><\/span><\/p>\n<p>Llue\u00f1e del formatu de feria convencional, <span style=\"color: #008080\"><strong>FanMedia Con<\/strong><\/span> prop\u00f3n, seg\u00fan los promotores, \u00abuna esperiencia h\u00edbrida\u00bb que combina alcuentros presenciales ente ceadores de conten\u00edu y siguidores, emisiones en directu, charres, podcasts en vivu, talleres, esposiciones y actividaes participatives. La programaci\u00f3n foi dise\u00f1ada dende la perspectiva de los mesmos creadores y de la relaci\u00f3n comu\u00f1al que caltienen coles sos audiencies, coles mires de reforzar el venceyu m\u00e1s all\u00e1 de la pantalla. Pel momento, confirmaron la so presencia medio centenar de \u00abinfluencers\u00bb, que suman m\u00e1s de 102 millones de siguidores.<\/p>\n<p>El festival aspira a rexuntar a p\u00fablicos bien diversos. Van tener cabida siguidores del gaming y los eSports, aficionaos a la cultura geek, pop y audiovisual, interesaos en divulgaci\u00f3n cient\u00edfica y tecnol\u00f3xica, c\u00f3mic, cine o m\u00fasica, seg\u00fan quien entienden la gastronom\u00eda como una forma d&#8217;esperiencia cultural compartida. Mientres tr\u00e9s d\u00edes, <strong>Uvi\u00e9u va asitiase nel mapa nacional de les nueves formes de creaci\u00f3n y consumu cultural.<\/strong><\/p>\n<p>La exa central del eventu va ser l&#8217;alcuentru directu ente ceadores y p\u00fablicu. Va baber grabaciones en directu, din\u00e1miques conxuntes, competiciones de videoxuegos y esperiencies de realid\u00e1 virtual, am\u00e1s de propuestes gastron\u00f3miques tematizaes que van combinar tradici\u00f3n ya imaxinarios de la cultura popular. Tami\u00e9n se van habilitar espacios pa xuegos de rol, xuegos de mesa y cartes coleccionables como Magic: The Gathering, xuntu a una zona dedicada a artesanos y ceadores venceyaos a la ilustraci\u00f3n, la fantas\u00eda y la ciencia ficci\u00f3n.<\/p>\n<p>El proyectu ta lider\u00e1u por<strong> The Corvus Cla<\/strong>, colectivu con m\u00e1s d&#8217;ocho millones de siguidores en plataformes dixitales, qu&#8217;act\u00faa como motor conceptual del festival. L&#8217;eventu va cuntar con Daniel Fez como maestru de ceremonies y cola participaci\u00f3n de m\u00e1s de mediu centenar de ceadores y divulgadores de primer nivel. FanMedia Con naz con vocaci\u00f3n de continuid\u00e1, sofitada nuna plataforma dixital permanente que va caltener activa la comunid\u00e1 antes y dempu\u00e9s de la cita presencial.<\/p>\n<p>El Conceyu conf\u00eda en que l&#8217;impactu tur\u00edstico y cultural refuerce la proyecci\u00f3n d&#8217;Uvi\u00e9u como see estable de grandes eventos venceyaos a la creaci\u00f3n dixital contemporanea nos pr\u00f3ximos a\u00f1os<\/p>\n","protected":false},"excerpt":{"rendered":"<p>Asina va ser el gran festival d&#8217;Uvi\u00e9u que preve superar los 20.000 asistentes: 50 \u00abinfluencers\u00bb confirmen la so presencia. L&#8217;eventu, que va incluyir talleres, esposiciones y emisiones en directu aspira a llegar a m\u00e1s de 100 millones d&#8217;espectadores poles redes sociales. LNE \/ El Palaciu d&#8217;Esposiciones y Congresos Ciudad d&#8217;Uvi\u00e9u va convertise del 20 al [&hellip;]<\/p>\n","protected":false},"author":117,"featured_media":0,"comment_status":"closed","ping_status":"closed","sticky":false,"template":"","format":"standard","meta":{"footnotes":""},"categories":[397],"tags":[],"class_list":["post-66809","post","type-post","status-publish","format-standard","hentry","category-congresu"],"_links":{"self":[{"href":"https:\/\/edublog.educastur.es\/ixuxu\/wp-json\/wp\/v2\/posts\/66809","targetHints":{"allow":["GET"]}}],"collection":[{"href":"https:\/\/edublog.educastur.es\/ixuxu\/wp-json\/wp\/v2\/posts"}],"about":[{"href":"https:\/\/edublog.educastur.es\/ixuxu\/wp-json\/wp\/v2\/types\/post"}],"author":[{"embeddable":true,"href":"https:\/\/edublog.educastur.es\/ixuxu\/wp-json\/wp\/v2\/users\/117"}],"replies":[{"embeddable":true,"href":"https:\/\/edublog.educastur.es\/ixuxu\/wp-json\/wp\/v2\/comments?post=66809"}],"version-history":[{"count":4,"href":"https:\/\/edublog.educastur.es\/ixuxu\/wp-json\/wp\/v2\/posts\/66809\/revisions"}],"predecessor-version":[{"id":66814,"href":"https:\/\/edublog.educastur.es\/ixuxu\/wp-json\/wp\/v2\/posts\/66809\/revisions\/66814"}],"wp:attachment":[{"href":"https:\/\/edublog.educastur.es\/ixuxu\/wp-json\/wp\/v2\/media?parent=66809"}],"wp:term":[{"taxonomy":"category","embeddable":true,"href":"https:\/\/edublog.educastur.es\/ixuxu\/wp-json\/wp\/v2\/categories?post=66809"},{"taxonomy":"post_tag","embeddable":true,"href":"https:\/\/edublog.educastur.es\/ixuxu\/wp-json\/wp\/v2\/tags?post=66809"}],"curies":[{"name":"wp","href":"https:\/\/api.w.org\/{rel}","templated":true}]}}