{"id":66840,"date":"2026-01-26T21:59:56","date_gmt":"2026-01-26T19:59:56","guid":{"rendered":"https:\/\/edublog.educastur.es\/ixuxu\/?p=66840"},"modified":"2026-01-26T22:47:11","modified_gmt":"2026-01-26T20:47:11","slug":"nacho-vegas-estrena-vidas-semipreciosas-con-tres-cantares-nasturianu","status":"publish","type":"post","link":"https:\/\/edublog.educastur.es\/ixuxu\/2026\/01\/nacho-vegas-estrena-vidas-semipreciosas-con-tres-cantares-nasturianu\/","title":{"rendered":"Nacho Vegas: \u2018Vidas semipreciosas\u2019, con tr\u00e9s cantares n\u2019asturianu"},"content":{"rendered":"<div class=\"elementor-element elementor-element-667e3c7 elementor-widget__width-inherit elementor-widget elementor-widget-theme-post-title elementor-page-title elementor-widget-heading\" data-id=\"667e3c7\" data-element_type=\"widget\" data-widget_type=\"theme-post-title.default\">\n<div class=\"elementor-widget-container\">\n<h1 class=\"elementor-heading-title elementor-size-default\" style=\"text-align: center\"><a href=\"https:\/\/musicasturiana.com\/wp-content\/uploads\/2026\/01\/nacho-vegas-vidas-semipreciosas.jpg\"><img loading=\"lazy\" decoding=\"async\" class=\"aligncenter size-large\" src=\"https:\/\/musicasturiana.com\/wp-content\/uploads\/2026\/01\/nacho-vegas-vidas-semipreciosas.jpg\" width=\"1200\" height=\"600\" \/><\/a><\/h1>\n<\/div>\n<\/div>\n<div class=\"elementor-element elementor-element-00f4678 elementor-widget__width-inherit elementor-widget elementor-widget-theme-post-excerpt\" data-id=\"00f4678\" data-element_type=\"widget\" data-widget_type=\"theme-post-excerpt.default\">\n<div class=\"elementor-widget-container\">El cantautor xixoniegu asoleya&#8217;l so docenu \u00e1lbum d&#8217;estudiu, colos cantares &#8216;Les ales&#8217;, &#8216;Seis pardales&#8217; y &#8216;L&#8217;acabose&#8217;. Nacho Vegas publica un discu nuevu d\u2019estudiu titul\u00e1u <strong><em>Vidas semipreciosas<\/em><\/strong>, un \u00e1lbum que sal a la venta cuando\u2019l cantautor xixoniegu ta a poques de cumplir\u00a0<strong>25 a\u00f1os de trayectoria musical<\/strong>. Esti trabayu, que ye y\u00e1\u2019l docenu d\u2019estudiu, afonda\u00a0<strong>no pol\u00edtico y no personal<\/strong>, faciendo un percorr\u00edu pa crealu ente Xix\u00f3n, Colunga y Pilo\u00f1a. <a href=\"https:\/\/musicasturiana.com\/nacho-vegas-estrena-vidas-semipreciosas-con-tres-cantares-nasturianu\/\">Musicasturiana.com<\/a><\/div>\n<\/div>\n<p><!--more--><\/p>\n<p>Nun ye l\u2019asturianu l\u00b4\u2019<strong>unicu idioma minoriz\u00e1u<\/strong>\u2018l qu\u2019apaez nesti \u00e1lbum de Vegas; l\u2019<strong>euskera y el catal\u00e1n<\/strong>\u00a0apaecen en dos de los catorce temes que componen el discu. Son, precisamente, dos\u00a0<strong>interludios<\/strong>\u00a0que lleven los nomes d\u2019Anna y Adur. La llingua asturiana tami\u00e9n apaez, am\u00e1s, de manera simb\u00f3lica, nel cantar que-y dedica a\u00a0<strong>Cristina Vegas<\/strong>, ma del cantautor, y que titula \u2018F\u00edu\u2019.<\/p>\n<div class=\"wp-block-spacer\" aria-hidden=\"true\"><\/div>\n<blockquote class=\"wp-block-quote is-style-large is-layout-flow wp-block-quote-is-layout-flow\"><p>\u00abEl cantar \u2018Seis pardales\u2019 ye\u2019l\u00a0<strong>m\u00e1s pol\u00edticu<\/strong>\u00a0de los tr\u00e9s asoleyaos n\u2019asturianu. Tr\u00e1tase d\u2019un tema dedic\u00e1u a\u00a0<strong>Les 6 de La Suiza<\/strong>, sindicalistes de Xix\u00f3n que fueron condergaes por defender los d<strong>erechos llaborales y sindicales<\/strong>.\u00bb<\/p><\/blockquote>\n<div class=\"wp-block-spacer\" aria-hidden=\"true\"><\/div>\n<p>\u2018Les ales\u2019 ye la\u00a0<strong>primer propuesta<\/strong>\u00a0que Vegas nos presenta nesti\u00a0<em>Vidas semipreciosas<\/em>\u00a0n\u2019asturianu, un tema\u00a0<strong>mui po\u00e9ticu<\/strong>\u00a0nel que fala\u00a0<strong>metaf\u00f3ricamente<\/strong>\u00a0de les aves, nel que se dexa entrever un tema de preocupaci\u00f3n alta na socied\u00e1 como ye la violencia de x\u00e9neru.<\/p>\n<p style=\"text-align: center\">\n<!-- iframe plugin v.6.0 wordpress.org\/plugins\/iframe\/ -->\n<iframe data-testid=\"embed-iframe\" style=\"border-radius:12px\" src=\"https:\/\/open.spotify.com\/embed\/album\/40lfacKdsFpXIwGczC9Qwt?utm_source=generator\" width=\"100%\" height=\"352\" frameborder=\"0\" allowfullscreen allow=\"autoplay; clipboard-write; encrypted-media; fullscreen; picture-in-picture\" loading=\"lazy\" 0=\"\/iframe\" scrolling=\"yes\" class=\"iframe-class\"><\/iframe>\n<\/p>\n<p>El cantar \u2018Seis pardales\u2019 ye\u2019l\u00a0<strong>m\u00e1s pol\u00edticu<\/strong>\u00a0de los tr\u00e9s asoleyaos n\u2019asturianu. Tr\u00e1tase d\u2019un tema dedic\u00e1u a\u00a0<strong>Les 6 de La Suiza<\/strong>, sindicalistes de Xix\u00f3n que fueron condergaes por defender los d<strong>erechos llaborales y sindicales<\/strong>\u00a0y qu\u2019ent\u00e1 angua\u00f1o cumplen el tercer grau penitenciariu. Nacho Vegas fala equ\u00ed de \u00abla mesma hestoria de siempre\u00bb y denuncia esti casu sindical que ye tristemente conoc\u00edu en tol est\u00e1u espa\u00f1ol. No musical, el cantar ye una adaptaci\u00f3n de \u2018<strong>El chafl\u00e1n n\u00ba8<\/strong>\u2018, unu de los cantares de la\u00a0<strong>Revoluci\u00f3n d\u2019Ochobre del 34<\/strong>\u00a0y que tiempu depu\u00e9s espublizara\u2019l\u00a0<strong>Grupu Cultural Xana<\/strong>.<\/p>\n<p>L\u2019\u00faltimu tema del discu ye tami\u00e9n n\u2019asturianu, como pasara nel trabayu\u00a0<em>Mundos inm\u00f3viles derrumb\u00e1ndose<\/em>. Ye \u2018L\u2019acabose\u2019, un tema qu\u2019afonda nes\u00a0<strong>desped\u00edes<\/strong>\u00a0y tolo qu\u2019ent\u00e1 queda por c<strong>untar y cantar<\/strong>\u00a0neses \u00abvides y coses semiprecioses\u00bb, onde tami\u00e9n apaez l\u2019euskera nuna conversaci\u00f3n.<\/p>\n<p>Nacho Vegas entama am\u00e1s, tres la publicaci\u00f3n del discu, la so xira. L\u2019artista va facer\u00a0<strong>dos paraes n\u2019Asturies<\/strong>; una\u2019l 30 de xineru en\u00a0<strong>Mieres<\/strong>\u00a0y, al d\u00eda siguiente en\u00a0<strong>La Ben\u00e9fica de L\u2019Infiestu<\/strong>. Dambes actuaciones tienen el cartel d\u2019entraes agotaes dende va tiempu.<\/p>\n<p style=\"text-align: center\"><a href=\"https:\/\/www.rtpa.es\/fotos\/\/26\/01\/20260125122836_RTPA7633901.webp\"><img loading=\"lazy\" decoding=\"async\" class=\"aligncenter size-large\" src=\"https:\/\/www.rtpa.es\/fotos\/\/26\/01\/20260125122836_RTPA7633901.webp\" width=\"853\" height=\"480\" \/><\/a><\/p>\n<div class=\"flow rtpa-prose text-lg leading-tight mb-6\" style=\"text-align: center\"><span style=\"color: #008080\"><strong>Reivindica valores como la imperfecci\u00f3n, l&#8217;amor o&#8217;l compromisu pol\u00edticu<\/strong><\/span><\/div>\n<div class=\"flow rtpa-prose text-base text-neutral-700\">\n<p>El cantautor asturianu Nacho Vegas estrena nuevu discu, &#8216;Vidas semipreciosas&#8217;.<strong> Ye\u2019l so novenu \u00e1lbum d\u2019estudiu y n\u00e9l reivindica valores como la imperfecci\u00f3n, l\u2019amor o\u2019l compromisu pol\u00edticu.<\/strong><\/p>\n<p>Cuatro a\u00f1os dempu\u00e9s del so \u00faltimu trabayu, Nacho Vegas vuelve con &#8216;Vidas semipreciosas&#8217;, <strong>un discu nel que fala de lo guapo de la imperfecci\u00f3n, del amor o de la llucha.<\/strong><\/p>\n<p>Once canciones, en castellanu y n\u2019asturianu, <strong>con muncha poes\u00eda pa reivindicar tami\u00e9n el compromisu pol\u00edticu.<\/strong> Con grandes collaboraciones, por exemplu, con Rodrigo Cuevas.<\/p>\n<p>El cantautor xixon\u00e9s ve los sos 25 a\u00f1os de carrera con otra perspectiva pero, confiesa, calteniendo la inocencia y, sobre manera, los sos raiga\u00f1os.<\/p>\n<p>La xira de presentaci\u00f3n entamar\u00e1 en Mieres el 30 de xineru viniente. Enagora, sedr\u00e1n dos conciertos n\u2019Asturies, coles entraes y\u00e1 escosaes, pero, confirma, habr\u00e1 m\u00e1s feches.<\/p>\n<\/div>\n<p style=\"text-align: center\">\n<!-- iframe plugin v.6.0 wordpress.org\/plugins\/iframe\/ -->\n<iframe data-testid=\"embed-iframe\" style=\"border-radius:12px\" src=\"https:\/\/open.spotify.com\/embed\/artist\/14CMndDKSsMSvZYXFLZRfn?utm_source=generator\" width=\"100%\" height=\"352\" frameborder=\"0\" allowfullscreen allow=\"autoplay; clipboard-write; encrypted-media; fullscreen; picture-in-picture\" loading=\"lazy\" 0=\"\/iframe\" scrolling=\"yes\" class=\"iframe-class\"><\/iframe>\n<\/p>\n","protected":false},"excerpt":{"rendered":"<p>El cantautor xixoniegu asoleya&#8217;l so docenu \u00e1lbum d&#8217;estudiu, colos cantares &#8216;Les ales&#8217;, &#8216;Seis pardales&#8217; y &#8216;L&#8217;acabose&#8217;. Nacho Vegas publica un discu nuevu d\u2019estudiu titul\u00e1u Vidas semipreciosas, un \u00e1lbum que sal a la venta cuando\u2019l cantautor xixoniegu ta a poques de cumplir\u00a025 a\u00f1os de trayectoria musical. Esti trabayu, que ye y\u00e1\u2019l docenu d\u2019estudiu, afonda\u00a0no pol\u00edtico y [&hellip;]<\/p>\n","protected":false},"author":117,"featured_media":0,"comment_status":"closed","ping_status":"closed","sticky":false,"template":"","format":"standard","meta":{"footnotes":""},"categories":[35,125],"tags":[],"class_list":["post-66840","post","type-post","status-publish","format-standard","hentry","category-musica","category-musicasturiana-com"],"_links":{"self":[{"href":"https:\/\/edublog.educastur.es\/ixuxu\/wp-json\/wp\/v2\/posts\/66840","targetHints":{"allow":["GET"]}}],"collection":[{"href":"https:\/\/edublog.educastur.es\/ixuxu\/wp-json\/wp\/v2\/posts"}],"about":[{"href":"https:\/\/edublog.educastur.es\/ixuxu\/wp-json\/wp\/v2\/types\/post"}],"author":[{"embeddable":true,"href":"https:\/\/edublog.educastur.es\/ixuxu\/wp-json\/wp\/v2\/users\/117"}],"replies":[{"embeddable":true,"href":"https:\/\/edublog.educastur.es\/ixuxu\/wp-json\/wp\/v2\/comments?post=66840"}],"version-history":[{"count":6,"href":"https:\/\/edublog.educastur.es\/ixuxu\/wp-json\/wp\/v2\/posts\/66840\/revisions"}],"predecessor-version":[{"id":66853,"href":"https:\/\/edublog.educastur.es\/ixuxu\/wp-json\/wp\/v2\/posts\/66840\/revisions\/66853"}],"wp:attachment":[{"href":"https:\/\/edublog.educastur.es\/ixuxu\/wp-json\/wp\/v2\/media?parent=66840"}],"wp:term":[{"taxonomy":"category","embeddable":true,"href":"https:\/\/edublog.educastur.es\/ixuxu\/wp-json\/wp\/v2\/categories?post=66840"},{"taxonomy":"post_tag","embeddable":true,"href":"https:\/\/edublog.educastur.es\/ixuxu\/wp-json\/wp\/v2\/tags?post=66840"}],"curies":[{"name":"wp","href":"https:\/\/api.w.org\/{rel}","templated":true}]}}