{"id":66848,"date":"2026-01-27T10:09:40","date_gmt":"2026-01-27T08:09:40","guid":{"rendered":"https:\/\/edublog.educastur.es\/ixuxu\/?p=66848"},"modified":"2026-01-31T19:38:15","modified_gmt":"2026-01-31T17:38:15","slug":"mapa-comarcal-de-la-despoblacion-y-espansion-nespana","status":"publish","type":"post","link":"https:\/\/edublog.educastur.es\/ixuxu\/2026\/01\/mapa-comarcal-de-la-despoblacion-y-espansion-nespana\/","title":{"rendered":"Mapa comarcal de la despoblaci\u00f3n y espansi\u00f3n n&#8217;Espa\u00f1a"},"content":{"rendered":"<p style=\"text-align: center\"><a href=\"https:\/\/scontent-bcn1-1.xx.fbcdn.net\/v\/t39.30808-6\/619590789_1459565532842727_3450799350905699188_n.jpg?_nc_cat=101&amp;ccb=1-7&amp;_nc_sid=127cfc&amp;_nc_ohc=GAv5oLDlj5IQ7kNvwE873qV&amp;_nc_oc=AdnB3Un5RuAfhG6l1ZRWrc8KmrtzeaOgA3JRDsghzUfTeAnip2W54vt5Vw1SZ4bQSCZxXBSFiMT1un2RL7haS6mI&amp;_nc_zt=23&amp;_nc_ht=scontent-bcn1-1.xx&amp;_nc_gid=aI6Hmr1qOFojcL4xnyJu6Q&amp;oh=00_Afo4pg2ocXhSth6MRryx4EoJMrkwAqURuTIRFvdGZZW61g&amp;oe=697D9C15\">Mapa comarcal de la despoblaci\u00f3n y espansi\u00f3n n&#8217;Espa\u00f1a<\/a> nel 2023.<\/p>\n<p style=\"text-align: center\">\n<!-- iframe plugin v.6.0 wordpress.org\/plugins\/iframe\/ -->\n<iframe loading=\"lazy\" src=\"https:\/\/www.facebook.com\/plugins\/post.php?href=https%3A%2F%2Fwww.facebook.com%2Fdigimapas%2Fposts%2Fpfbid0DFTqWUqFBCH5nt7WgmkYYHGZhFbxK3MjepbWeXSvD7EsPrRQYT2jpdLxygRWoYyDl&#038;show_text=false&#038;width=500\" width=\"500\" height=\"396\" style=\"border:none;overflow:hidden\" scrolling=\"no\" frameborder=\"0\" allowfullscreen=\"true\" allow=\"autoplay; clipboard-write; encrypted-media; picture-in-picture; web-share\" 0=\"\/iframe\" class=\"iframe-class\"><\/iframe>\n<\/p>\n<h2 class=\"html-h2 x14z9mp xat24cr x1lziwak xexx8yu xyri2b x18d9i69 x1c1uobl x1vvkbs x1heor9g x1qlqyl8 x1pd3egz x1a2a7pz x1gslohp\" style=\"text-align: center\"><span class=\"x193iq5w xeuugli x13faqbe x1vvkbs x1xmvt09 x1f6kntn xvq8zen xo1l8bm xi81zsa\" style=\"font-size: 20px\"><span class=\"xt0psk2\"><span class=\"xjp7ctv\"><a class=\"x1i10hfl xjbqb8w x1ejq31n x18oe1m7 x1sy0etr xstzfhl x972fbf x10w94by x1qhh985 x14e42zd x9f619 x1ypdohk xt0psk2 x3ct3a4 xdj266r x14z9mp xat24cr x1lziwak xexx8yu xyri2b x18d9i69 x1c1uobl x16tdsg8 x1hl2dhg xggy1nq x1a2a7pz xkrqix3 x1sur9pj xzsf02u x1s688f\" role=\"link\" href=\"https:\/\/www.facebook.com\/digimapas?__cft__[0]=AZZ5h2l2lVNon3PAWU8v6mzI6-y7Gdgrtx0y1BTh_y2s0HtMPiDv7vUPJTitXmWy6KsovdlEh96cYDOEuSZiOR-Md-VcDbH7aPJNa3Hw4EDfZPzCKwz1iXY6I0j2Kxjj1pJh6_C6mc1clJNd2kxPZJ7A6G_hJ_ZuSuJAUoWDGlRyDX_2x6CTth-j2V-Ckmbyy96mDVBzAhsM6moUXW4u4oIe&amp;__tn__=-UC*F\">Cartograf\u00eda Digital<\/a><\/span><\/span><\/span><\/h2>\n<p><!--more--><\/p>\n<div class=\"html-div xdj266r x14z9mp xat24cr x1lziwak xexx8yu x1a8lsjc xf7dkkf xv54qhq\">\n<div class=\"html-div xdj266r x14z9mp xat24cr x1lziwak xexx8yu xyri2b x18d9i69 x1c1uobl x1jx94hy x78zum5 x1q0g3np\">\n<div class=\"x78zum5 xdt5ytf xz62fqu x16ldp7u\">\n<div class=\"xu06os2 x1ok221b\">\n<div class=\"html-div xdj266r x14z9mp xat24cr x1lziwak xexx8yu xyri2b x18d9i69 x1c1uobl\" data-ad-rendering-role=\"profile_name\">\n<p class=\"html-h3 x14z9mp xat24cr x1lziwak xexx8yu xyri2b x18d9i69 x1c1uobl x1vvkbs x1heor9g x1qlqyl8 x1pd3egz x1a2a7pz x1gslohp x1yc453h\" style=\"text-align: center\"><span style=\"color: #008080\"><em><span style=\"font-size: 20px\">El 16% de la poblaci\u00f3n n&#8217;Espa\u00f1a ye estranxera,<br \/>\npero la so distribuci\u00f3n varia en funci\u00f3n de la so procedencia.<br \/>\nLa mayor\u00eda d&#8217;ellos proceden del continente americanu.<\/span><\/em><\/span><\/p>\n<\/div>\n<\/div>\n<\/div>\n<\/div>\n<\/div>\n<div class=\"html-div xdj266r x14z9mp xat24cr x1lziwak xexx8yu xyri2b x18d9i69 x1c1uobl\" dir=\"auto\">\n<div class=\"html-div xdj266r x14z9mp xat24cr x1lziwak xexx8yu xyri2b x18d9i69 x1c1uobl\" dir=\"auto\">\n<div class=\"html-div xdj266r x14z9mp xat24cr x1lziwak xexx8yu xyri2b x18d9i69 x1c1uobl\" data-ad-rendering-role=\"story_message\">\n<div class=\"x1l90r2v x1iorvi4 x1g0dm76 xpdmqnj\" data-ad-comet-preview=\"message\" data-ad-preview=\"message\">\n<div class=\"x78zum5 xdt5ytf xz62fqu x16ldp7u\">\n<div class=\"xu06os2 x1ok221b\">\n<div class=\"html-div xdj266r x14z9mp xat24cr x1lziwak xexx8yu xyri2b x18d9i69 x1c1uobl\">\n<div class=\"xdj266r x14z9mp xat24cr x1lziwak x1vvkbs x126k92a\">\n<div dir=\"auto\"><\/div>\n<div dir=\"auto\" style=\"text-align: center\">\n<!-- iframe plugin v.6.0 wordpress.org\/plugins\/iframe\/ -->\n<iframe loading=\"lazy\" src=\"https:\/\/www.facebook.com\/plugins\/post.php?href=https%3A%2F%2Fwww.facebook.com%2Fdigimapas%2Fposts%2Fpfbid02qJcoRBEk1GniP58vThg82yDgkYCLo9GYxFh2CXs1tUuXQjTRdb3egnbLds6iV1RZl&#038;show_text=false&#038;width=500\" width=\"500\" height=\"541\" style=\"border:none;overflow:hidden\" scrolling=\"no\" frameborder=\"0\" allowfullscreen=\"true\" allow=\"autoplay; clipboard-write; encrypted-media; picture-in-picture; web-share\" 0=\"\/iframe\" class=\"iframe-class\"><\/iframe>\n<\/div>\n<div dir=\"auto\">\n<div class=\"html-div xdj266r x14z9mp xat24cr x1lziwak xexx8yu x1a8lsjc xf7dkkf xv54qhq\">\n<div class=\"html-div xdj266r x14z9mp xat24cr x1lziwak xexx8yu xyri2b x18d9i69 x1c1uobl x1jx94hy x78zum5 x1q0g3np\">\n<div class=\"x78zum5 xdt5ytf xz62fqu x16ldp7u\">\n<div class=\"xu06os2 x1ok221b\">\n<div><\/div>\n<div class=\"html-div xdj266r x14z9mp xat24cr x1lziwak xexx8yu xyri2b x18d9i69 x1c1uobl x6s0dn4 x17zd0t2 x78zum5 x1q0g3np x1a02dak\" style=\"text-align: center\"><span style=\"color: #008080\"><em><span style=\"font-size: 20px\">Proyecci\u00f3n de poblaci\u00f3n del INE para&#8217;l 2039. <\/span><\/em><\/span><br \/>\n<span style=\"color: #008080\"><em><span style=\"font-size: 20px\">Espa\u00f1a tien un gran problema col Oeste.<\/span><\/em><\/span><\/div>\n<div><\/div>\n<div style=\"text-align: center\">\n<!-- iframe plugin v.6.0 wordpress.org\/plugins\/iframe\/ -->\n<iframe loading=\"lazy\" src=\"https:\/\/www.facebook.com\/plugins\/post.php?href=https%3A%2F%2Fwww.facebook.com%2Fdigimapas%2Fposts%2Fpfbid02eg8PnpgGssAorTyyBstfU7xB6yGyHmHsZwxj9avJygezN5CmJH6fU4fvbJj63Jwrl&#038;show_text=false&#038;width=500\" width=\"500\" height=\"388\" style=\"border:none;overflow:hidden\" scrolling=\"no\" frameborder=\"0\" allowfullscreen=\"true\" allow=\"autoplay; clipboard-write; encrypted-media; picture-in-picture; web-share\" 0=\"\/iframe\" class=\"iframe-class\"><\/iframe>\n<\/div>\n<\/div>\n<\/div>\n<\/div>\n<\/div>\n<\/div>\n<\/div>\n<\/div>\n<\/div>\n<\/div>\n<\/div>\n<\/div>\n<\/div>\n<\/div>\n","protected":false},"excerpt":{"rendered":"<p>Mapa comarcal de la despoblaci\u00f3n y espansi\u00f3n n&#8217;Espa\u00f1a nel 2023. Cartograf\u00eda Digital<\/p>\n","protected":false},"author":117,"featured_media":0,"comment_status":"closed","ping_status":"closed","sticky":false,"template":"","format":"standard","meta":{"footnotes":""},"categories":[1],"tags":[],"class_list":["post-66848","post","type-post","status-publish","format-standard","hentry","category-sin-categoria"],"_links":{"self":[{"href":"https:\/\/edublog.educastur.es\/ixuxu\/wp-json\/wp\/v2\/posts\/66848","targetHints":{"allow":["GET"]}}],"collection":[{"href":"https:\/\/edublog.educastur.es\/ixuxu\/wp-json\/wp\/v2\/posts"}],"about":[{"href":"https:\/\/edublog.educastur.es\/ixuxu\/wp-json\/wp\/v2\/types\/post"}],"author":[{"embeddable":true,"href":"https:\/\/edublog.educastur.es\/ixuxu\/wp-json\/wp\/v2\/users\/117"}],"replies":[{"embeddable":true,"href":"https:\/\/edublog.educastur.es\/ixuxu\/wp-json\/wp\/v2\/comments?post=66848"}],"version-history":[{"count":7,"href":"https:\/\/edublog.educastur.es\/ixuxu\/wp-json\/wp\/v2\/posts\/66848\/revisions"}],"predecessor-version":[{"id":67096,"href":"https:\/\/edublog.educastur.es\/ixuxu\/wp-json\/wp\/v2\/posts\/66848\/revisions\/67096"}],"wp:attachment":[{"href":"https:\/\/edublog.educastur.es\/ixuxu\/wp-json\/wp\/v2\/media?parent=66848"}],"wp:term":[{"taxonomy":"category","embeddable":true,"href":"https:\/\/edublog.educastur.es\/ixuxu\/wp-json\/wp\/v2\/categories?post=66848"},{"taxonomy":"post_tag","embeddable":true,"href":"https:\/\/edublog.educastur.es\/ixuxu\/wp-json\/wp\/v2\/tags?post=66848"}],"curies":[{"name":"wp","href":"https:\/\/api.w.org\/{rel}","templated":true}]}}