{"id":66857,"date":"2026-01-27T08:45:29","date_gmt":"2026-01-27T06:45:29","guid":{"rendered":"https:\/\/edublog.educastur.es\/ixuxu\/?p=66857"},"modified":"2026-01-27T09:58:20","modified_gmt":"2026-01-27T07:58:20","slug":"el-tiempu-el-comercio-246","status":"publish","type":"post","link":"https:\/\/edublog.educastur.es\/ixuxu\/2026\/01\/el-tiempu-el-comercio-246\/","title":{"rendered":"El tiempu (El Comercio)"},"content":{"rendered":"<p style=\"text-align: center\"><a href=\"https:\/\/s2.ppllstatics.com\/elcomercio\/www\/multimedia\/2026\/01\/26\/prevision-tiempo-asturias-kKFC-U2302588077118HVD-1200x870@El%20Comercio.jpg\"><img loading=\"lazy\" decoding=\"async\" class=\"aligncenter size-large\" src=\"https:\/\/s2.ppllstatics.com\/elcomercio\/www\/multimedia\/2026\/01\/26\/prevision-tiempo-asturias-kKFC-U2302588077118HVD-1200x870@El%20Comercio.jpg\" width=\"1200\" height=\"870\" \/><\/a><\/p>\n<p>Esperamos cielos nublos polo xeneral pero con escasa inestabilid\u00e1. Anque va haber momentos nos que les precipitaciones puedan faer actu de presencia, en ll\u00ednees xenerales nun van ser frecuentes y, nin tanto, abondoses. Ello ye que a la fin del d\u00eda acabar\u00e1n abri\u00e9ndose grandes claros. La <strong>cota de nieve<\/strong> va asitiar sobro los 900 metros de primeres de la ma\u00f1ana y va acabar baxando hasta los 600 metros. Pero ye importante aprofiar nuevamente que nun va ser un d\u00eda marc\u00e1u poles precipitaciones. Tocantes a <strong>los viento<\/strong>s, van soplar d&#8217;oeste-suroeste con raches moderaes. Nun se preven intervalos bien fuertes mientres el d\u00eda, siendo les raches m\u00e1s fuertes s\u00eda que non na mari\u00f1a pero que nun van algamar los 80 km\/h.<\/p>\n<p><!--more--><\/p>\n<p><strong>Les temperatures m\u00e1ximes<\/strong> van baxar nel occidente ente 2 y 3 \u00baC respectu al llunes, y van producise un descensu bien llixeru nel restu. Nel casu de <strong>les m\u00ednimes<\/strong> el descensu va ser xeneraliz\u00e1u y significativu. Van Tener llugar a la fin del d\u00eda cuando se abrir grandes claros nel cielu y van ser unos 3 o 4 \u00baC menos.<\/p>\n<p><strong> El mi\u00e9rcoles<\/strong> volver\u00e1 predominar la nubosidad con precipitaciones m\u00e1s frecuentes pela ma\u00f1ana y que van poder dexar nieve a partir de los 600 o 700 metros, tendiendo a xubir a lo llargo del d\u00eda. La inestabilid\u00e1 va ser menos probable pela tarde. Les temperatures m\u00e1ximes van baxar ente que les m\u00ednimes apenes van variar.<\/p>\n","protected":false},"excerpt":{"rendered":"<p>Esperamos cielos nublos polo xeneral pero con escasa inestabilid\u00e1. Anque va haber momentos nos que les precipitaciones puedan faer actu de presencia, en ll\u00ednees xenerales nun van ser frecuentes y, nin tanto, abondoses. Ello ye que a la fin del d\u00eda acabar\u00e1n abri\u00e9ndose grandes claros. La cota de nieve va asitiar sobro los 900 metros [&hellip;]<\/p>\n","protected":false},"author":117,"featured_media":0,"comment_status":"closed","ping_status":"closed","sticky":false,"template":"","format":"standard","meta":{"footnotes":""},"categories":[1],"tags":[],"class_list":["post-66857","post","type-post","status-publish","format-standard","hentry","category-sin-categoria"],"_links":{"self":[{"href":"https:\/\/edublog.educastur.es\/ixuxu\/wp-json\/wp\/v2\/posts\/66857","targetHints":{"allow":["GET"]}}],"collection":[{"href":"https:\/\/edublog.educastur.es\/ixuxu\/wp-json\/wp\/v2\/posts"}],"about":[{"href":"https:\/\/edublog.educastur.es\/ixuxu\/wp-json\/wp\/v2\/types\/post"}],"author":[{"embeddable":true,"href":"https:\/\/edublog.educastur.es\/ixuxu\/wp-json\/wp\/v2\/users\/117"}],"replies":[{"embeddable":true,"href":"https:\/\/edublog.educastur.es\/ixuxu\/wp-json\/wp\/v2\/comments?post=66857"}],"version-history":[{"count":1,"href":"https:\/\/edublog.educastur.es\/ixuxu\/wp-json\/wp\/v2\/posts\/66857\/revisions"}],"predecessor-version":[{"id":66858,"href":"https:\/\/edublog.educastur.es\/ixuxu\/wp-json\/wp\/v2\/posts\/66857\/revisions\/66858"}],"wp:attachment":[{"href":"https:\/\/edublog.educastur.es\/ixuxu\/wp-json\/wp\/v2\/media?parent=66857"}],"wp:term":[{"taxonomy":"category","embeddable":true,"href":"https:\/\/edublog.educastur.es\/ixuxu\/wp-json\/wp\/v2\/categories?post=66857"},{"taxonomy":"post_tag","embeddable":true,"href":"https:\/\/edublog.educastur.es\/ixuxu\/wp-json\/wp\/v2\/tags?post=66857"}],"curies":[{"name":"wp","href":"https:\/\/api.w.org\/{rel}","templated":true}]}}