{"id":66859,"date":"2026-01-27T08:58:24","date_gmt":"2026-01-27T06:58:24","guid":{"rendered":"https:\/\/edublog.educastur.es\/ixuxu\/?p=66859"},"modified":"2026-01-27T10:02:38","modified_gmt":"2026-01-27T08:02:38","slug":"paez-noruega-pero-ye-asturies","status":"publish","type":"post","link":"https:\/\/edublog.educastur.es\/ixuxu\/2026\/01\/paez-noruega-pero-ye-asturies\/","title":{"rendered":"Paez Noruega, pero ye Asturies"},"content":{"rendered":"<p><a href=\"https:\/\/viajar.elperiodico.com\/escapate_cerca\/asturias-pueblo-nevado-cuento-casitas-tejados-capirote-126007916\">Viaxar El Peri\u00f3dico<\/a> \/<\/p>\n<p style=\"text-align: center\"><a href=\"https:\/\/estaticos-cdn.prensaiberica.es\/clip\/5c32f0d5-a9a6-4dd0-ae5c-996b742915cb_16-9-discover-aspect-ratio_default_0_x600y225.webp\"><img loading=\"lazy\" decoding=\"async\" class=\"aligncenter size-large\" src=\"https:\/\/estaticos-cdn.prensaiberica.es\/clip\/5c32f0d5-a9a6-4dd0-ae5c-996b742915cb_16-9-discover-aspect-ratio_default_0_x600y225.webp\" width=\"1200\" height=\"675\" \/><\/a><\/p>\n<p>Paez Noruega, pero ye Asturies: el pueblu nev\u00e1u de cuentu nel que toles sos casines tienen teyaos de capirote. Allug\u00e1u nel conceyu d&#8217;Ayer, tratar del pueblu m\u00e1s altu del Princip\u00e1u. Unu de los pueblos nevaos m\u00e1s impresionantes d&#8217;Espa\u00f1a ta n&#8217;Asturies. LNE<\/p>\n<p><!--more--><\/p>\n<p>Paez Noruega o Suiza, pero ye Asturies. La Raya, allug\u00e1u nel conceyu d&#8217;Ayer, ye un pueblu nev\u00e1u de cuentu. Allug\u00e1u a m\u00e1s de 1.500 metros d&#8217;altit\u00fa, llamar \u00abla Siberia asturiana\u00bb, porque ye&#8217;l primeru en cubrir toos les serondes d&#8217;un gruesu mantu blancu y el postreru en perder los falopos. Por daqu\u00e9 ye la localid\u00e1 m\u00e1s alta del Princip\u00e1u.<\/p>\n<p>Am\u00e1s del so paisaxe de postal, lo que m\u00e1s llama l&#8217;atenci\u00f3n de La Raya ye l&#8217;arquitectura de les sos cases. Toes de madera y piedra, y con unos pronunciaos teyaos a dos enag\u00fces, tipu capirotes. Les cubiertes son tan picudes que les cases paecen tou tey\u00e1u. Si a tou eso sumemos l&#8217;encantu de les Navidaes, con guirlandes y lluces, el llugar ye ent\u00e1 m\u00e1s m\u00e1xicu.<\/p>\n<p style=\"text-align: center\"><span class=\"x193iq5w xeuugli x13faqbe x1vvkbs xt0psk2 x1i0vuye xvs91rp xo1l8bm x5n08af x10wh9bi xpm28yp x8viiok x1o7cslx x126k92a\"><span class=\"html-span xexx8yu x4uap5 x18d9i69 xkhd6sd x1hl2dhg x16tdsg8 x1vvkbs x3nfvp2 x1j61x8r x1fcty0u xdj266r xat24cr xgzva0m xhhsvwb xxymvpz xlup9mm x1kky2od\">\n<!-- iframe plugin v.6.0 wordpress.org\/plugins\/iframe\/ -->\n<iframe loading=\"lazy\" src=\"https:\/\/www.instagram.com\/reel\/CXuAgGmMbss\/embed\" width=\"520\" height=\"695\" 0=\"\/iframe\" scrolling=\"yes\" class=\"iframe-class\" frameborder=\"0\"><\/iframe>\n<\/span><\/span><\/p>\n<p>Esta localid\u00e1 cunta cola casa m\u00e1s elevada de tola rex\u00f3n, seg\u00fan el Sadei (Socied\u00e1 Asturiana d&#8217;Estudios Econ\u00f3micos ya Industriales). Ta asitiada a 1.540 metros y supera por bien poco (solo ocho metros) a la casa m\u00e1s prominente del puertu de L.leitariegos (Cangas), allugada a 1.532.<\/p>\n<p>L&#8217;arguyu\u00bb de vivir nel visu d&#8217;Asturies. Los escasos habitantes de La Raya t\u00e1n \u00abarguyosos\u00bb de vivir nel visu d&#8217;Asturies. \u00abYe un honor y un privilexu\u00bb. Anque ensin cuntar construcciones, el cume real del Princip\u00e1u (y de Lli\u00f3n y del Cordal Cant\u00e1bricu) ye Torre Zarr\u00e9u, a 2.649 metros, nel conceyu de Cabrales.<\/p>\n","protected":false},"excerpt":{"rendered":"<p>Viaxar El Peri\u00f3dico \/ Paez Noruega, pero ye Asturies: el pueblu nev\u00e1u de cuentu nel que toles sos casines tienen teyaos de capirote. Allug\u00e1u nel conceyu d&#8217;Ayer, tratar del pueblu m\u00e1s altu del Princip\u00e1u. Unu de los pueblos nevaos m\u00e1s impresionantes d&#8217;Espa\u00f1a ta n&#8217;Asturies. LNE<\/p>\n","protected":false},"author":117,"featured_media":0,"comment_status":"closed","ping_status":"closed","sticky":false,"template":"","format":"standard","meta":{"footnotes":""},"categories":[22],"tags":[],"class_list":["post-66859","post","type-post","status-publish","format-standard","hentry","category-pueblos"],"_links":{"self":[{"href":"https:\/\/edublog.educastur.es\/ixuxu\/wp-json\/wp\/v2\/posts\/66859","targetHints":{"allow":["GET"]}}],"collection":[{"href":"https:\/\/edublog.educastur.es\/ixuxu\/wp-json\/wp\/v2\/posts"}],"about":[{"href":"https:\/\/edublog.educastur.es\/ixuxu\/wp-json\/wp\/v2\/types\/post"}],"author":[{"embeddable":true,"href":"https:\/\/edublog.educastur.es\/ixuxu\/wp-json\/wp\/v2\/users\/117"}],"replies":[{"embeddable":true,"href":"https:\/\/edublog.educastur.es\/ixuxu\/wp-json\/wp\/v2\/comments?post=66859"}],"version-history":[{"count":1,"href":"https:\/\/edublog.educastur.es\/ixuxu\/wp-json\/wp\/v2\/posts\/66859\/revisions"}],"predecessor-version":[{"id":66860,"href":"https:\/\/edublog.educastur.es\/ixuxu\/wp-json\/wp\/v2\/posts\/66859\/revisions\/66860"}],"wp:attachment":[{"href":"https:\/\/edublog.educastur.es\/ixuxu\/wp-json\/wp\/v2\/media?parent=66859"}],"wp:term":[{"taxonomy":"category","embeddable":true,"href":"https:\/\/edublog.educastur.es\/ixuxu\/wp-json\/wp\/v2\/categories?post=66859"},{"taxonomy":"post_tag","embeddable":true,"href":"https:\/\/edublog.educastur.es\/ixuxu\/wp-json\/wp\/v2\/tags?post=66859"}],"curies":[{"name":"wp","href":"https:\/\/api.w.org\/{rel}","templated":true}]}}