{"id":66881,"date":"2026-01-27T12:15:29","date_gmt":"2026-01-27T10:15:29","guid":{"rendered":"https:\/\/edublog.educastur.es\/ixuxu\/?p=66881"},"modified":"2026-01-28T10:15:33","modified_gmt":"2026-01-28T08:15:33","slug":"calendariu-ambiental-2026","status":"publish","type":"post","link":"https:\/\/edublog.educastur.es\/ixuxu\/2026\/01\/calendariu-ambiental-2026\/","title":{"rendered":"Calendariu ambiental 2026"},"content":{"rendered":"<p style=\"text-align: center\"><a href=\"https:\/\/www.ismedioambiente.com\/wp-content\/uploads\/2026\/01\/Calendario-Ambiental-2026-1536x1086.png\"><img loading=\"lazy\" decoding=\"async\" class=\"aligncenter size-large\" src=\"https:\/\/www.ismedioambiente.com\/wp-content\/uploads\/2026\/01\/Calendario-Ambiental-2026-1536x1086.png\" width=\"1536\" height=\"1086\" \/><\/a><\/p>\n<p><a href=\"https:\/\/www.ismedioambiente.com\/calendario-medio-ambiente-2026\/\"><strong>WEB<\/strong><\/a> \/ <a class=\"fusion-button button-flat fusion-button-default-size button-default fusion-button-default button-1 fusion-button-default-span fusion-button-default-type\" href=\"https:\/\/www.comunidadism.es\/herramientas\/calendario-ambiental-fechas-de-medio-ambiente-2026\/\" target=\"_self\" rel=\"noopener\"><span class=\"fusion-button-text awb-button__text awb-button__text--default\">Descarga Calendario Ambiental de Pared 2026<\/span><\/a> <strong>Calendariu de feches de mediu ambiente (2026)<\/strong> \u2013 ISM Esti calendariu, recueye distintos D\u00edes Mundiales ya Internacionales que na so mayor\u00eda, tienen como fin, concenciar a la poblaci\u00f3n sobro aspeutos importantes rellacionaos col <strong>Mediu Ambiente<\/strong>.Nesti calendariu vas atopar tanto d\u00edes oficiales \u2013 declaraos pola ONU- como feches non oficiales. Toes escoy\u00edes a criteriu personal del ISM. \u00a0<a href=\"https:\/\/www.comunidadism.es\/herramientas\/guia-lecturas-de-educacion-ambiental\/\"><em>Gu\u00eda de Lecturas de Educaci\u00f3n Ambiental<\/em><\/a>\u00a0o este recopilatorio de<em>\u00a0<\/em><a href=\"https:\/\/www.comunidadism.es\/materiales-utiles-de-educacion-ambiental\/\">materiales \u00fatiles de educaci\u00f3n ambiental<\/a><em>.<\/em><\/p>\n<p><!--more--><\/p>\n<p style=\"text-align: center\"><a href=\"https:\/\/www.comunidadism.es\/herramientas\/guia-lecturas-de-educacion-ambiental\/\"><img loading=\"lazy\" decoding=\"async\" class=\"aligncenter\" src=\"https:\/\/www.ismedioambiente.com\/wp-content\/uploads\/2023\/01\/Guia-Lecturas-Dia-Educacion-Ambiental--768x432.jpg\" alt=\"\" width=\"768\" height=\"432\" \/><\/a><\/p>\n<p><strong>Xineru<\/strong> El Calendariu Ambiental empieza col D\u00eda Mundial de la Educaci\u00f3n Ambiental, que se celebra&#8217;l 26 de xineru. Esta conmemoraci\u00f3n tien llugar dende 1975 pa poner en valor la importancia de la sensibilizaci\u00f3n y l&#8217;educaci\u00f3n ambiental, seg\u00fan pa fomentar na socied\u00e1 valores empobinaos al respetu y la protecci\u00f3n del mediu ambiente.<\/p>\n<p>Nesta fecha en ISM, solemos poner a la vuesa disposici\u00f3n distintes recursos que puedan ser de la vuesa utilid\u00e1 y que potencien la conocencia de distintes \u00e1rees ambientales. Dientro d&#8217;estos materiales, puedes atopar la Gu\u00eda de Llectures d&#8217;Educaci\u00f3n Ambiental o esti recopilatorio de materiales \u00fatiles d&#8217;educaci\u00f3n ambiental.<\/p>\n<p style=\"text-align: center\"><a href=\"https:\/\/www.ismedioambiente.com\/wp-content\/uploads\/2025\/05\/Semana-de-la-Biodiversidad-2025-1024x576.png\"><img loading=\"lazy\" decoding=\"async\" class=\"aligncenter size-large\" src=\"https:\/\/www.ismedioambiente.com\/wp-content\/uploads\/2025\/05\/Semana-de-la-Biodiversidad-2025-1024x576.png\" width=\"1024\" height=\"576\" \/><\/a><\/p>\n<p>&nbsp;<\/p>\n<p style=\"text-align: center\"><a class=\"fusion-button button-flat fusion-button-default-size button-default fusion-button-default button-2 fusion-button-default-span fusion-button-default-type\" href=\"https:\/\/www.comunidadism.es\/herramientas\/calendario-ambiental-fechas-de-medio-ambiente-2026\/\" target=\"_self\" rel=\"noopener\"><span class=\"fusion-button-text awb-button__text awb-button__text--default\">Descarga Calendario Ambiental de Pared 2026<\/span><\/a><\/p>\n","protected":false},"excerpt":{"rendered":"<p>WEB \/ Descarga Calendario Ambiental de Pared 2026 Calendariu de feches de mediu ambiente (2026) \u2013 ISM Esti calendariu, recueye distintos D\u00edes Mundiales ya Internacionales que na so mayor\u00eda, tienen como fin, concenciar a la poblaci\u00f3n sobro aspeutos importantes rellacionaos col Mediu Ambiente.Nesti calendariu vas atopar tanto d\u00edes oficiales \u2013 declaraos pola ONU- como feches [&hellip;]<\/p>\n","protected":false},"author":117,"featured_media":0,"comment_status":"closed","ping_status":"closed","sticky":false,"template":"","format":"standard","meta":{"footnotes":""},"categories":[73],"tags":[],"class_list":["post-66881","post","type-post","status-publish","format-standard","hentry","category-calendariu"],"_links":{"self":[{"href":"https:\/\/edublog.educastur.es\/ixuxu\/wp-json\/wp\/v2\/posts\/66881","targetHints":{"allow":["GET"]}}],"collection":[{"href":"https:\/\/edublog.educastur.es\/ixuxu\/wp-json\/wp\/v2\/posts"}],"about":[{"href":"https:\/\/edublog.educastur.es\/ixuxu\/wp-json\/wp\/v2\/types\/post"}],"author":[{"embeddable":true,"href":"https:\/\/edublog.educastur.es\/ixuxu\/wp-json\/wp\/v2\/users\/117"}],"replies":[{"embeddable":true,"href":"https:\/\/edublog.educastur.es\/ixuxu\/wp-json\/wp\/v2\/comments?post=66881"}],"version-history":[{"count":2,"href":"https:\/\/edublog.educastur.es\/ixuxu\/wp-json\/wp\/v2\/posts\/66881\/revisions"}],"predecessor-version":[{"id":66927,"href":"https:\/\/edublog.educastur.es\/ixuxu\/wp-json\/wp\/v2\/posts\/66881\/revisions\/66927"}],"wp:attachment":[{"href":"https:\/\/edublog.educastur.es\/ixuxu\/wp-json\/wp\/v2\/media?parent=66881"}],"wp:term":[{"taxonomy":"category","embeddable":true,"href":"https:\/\/edublog.educastur.es\/ixuxu\/wp-json\/wp\/v2\/categories?post=66881"},{"taxonomy":"post_tag","embeddable":true,"href":"https:\/\/edublog.educastur.es\/ixuxu\/wp-json\/wp\/v2\/tags?post=66881"}],"curies":[{"name":"wp","href":"https:\/\/api.w.org\/{rel}","templated":true}]}}