{"id":66896,"date":"2026-01-27T09:00:58","date_gmt":"2026-01-27T07:00:58","guid":{"rendered":"https:\/\/edublog.educastur.es\/ixuxu\/?p=66896"},"modified":"2026-01-27T21:35:15","modified_gmt":"2026-01-27T19:35:15","slug":"66896","status":"publish","type":"post","link":"https:\/\/edublog.educastur.es\/ixuxu\/2026\/01\/66896\/","title":{"rendered":"D\u00eda de la Memoria del Holocaustu"},"content":{"rendered":"<div class=\"xdj266r x14z9mp xat24cr x1lziwak x1vvkbs x126k92a\"><\/div>\n<div class=\"x14z9mp xat24cr x1lziwak x1vvkbs xtlvy1s x126k92a\">\n<div dir=\"auto\" style=\"text-align: center\"><span style=\"color: #800080;font-size: 28px\"><em>\u00abHab\u00eda un formosu sol: tou yera claru y tresparente,<br \/>\nnam\u00e1 nel coraz\u00f3n de los homes taba escuru.\u00bb<\/em><\/span><br \/>\n<strong>Mario Rigoni<\/strong> \/ Ilustraci\u00f3n de Sonia MariaLuce Possentini<\/div>\n<div dir=\"auto\"><\/div>\n<div dir=\"auto\" style=\"text-align: center\">\n<!-- iframe plugin v.6.0 wordpress.org\/plugins\/iframe\/ -->\n<iframe loading=\"lazy\" src=\"https:\/\/www.facebook.com\/plugins\/post.php?href=https%3A%2F%2Fwww.facebook.com%2FAalisDeSaintNoire%2Fposts%2Fpfbid02vudLeKL2qD5uqTn5GqhgKMqLzVsAdECsMvaHv4RTpKcHNXZZZxaaiFGPuB1HSBo7l&#038;show_text=false&#038;width=500\" width=\"500\" height=\"333\" style=\"border:none;overflow:hidden\" scrolling=\"no\" frameborder=\"0\" allowfullscreen=\"true\" allow=\"autoplay; clipboard-write; encrypted-media; picture-in-picture; web-share\" 0=\"\/iframe\" class=\"iframe-class\"><\/iframe>\n<br \/>\n27 de xineru, D\u00eda de la Memoria del Holocaustu<\/div>\n<div dir=\"auto\"><span class=\"html-span xdj266r x14z9mp xat24cr x1lziwak xexx8yu xyri2b x18d9i69 x1c1uobl x1hl2dhg x16tdsg8 x1vvkbs\"><a class=\"x1i10hfl xjbqb8w x1ejq31n x18oe1m7 x1sy0etr xstzfhl x972fbf x10w94by x1qhh985 x14e42zd x9f619 x1ypdohk xt0psk2 x3ct3a4 xdj266r x14z9mp xat24cr x1lziwak xexx8yu xyri2b x18d9i69 x1c1uobl x16tdsg8 x1hl2dhg xggy1nq x1a2a7pz xkrqix3 x1sur9pj x1fey0fg x1s688f\" role=\"link\" href=\"https:\/\/www.facebook.com\/hashtag\/holocausto?__eep__=6&amp;__cft__[0]=AZbtrqUfbyd2ArluQfTnOq2W9wIaRnAm5WJ9E8P-9pQDrZEJvX1U7cR3RJ9H9bm4yxTrW4Px9LNhvwEePR1uYzZQb6S8y5K_vMKpynZD1Z2lh9avZ99ElreWlBUP3xG32cX7swvmOaup1Zt0ma0LLlAwpQKZ8lXAaj3Wz4ej3a3s5bLKbwL9jTRyA21omUhRhc3CVZm4nPCyO6h-34n2_o-9&amp;__tn__=*NK-R\">#Holocausto<\/a><\/span> <span class=\"html-span xdj266r x14z9mp xat24cr x1lziwak xexx8yu xyri2b x18d9i69 x1c1uobl x1hl2dhg x16tdsg8 x1vvkbs\"><a class=\"x1i10hfl xjbqb8w x1ejq31n x18oe1m7 x1sy0etr xstzfhl x972fbf x10w94by x1qhh985 x14e42zd x9f619 x1ypdohk xt0psk2 x3ct3a4 xdj266r x14z9mp xat24cr x1lziwak xexx8yu xyri2b x18d9i69 x1c1uobl x16tdsg8 x1hl2dhg xggy1nq x1a2a7pz xkrqix3 x1sur9pj x1fey0fg x1s688f\" role=\"link\" href=\"https:\/\/www.facebook.com\/hashtag\/nuncamas?__eep__=6&amp;__cft__[0]=AZbtrqUfbyd2ArluQfTnOq2W9wIaRnAm5WJ9E8P-9pQDrZEJvX1U7cR3RJ9H9bm4yxTrW4Px9LNhvwEePR1uYzZQb6S8y5K_vMKpynZD1Z2lh9avZ99ElreWlBUP3xG32cX7swvmOaup1Zt0ma0LLlAwpQKZ8lXAaj3Wz4ej3a3s5bLKbwL9jTRyA21omUhRhc3CVZm4nPCyO6h-34n2_o-9&amp;__tn__=*NK-R\">#NuncaMas<\/a><\/span> <span class=\"html-span xdj266r x14z9mp xat24cr x1lziwak xexx8yu xyri2b x18d9i69 x1c1uobl x1hl2dhg x16tdsg8 x1vvkbs\"><a class=\"x1i10hfl xjbqb8w x1ejq31n x18oe1m7 x1sy0etr xstzfhl x972fbf x10w94by x1qhh985 x14e42zd x9f619 x1ypdohk xt0psk2 x3ct3a4 xdj266r x14z9mp xat24cr x1lziwak xexx8yu xyri2b x18d9i69 x1c1uobl x16tdsg8 x1hl2dhg xggy1nq x1a2a7pz xkrqix3 x1sur9pj x1fey0fg x1s688f\" role=\"link\" href=\"https:\/\/www.facebook.com\/hashtag\/memoriahistorica?__eep__=6&amp;__cft__[0]=AZbtrqUfbyd2ArluQfTnOq2W9wIaRnAm5WJ9E8P-9pQDrZEJvX1U7cR3RJ9H9bm4yxTrW4Px9LNhvwEePR1uYzZQb6S8y5K_vMKpynZD1Z2lh9avZ99ElreWlBUP3xG32cX7swvmOaup1Zt0ma0LLlAwpQKZ8lXAaj3Wz4ej3a3s5bLKbwL9jTRyA21omUhRhc3CVZm4nPCyO6h-34n2_o-9&amp;__tn__=*NK-R\">#MemoriaHistorica<\/a><\/span><\/div>\n<div dir=\"auto\"><span class=\"html-span xdj266r x14z9mp xat24cr x1lziwak xexx8yu xyri2b x18d9i69 x1c1uobl x1hl2dhg x16tdsg8 x1vvkbs\"><a class=\"x1i10hfl xjbqb8w x1ejq31n x18oe1m7 x1sy0etr xstzfhl x972fbf x10w94by x1qhh985 x14e42zd x9f619 x1ypdohk xt0psk2 x3ct3a4 xdj266r x14z9mp xat24cr x1lziwak xexx8yu xyri2b x18d9i69 x1c1uobl x16tdsg8 x1hl2dhg xggy1nq x1a2a7pz xkrqix3 x1sur9pj x1fey0fg x1s688f\" role=\"link\" href=\"https:\/\/www.facebook.com\/hashtag\/auschwitz?__eep__=6&amp;__cft__[0]=AZbtrqUfbyd2ArluQfTnOq2W9wIaRnAm5WJ9E8P-9pQDrZEJvX1U7cR3RJ9H9bm4yxTrW4Px9LNhvwEePR1uYzZQb6S8y5K_vMKpynZD1Z2lh9avZ99ElreWlBUP3xG32cX7swvmOaup1Zt0ma0LLlAwpQKZ8lXAaj3Wz4ej3a3s5bLKbwL9jTRyA21omUhRhc3CVZm4nPCyO6h-34n2_o-9&amp;__tn__=*NK-R\">#Auschwitz<\/a><\/span><\/div>\n<\/div>\n<p style=\"text-align: center\"><span style=\"color: #800080;font-size: 28px\"><em><strong>\u00abL&#8217;Holocaustu ye una p\u00e1xina<br \/>\nnel llibru de la humanid\u00e1<\/strong><\/em><\/span><br \/>\n<span style=\"color: #800080;font-size: 28px\"><em><strong> de la que nunca vamos tener que quitar <\/strong><\/em><\/span><br \/>\n<span style=\"color: #800080;font-size: 28px\"><em><strong>el marcador de la memoria.\u00bb<\/strong><\/em><\/span><br \/>\nPrimo Levi<\/p>\n<p><!--more--><\/p>\n<p style=\"text-align: center\">\n<!-- iframe plugin v.6.0 wordpress.org\/plugins\/iframe\/ -->\n<iframe loading=\"lazy\" src=\"https:\/\/www.facebook.com\/plugins\/post.php?href=https%3A%2F%2Fwww.facebook.com%2FAalisDeSaintNoire%2Fposts%2Fpfbid02JM6Sj7e6gUyH6UHd2WvY6eGMCm7YNXDhRoYechWDZVqZUR1fFqSSeSc3yVKCndrBl&#038;show_text=false&#038;width=500\" width=\"500\" height=\"345\" style=\"border:none;overflow:hidden\" scrolling=\"no\" frameborder=\"0\" allowfullscreen=\"true\" allow=\"autoplay; clipboard-write; encrypted-media; picture-in-picture; web-share\" 0=\"\/iframe\" class=\"iframe-class\"><\/iframe>\n<\/p>\n<p>(Auschwitz fue liberado por las tropas sovi\u00e9ticas el 27 de enero de 1945. Hasta esta fecha fueron conducidos a Auschwitz-Birkenau por lo menos 1.3 millones de prisioneros, el 90% de los cuales fueron asesinados inmediatamente despu\u00e9s de la llegada.)<\/p>\n<p style=\"text-align: center\"><a href=\"https:\/\/cdn-imgix.headout.com\/tour\/23400\/TOUR-IMAGE\/c4088ad1-3a55-4e46-a42f-28d7c9a23783-12201-amsterdam-anne-frank-story-and-neighbourhood-walking-tour-02.jpg\"><img loading=\"lazy\" decoding=\"async\" class=\"aligncenter \" src=\"https:\/\/cdn-imgix.headout.com\/tour\/23400\/TOUR-IMAGE\/c4088ad1-3a55-4e46-a42f-28d7c9a23783-12201-amsterdam-anne-frank-story-and-neighbourhood-walking-tour-02.jpg\" width=\"734\" height=\"458\" \/><\/a><\/p>\n<p><span style=\"font-size: 24px\"><em><span style=\"color: #800080\">\u00abLa riqueza, la guapura, tou puede perdese, pero l&#8217;allegr\u00eda nel to coraz\u00f3n solo puede atenuase, tola vida va faete feliz de nuevu. Intenta, cuando te sientas solu ya infeliz o de mal humor, recuerda&#8217;l clima que volver\u00e1 ser bonu. <strong>Nun mires les cases y los techos, sin\u00f3n el cielu. Mientres puedas mirar al cielu ensin mieu, vas saber que yes puru per dientro y que volver\u00e1s ser feliz<\/strong>.\u00bb<\/span>\u00a0 <\/em><\/span>\u201cDiariu d&#8217;<a href=\"https:\/\/es.wikipedia.org\/wiki\/Ana_Frank\"><strong>Ana Frank<\/strong><\/a>\u201d<\/p>\n<p style=\"text-align: center\">\n<!-- iframe plugin v.6.0 wordpress.org\/plugins\/iframe\/ -->\n<iframe loading=\"lazy\" width=\"100%\" height=\"434\" src=\"https:\/\/www.youtube.com\/embed\/zzxIuin3CBQ\" title=\"Ana Frank | Biograf\u00eda en cuento para ni\u00f1os | Shackleton Kids\" frameborder=\"0\" allow=\"accelerometer; autoplay; clipboard-write; encrypted-media; gyroscope; picture-in-picture; web-share\" referrerpolicy=\"strict-origin-when-cross-origin\" 0=\"allowfullscreen\" 1=\"\/iframe\" scrolling=\"yes\" class=\"iframe-class\"><\/iframe>\n<\/p>\n<p style=\"text-align: center\"><a href=\"https:\/\/blogger.googleusercontent.com\/img\/b\/R29vZ2xl\/AVvXsEjWZZ59c6LFFFiDEEn2l2zZQrN8GkkbcVoS8yp8Bqq5-wX3UOEv8Qtu4u37WnQ9flZ6IZVwBsIwuI9zfsPvyhvmwn3Tvxxsf6roX5Gx0gR76PggyebWLeL_QBD_CP6ZoBF8_UYGrNci90c\/s1600\/A+90+a%25C3%25B1os+del+nacimiento+de+Ana+Frank-1.jpeg\"><img loading=\"lazy\" decoding=\"async\" class=\"aligncenter size-large\" src=\"https:\/\/blogger.googleusercontent.com\/img\/b\/R29vZ2xl\/AVvXsEjWZZ59c6LFFFiDEEn2l2zZQrN8GkkbcVoS8yp8Bqq5-wX3UOEv8Qtu4u37WnQ9flZ6IZVwBsIwuI9zfsPvyhvmwn3Tvxxsf6roX5Gx0gR76PggyebWLeL_QBD_CP6ZoBF8_UYGrNci90c\/s1600\/A+90+a%25C3%25B1os+del+nacimiento+de+Ana+Frank-1.jpeg\" width=\"1200\" height=\"1063\" \/><\/a><\/p>\n<p style=\"text-align: center\">\n<!-- iframe plugin v.6.0 wordpress.org\/plugins\/iframe\/ -->\n<iframe loading=\"lazy\" src=\"https:\/\/www.facebook.com\/plugins\/post.php?href=https%3A%2F%2Fwww.facebook.com%2Falberto.buitragojimenez.7%2Fposts%2Fpfbid0LMQQtBLEpwK33KtMhTX9QgY3wAj1NoRs9bPD6GmT86Srg2sacy3ojwxiL2gf4zgDl&#038;show_text=true&#038;width=500\" width=\"500\" height=\"519\" style=\"border:none;overflow:hidden\" scrolling=\"no\" frameborder=\"0\" allowfullscreen=\"true\" allow=\"autoplay; clipboard-write; encrypted-media; picture-in-picture; web-share\" 0=\"\/iframe\" class=\"iframe-class\"><\/iframe>\n<\/p>\n<div class=\"xdj266r x14z9mp xat24cr x1lziwak x1vvkbs x126k92a\">\n<div dir=\"auto\">Hace hoy 81 a\u00f1os, un 27 de enero de 1945, el ej\u00e9rcito sovi\u00e9tico liberaba el campo de exterminio de Auschwitz-Birkenau, seguramente el peor escenario del horror y el mayor testimonio de degradaci\u00f3n y verg\u00fcenza de la historia de la humanidad.<\/div>\n<div dir=\"auto\">Cuentan que, en un \u00faltimo y sereno acto de dignidad, los jud\u00edos de origen sefard\u00ed cantaban esta hermosa canci\u00f3n mientras eran conducidos a las c\u00e1maras de gas . As\u00ed, voz a voz, se iba rompiendo el silencio y, a un paso de la muerte, hallaban consuelo en el abrazo de la tierra y de la lengua de sus antepasados. Sirva para recordar, y m\u00e1s en estos tiempos, que parecen querer llevarnos por los mismos caminos, a quienes murieron en aquellos malditos campos.<\/div>\n<div dir=\"auto\"><\/div>\n<\/div>\n<div class=\"x14z9mp xat24cr x1lziwak x1vvkbs xtlvy1s x126k92a\">\n<div dir=\"auto\"><em><strong>&#8216;\u201dArvoles lloran por lluvia<\/strong><\/em><\/div>\n<div dir=\"auto\"><em><strong>y monta\u00f1as por aire;<\/strong><\/em><\/div>\n<div dir=\"auto\"><em><strong>ans\u00ed lloran mis ojos<\/strong><\/em><\/div>\n<div dir=\"auto\"><em><strong>por ti querida amante.<\/strong><\/em><\/div>\n<div dir=\"auto\"><em><strong>Lloro y digo qu\u00e9 va ser de m\u00ed,<\/strong><\/em><\/div>\n<div dir=\"auto\"><em><strong>en tierras ajenas yo me vo murir\u201d<\/strong><\/em><\/div>\n<div dir=\"auto\"><\/div>\n<\/div>\n<div dir=\"auto\" style=\"text-align: center\">\n<!-- iframe plugin v.6.0 wordpress.org\/plugins\/iframe\/ -->\n<iframe loading=\"lazy\" width=\"100%\" height=\"444\" src=\"https:\/\/www.youtube.com\/embed\/eht5qMyH5M8\" title=\"Arvoles: A Judeo-Spanish song - Sung by Rabbi Shuviel Maaravi - Art By Esther Polak\" frameborder=\"0\" allow=\"accelerometer; autoplay; clipboard-write; encrypted-media; gyroscope; picture-in-picture; web-share\" referrerpolicy=\"strict-origin-when-cross-origin\" 0=\"allowfullscreen\" 1=\"\/iframe\" scrolling=\"yes\" class=\"iframe-class\"><\/iframe>\n<\/div>\n<div class=\"x14z9mp xat24cr x1lziwak x1vvkbs xtlvy1s x126k92a\">\n<div dir=\"auto\"><span class=\"html-span xdj266r x14z9mp xat24cr x1lziwak xexx8yu xyri2b x18d9i69 x1c1uobl x1hl2dhg x16tdsg8 x1vvkbs\"><a class=\"x1i10hfl xjbqb8w x1ejq31n x18oe1m7 x1sy0etr xstzfhl x972fbf x10w94by x1qhh985 x14e42zd x9f619 x1ypdohk xt0psk2 x3ct3a4 xdj266r x14z9mp xat24cr x1lziwak xexx8yu xyri2b x18d9i69 x1c1uobl x16tdsg8 x1hl2dhg xggy1nq x1a2a7pz xkrqix3 x1sur9pj x1fey0fg x1s688f\" role=\"link\" href=\"https:\/\/www.youtube.com\/watch?v=eht5qMyH5M8&amp;fbclid=IwZXh0bgNhZW0CMTAAYnJpZBExeUxkanROR2kzekhhMnBMYXNydGMGYXBwX2lkEDIyMjAzOTE3ODgyMDA4OTIAAR5gezpT4CpuJ8VgOO-HzAybiU1RdHWXK_XQYYBpWnZqVFTSJvwcjGcIQikljg_aem_60pFvJh0WIHHyQFEl99YgQ\" target=\"_blank\" rel=\"nofollow noopener noreferrer\">https:\/\/www.youtube.com\/watch?v=eht5qMyH5M8<\/a><\/span><\/div>\n<\/div>\n","protected":false},"excerpt":{"rendered":"<p>\u00abHab\u00eda un formosu sol: tou yera claru y tresparente, nam\u00e1 nel coraz\u00f3n de los homes taba escuru.\u00bb Mario Rigoni \/ Ilustraci\u00f3n de Sonia MariaLuce Possentini 27 de xineru, D\u00eda de la Memoria del Holocaustu #Holocausto #NuncaMas #MemoriaHistorica #Auschwitz \u00abL&#8217;Holocaustu ye una p\u00e1xina nel llibru de la humanid\u00e1 de la que nunca vamos tener que quitar [&hellip;]<\/p>\n","protected":false},"author":117,"featured_media":0,"comment_status":"closed","ping_status":"closed","sticky":false,"template":"","format":"standard","meta":{"footnotes":""},"categories":[107,6],"tags":[],"class_list":["post-66896","post","type-post","status-publish","format-standard","hentry","category-aniversariu","category-dia-de"],"_links":{"self":[{"href":"https:\/\/edublog.educastur.es\/ixuxu\/wp-json\/wp\/v2\/posts\/66896","targetHints":{"allow":["GET"]}}],"collection":[{"href":"https:\/\/edublog.educastur.es\/ixuxu\/wp-json\/wp\/v2\/posts"}],"about":[{"href":"https:\/\/edublog.educastur.es\/ixuxu\/wp-json\/wp\/v2\/types\/post"}],"author":[{"embeddable":true,"href":"https:\/\/edublog.educastur.es\/ixuxu\/wp-json\/wp\/v2\/users\/117"}],"replies":[{"embeddable":true,"href":"https:\/\/edublog.educastur.es\/ixuxu\/wp-json\/wp\/v2\/comments?post=66896"}],"version-history":[{"count":8,"href":"https:\/\/edublog.educastur.es\/ixuxu\/wp-json\/wp\/v2\/posts\/66896\/revisions"}],"predecessor-version":[{"id":66906,"href":"https:\/\/edublog.educastur.es\/ixuxu\/wp-json\/wp\/v2\/posts\/66896\/revisions\/66906"}],"wp:attachment":[{"href":"https:\/\/edublog.educastur.es\/ixuxu\/wp-json\/wp\/v2\/media?parent=66896"}],"wp:term":[{"taxonomy":"category","embeddable":true,"href":"https:\/\/edublog.educastur.es\/ixuxu\/wp-json\/wp\/v2\/categories?post=66896"},{"taxonomy":"post_tag","embeddable":true,"href":"https:\/\/edublog.educastur.es\/ixuxu\/wp-json\/wp\/v2\/tags?post=66896"}],"curies":[{"name":"wp","href":"https:\/\/api.w.org\/{rel}","templated":true}]}}