{"id":669,"date":"2020-04-06T10:58:53","date_gmt":"2020-04-06T10:58:53","guid":{"rendered":"https:\/\/edublog.educastur.es\/ixuxu\/?p=669"},"modified":"2020-08-24T22:00:24","modified_gmt":"2020-08-24T22:00:24","slug":"superlluna-rosa-nueche-7-dabril","status":"publish","type":"post","link":"https:\/\/edublog.educastur.es\/ixuxu\/2020\/04\/superlluna-rosa-nueche-7-dabril\/","title":{"rendered":"\u201cSuperlluna rosa\u201d, nueche 7 d\u00b4abril"},"content":{"rendered":"<div class=\"entry\">\n<p>\u00a0<img loading=\"lazy\" decoding=\"async\" class=\"\" src=\"https:\/\/www.infobae.com\/new-resizer\/o3mHdHctUjG6fnit8K9kEsgTAt0=\/750x0\/filters:quality(100)\/arc-anglerfish-arc2-prod-infobae.s3.amazonaws.com\/public\/5WTCW4MYRRGK3ON43NREJEWVWM.jpg\" width=\"361\" height=\"202\" \/><\/p>\n<p><em>Seg\u00fan cient\u00edficos de la NASA, esti fen\u00f3menu asocede cuando\u2019l sat\u00e9lite averar a la Tierra nun 10% o m\u00e1s de lo que xeneralmente lo fai 5 \u2018abril de 2020.<\/em><\/p>\n<p><a href=\"https:\/\/www.codigosanluis.com\/wp-content\/uploads\/2020\/04\/luna-rosa.jpg\" target=\"_blank\" rel=\"noopener noreferrer\"><img loading=\"lazy\" decoding=\"async\" src=\"https:\/\/www.codigosanluis.com\/wp-content\/uploads\/2020\/04\/luna-rosa.jpg\" width=\"380\" height=\"150\" \/><\/a><\/p>\n<p><em><strong>Superluna<\/strong> ye un t\u00e9rminu que s\u2019usa para denominar a esti cuerpu celeste cuando paez ser m\u00e1s grande de lo habitual. Nesti casu na nueche del 7 d\u2019abril de 2020, la lluna va tar a 356,907 km de la Tierra, casi 30.000 kil\u00f3metros m\u00e1s barganal del promediu de 384,400 km de distancia.<\/em><\/p>\n<p><em>Hai qu\u2019esclariar que la lluna non ye rosada sin\u00f3n que se denomina d\u2019esta manera como homenaxe a los colores de la primavera, estaci\u00f3n na qu\u2019asocede l\u2019eventu nel hemisferiu norte.<\/em><\/p>\n<p><em>Nos meses europeos, la lluna llena n\u2019abril ll\u00e1mase \u201cPink Moon\u201d (lluna rosada), un nome que provien del mofu rosa, conoc\u00edu tami\u00e9n como flor de tierra montesa, que nel este d\u2019Estaos Xun\u00edos ye una de les primeres flores que granen en primavera\u201d, esplica la NASA.<\/em><\/p>\n<p><em><br \/>\nSeg\u00fan cient\u00edficos de la NASA, <u>esti fen\u00f3menu asocede cuando\u2019l sat\u00e9lite averar a la Tierra nun 10% o m\u00e1s, de lo que xeneralmente lo fai.<\/u> Angua\u00f1o van asoceder otros dos eventos similares, pero qu\u2019a diferencia d\u2019esta oportunid\u00e1, nun van ser visibles.<\/em><\/p>\n<p><em><u>Tratase de la primer Lluna llena del equinocciu de primavera nel hemisferiu norte<\/u>, o de seronda nel hemisferiu sur. Va Ser la \u00fanica del mes y, cuenta con una fonderada de tradici\u00f3n: para l\u2019astronom\u00eda antigua marcaba l\u2019entamu de la celebraci\u00f3n de Pascua, que de casualid\u00e1 coincide cola xornada que se vive g\u00fcei de Domingo de Ramos, eventu que marca l\u2019entamu d\u2019esta celebraci\u00f3n relixosa.<\/em><\/p>\n<ul>\n<li><a href=\"https:\/\/www.enteratedealgo.net\/naturaleza\/luna-rosa-abril\/\" target=\"_blank\" rel=\"noopener noreferrer\">Ver noticia en <em><strong>Ent\u00e9rateDeAlgo.net<br \/>\n<\/strong><\/em><\/a><\/li>\n<li><a href=\"https:\/\/www.infobae.com\/salud\/ciencia\/2020\/04\/05\/que-es-y-como-ver-la-superluna-rosa-de-abril\/\" target=\"_blank\" rel=\"noopener noreferrer\">Ver noticia en <em><strong>Infobae.com<\/strong><\/em><\/a><\/li>\n<li><a href=\"https:\/\/www.semana.com\/vida-moderna\/articulo\/cuando-y-como-se-puede-ver-la-super-luna-rosa-de-abril\/661771\" target=\"_blank\" rel=\"noopener noreferrer\">Ver noticia en<em><strong> Semana.com<br \/>\n<\/strong><\/em><\/a><\/li>\n<li><a href=\"https:\/\/www.facebook.com\/160515030761367\/posts\/2084180768394774\/?flite=scwspnss&amp;extid=S7PmoCgKrgk8aJhV\" target=\"_blank\" rel=\"noopener noreferrer\">Ver noticia en <em><strong>El tiempo.es<\/strong><\/em><\/a><\/li>\n<li><em><strong><a href=\"https:\/\/www.eltiempo.es\/videos\/actualidad\/la-superluna-rosa-de-abril-cuando-y-como-verla\" target=\"_blank\" rel=\"noopener noreferrer\">Enllaz al video<\/a><br \/>\n<\/strong><\/em><\/li>\n<li><em><strong>Ver <\/strong><\/em><a title=\"\u00abMurano\u00bb, rellatu de Natalia Gonz\u00e1lez Men\u00e9ndez\" href=\"http:\/\/www.formientu.com\/formientudixital\/narrativa\/murano-rellatu-de-natalia-gonzalez-menendez\/\" rel=\"bookmark\">\u00abMurano\u00bb, rellatu de Natalia Glez. Mdez. <\/a><\/li>\n<\/ul>\n<\/div>\n","protected":false},"excerpt":{"rendered":"<p>\u00a0 Seg\u00fan cient\u00edficos de la NASA, esti fen\u00f3menu asocede cuando\u2019l sat\u00e9lite averar a la Tierra nun 10% o m\u00e1s de lo que xeneralmente lo fai 5 \u2018abril de 2020. Superluna ye un t\u00e9rminu que s\u2019usa para denominar a esti cuerpu celeste cuando paez ser m\u00e1s grande de lo habitual. Nesti casu na nueche del 7 [&hellip;]<\/p>\n","protected":false},"author":117,"featured_media":0,"comment_status":"closed","ping_status":"open","sticky":false,"template":"","format":"standard","meta":{"footnotes":""},"categories":[29,4],"tags":[],"class_list":["post-669","post","type-post","status-publish","format-standard","hentry","category-articulos","category-natura"],"_links":{"self":[{"href":"https:\/\/edublog.educastur.es\/ixuxu\/wp-json\/wp\/v2\/posts\/669","targetHints":{"allow":["GET"]}}],"collection":[{"href":"https:\/\/edublog.educastur.es\/ixuxu\/wp-json\/wp\/v2\/posts"}],"about":[{"href":"https:\/\/edublog.educastur.es\/ixuxu\/wp-json\/wp\/v2\/types\/post"}],"author":[{"embeddable":true,"href":"https:\/\/edublog.educastur.es\/ixuxu\/wp-json\/wp\/v2\/users\/117"}],"replies":[{"embeddable":true,"href":"https:\/\/edublog.educastur.es\/ixuxu\/wp-json\/wp\/v2\/comments?post=669"}],"version-history":[{"count":2,"href":"https:\/\/edublog.educastur.es\/ixuxu\/wp-json\/wp\/v2\/posts\/669\/revisions"}],"predecessor-version":[{"id":671,"href":"https:\/\/edublog.educastur.es\/ixuxu\/wp-json\/wp\/v2\/posts\/669\/revisions\/671"}],"wp:attachment":[{"href":"https:\/\/edublog.educastur.es\/ixuxu\/wp-json\/wp\/v2\/media?parent=669"}],"wp:term":[{"taxonomy":"category","embeddable":true,"href":"https:\/\/edublog.educastur.es\/ixuxu\/wp-json\/wp\/v2\/categories?post=669"},{"taxonomy":"post_tag","embeddable":true,"href":"https:\/\/edublog.educastur.es\/ixuxu\/wp-json\/wp\/v2\/tags?post=669"}],"curies":[{"name":"wp","href":"https:\/\/api.w.org\/{rel}","templated":true}]}}